{"id":76388,"date":"2015-12-14T19:07:36","date_gmt":"2015-12-14T22:07:36","guid":{"rendered":"http:\/\/www.24baires.com\/?p=76388"},"modified":"2015-12-15T10:43:40","modified_gmt":"2015-12-15T13:43:40","slug":"a-partir-de-hoy-en-la-argentina-no-va-a-haber-mas-retenciones-a-la-exportacion-industrial","status":"publish","type":"post","link":"http:\/\/www.24baires.com\/?p=76388","title":{"rendered":"\u00abA partir de hoy en la Argentina no va a haber m\u00e1s retenciones a la exportaci\u00f3n industrial\u00bb"},"content":{"rendered":"<p><img data-recalc-dims=\"1\" loading=\"lazy\" decoding=\"async\" class=\"aligncenter size-full wp-image-76389\" src=\"https:\/\/i0.wp.com\/www.24baires.com\/wp-content\/uploads\/2015\/12\/macri-uia.jpg?resize=560%2C374\" alt=\"macri uia\" width=\"560\" height=\"374\" srcset=\"https:\/\/i0.wp.com\/www.24baires.com\/wp-content\/uploads\/2015\/12\/macri-uia.jpg?w=560 560w, https:\/\/i0.wp.com\/www.24baires.com\/wp-content\/uploads\/2015\/12\/macri-uia.jpg?resize=300%2C200 300w\" sizes=\"auto, (max-width: 560px) 100vw, 560px\" \/>El Presidente inform\u00f3 en su discurso en la Convenci\u00f3n de la Uni\u00f3n Industrial Argentina que pondr\u00e1 fin a las retenciones que se aplican a las exportaciones industriales.<!--more--><\/p>\n<p>En los pasillos donde se lleva a cabo la Convenci\u00f3n de la UIA comenz\u00f3 a correr el rumor que el presidente Mauricio Macri podr\u00eda efectuar importantes anuncios m\u00e1s all\u00e1 de la eliminaci\u00f3n las retenciones a las exportaciones industriales, consigna \u00e1mbito.com. Seg\u00fan comentan el l\u00edder de Cambiemos podr\u00eda sorprender al auditorio anunciado cu\u00e1ndo se da de baja el cepo cambiario. Para que esto sea posible el presidente dar\u00eda detalles de c\u00f3mo se fortalecer\u00edan el nivel de reservas del Central.<\/p>\n<p>Para que el fin de cepo se convierta en realidad es condici\u00f3n necesaria tambi\u00e9n el haber concluido satisfactoriamente la negociaci\u00f3n que lleva a cabo el presidente del Banco Central, Federico Sturzenegger con los bancos por el tema del d\u00f3lar futuro.<\/p>\n<p>Es que si este punto sigue trabado no permite liberar los acuerdos alcanzados internacionalmente para abastecer de d\u00f3lares a la entidad monetaria. Cabe recordar que el Central tuvo que vender este lunes 130 millones de d\u00f3lares de una sangr\u00eda que no cesa desde octubre, y que solo en lo que va de diciembre hizo que se vendieran 1.100 millones de d\u00f3lares.<\/p>\n<p>Este lunes fue un d\u00eda con muchos anuncios en materia econ\u00f3mica. La decisi\u00f3n de suprimir las DJAIs y el sistema de informaci\u00f3n que deb\u00edan entregar las empresas; la eliminaci\u00f3n de los subsidios de luz y gas, la eliminaci\u00f3n de las retenciones al agro y la baja de 5 puntos a la soja.<\/p>\n<p>La intenci\u00f3n oficial es no hacer un anuncio global de medidas sino d\u00eda a d\u00eda y desde las distintas carteras ir tomando medidas con un solo prop\u00f3sito que la actividad econ\u00f3mica comience a funcionar.<\/p>\n<p>&nbsp;<\/p>\n<p>&nbsp;<\/p>\n<p>&nbsp;<\/p>\n<p>&nbsp;<\/p>\n<p>&nbsp;<\/p>\n<p>&nbsp;<\/p>\n<p>&nbsp;<\/p>\n<p>&nbsp;<\/p>\n<p>&nbsp;<\/p>\n<p>&nbsp;<\/p>\n<p>&nbsp;<\/p>\n<p>&nbsp;<\/p>\n<p>&nbsp;<\/p>\n<p>&nbsp;<\/p>\n<p>&nbsp;<\/p>\n<p>&nbsp;<\/p>\n","protected":false},"excerpt":{"rendered":"<p>El Presidente inform\u00f3 en su discurso en la Convenci\u00f3n de la Uni\u00f3n Industrial Argentina que pondr\u00e1 fin a las retenciones que se aplican a las exportaciones industriales.<\/p>\n","protected":false},"author":8,"featured_media":0,"comment_status":"open","ping_status":"open","sticky":false,"template":"","format":"standard","meta":{"_jetpack_newsletter_access":"","_jetpack_dont_email_post_to_subs":false,"_jetpack_newsletter_tier_id":0,"_jetpack_memberships_contains_paywalled_content":false,"_jetpack_memberships_contains_paid_content":false,"footnotes":""},"categories":[51],"tags":[],"class_list":["post-76388","post","type-post","status-publish","format-standard","hentry","category-politica"],"jetpack_shortlink":"https:\/\/wp.me\/p2JWE0-jS4","jetpack-related-posts":[{"id":120305,"url":"http:\/\/www.24baires.com\/?p=120305","url_meta":{"origin":76388,"position":0},"title":"Massa anunci\u00f3 el fin de las retenciones para econom\u00edas regionales","author":"AF","date":"24\/07\/2023","format":false,"excerpt":"El ministro de Econom\u00eda y candidato presidencial de UxP critic\u00f3 a los dirigentes de la oposici\u00f3n que hab\u00edan asegurado que se aplicar\u00edan retenciones a \"200 econom\u00edas regionales\". \"Las consignas f\u00e1ciles y lindas para repetir en la tele, son pan para hoy y hambre para ma\u00f1ana\", afirm\u00f3. El ministro de Econom\u00eda\u2026","rel":"","context":"En \u00abPol\u00edtica\u00bb","block_context":{"text":"Pol\u00edtica","link":"http:\/\/www.24baires.com\/?cat=51"},"img":{"alt_text":"","src":"https:\/\/i0.wp.com\/www.24baires.com\/wp-content\/uploads\/2023\/07\/WhatsApp-Image-2023-07-24-at-19.44.07.jpeg?resize=350%2C200","width":350,"height":200,"srcset":"https:\/\/i0.wp.com\/www.24baires.com\/wp-content\/uploads\/2023\/07\/WhatsApp-Image-2023-07-24-at-19.44.07.jpeg?resize=350%2C200 1x, https:\/\/i0.wp.com\/www.24baires.com\/wp-content\/uploads\/2023\/07\/WhatsApp-Image-2023-07-24-at-19.44.07.jpeg?resize=525%2C300 1.5x, https:\/\/i0.wp.com\/www.24baires.com\/wp-content\/uploads\/2023\/07\/WhatsApp-Image-2023-07-24-at-19.44.07.jpeg?resize=700%2C400 2x, https:\/\/i0.wp.com\/www.24baires.com\/wp-content\/uploads\/2023\/07\/WhatsApp-Image-2023-07-24-at-19.44.07.jpeg?resize=1050%2C600 3x"},"classes":[]},{"id":108345,"url":"http:\/\/www.24baires.com\/?p=108345","url_meta":{"origin":76388,"position":1},"title":"\u201cDurante muchos a\u00f1os nuestro pa\u00eds le dio la espalda al mundo y perdimos mercados\u201d","author":"GB","date":"23\/05\/2019","format":false,"excerpt":"El jefe del Estado encabezar\u00e1 el acto de apertura del Foro Argentina Exporta, que se lleva adelante en el Centro de Exposiciones y Convenciones de la ciudad de Buenos Aires. El presidente, Mauricio Macri, protagoniz\u00f3 el acto de apertura del Foro Argentina Exporta y en la oportunidad resalt\u00f3 la creaci\u00f3n\u2026","rel":"","context":"En \u00abPol\u00edtica\u00bb","block_context":{"text":"Pol\u00edtica","link":"http:\/\/www.24baires.com\/?cat=51"},"img":{"alt_text":"","src":"https:\/\/i0.wp.com\/www.24baires.com\/wp-content\/uploads\/2019\/03\/macri-deuda.jpg?resize=350%2C200","width":350,"height":200,"srcset":"https:\/\/i0.wp.com\/www.24baires.com\/wp-content\/uploads\/2019\/03\/macri-deuda.jpg?resize=350%2C200 1x, https:\/\/i0.wp.com\/www.24baires.com\/wp-content\/uploads\/2019\/03\/macri-deuda.jpg?resize=525%2C300 1.5x"},"classes":[]},{"id":122401,"url":"http:\/\/www.24baires.com\/?p=122401","url_meta":{"origin":76388,"position":2},"title":"\u201cEs un robo institucionalizado\u201d, se queja el campo por la vuelta de las retenciones","author":"GB","date":"10\/07\/2025","format":false,"excerpt":"El presidente de CARBAP, Ignacio Kovarsky, cuestion\u00f3 el regreso de las retenciones a las exportaciones de cereles y oleaginosas. Ignacio Kovarsky, el presidente de la Confederaci\u00f3n de Asociaciones Rurales de Buenos Aires y La Pampa (CARBAP), no se guard\u00f3 nada en su paso por los micr\u00f3fonos de Palabras m\u00e1s, palabras\u2026","rel":"","context":"En \u00abEconom\u00eda\u00bb","block_context":{"text":"Econom\u00eda","link":"http:\/\/www.24baires.com\/?cat=45"},"img":{"alt_text":"","src":"https:\/\/i0.wp.com\/www.24baires.com\/wp-content\/uploads\/2025\/07\/caputo.webp?resize=350%2C200","width":350,"height":200,"srcset":"https:\/\/i0.wp.com\/www.24baires.com\/wp-content\/uploads\/2025\/07\/caputo.webp?resize=350%2C200 1x, https:\/\/i0.wp.com\/www.24baires.com\/wp-content\/uploads\/2025\/07\/caputo.webp?resize=525%2C300 1.5x, https:\/\/i0.wp.com\/www.24baires.com\/wp-content\/uploads\/2025\/07\/caputo.webp?resize=700%2C400 2x"},"classes":[]},{"id":104238,"url":"http:\/\/www.24baires.com\/?p=104238","url_meta":{"origin":76388,"position":3},"title":"\u00abSe desataron todas las tormentas juntas\u00bb, dijo Macri","author":"GB","date":"03\/09\/2018","format":false,"excerpt":"En un mensaje grabado que se emiti\u00f3 m\u00e1s de una hora despu\u00e9s de lo anunciado, el Presidente apunt\u00f3 a tres ejes: \"Equilibrio en las cuentas p\u00fablicas, un Estado sin corrupci\u00f3n y trabajo formal\". En un mensaje grabado que se extendi\u00f3 por 25 minutos, una hora despu\u00e9s de lo anunciado, el\u2026","rel":"","context":"En \u00abPol\u00edtica\u00bb","block_context":{"text":"Pol\u00edtica","link":"http:\/\/www.24baires.com\/?cat=51"},"img":{"alt_text":"","src":"https:\/\/i0.wp.com\/www.24baires.com\/wp-content\/uploads\/2018\/05\/macri-olivos.jpg?resize=350%2C200","width":350,"height":200,"srcset":"https:\/\/i0.wp.com\/www.24baires.com\/wp-content\/uploads\/2018\/05\/macri-olivos.jpg?resize=350%2C200 1x, https:\/\/i0.wp.com\/www.24baires.com\/wp-content\/uploads\/2018\/05\/macri-olivos.jpg?resize=525%2C300 1.5x"},"classes":[]},{"id":107624,"url":"http:\/\/www.24baires.com\/?p=107624","url_meta":{"origin":76388,"position":4},"title":"Productores de peras, manzanas y c\u00edtricos realizar\u00e1n un frutazo en Buenos Aires","author":"AF","date":"11\/04\/2019","format":false,"excerpt":"Agricultores representados por la Federaci\u00f3n Productores de Frutas de R\u00edo Negro y Neuqu\u00e9n, en conjunto con la Federaci\u00f3n del Citrus de Entre R\u00edos, preparan un frutazo para el pr\u00f3ximo 23 de abril en la Ciudad de Buenos Aires. El frutazo ya tiene fecha y lugar. Ser\u00e1 el 23 de abril\u2026","rel":"","context":"En \u00abSociedad\u00bb","block_context":{"text":"Sociedad","link":"http:\/\/www.24baires.com\/?cat=1"},"img":{"alt_text":"","src":"https:\/\/i0.wp.com\/www.24baires.com\/wp-content\/uploads\/2013\/04\/donaci%C3%B3n-frutihort%C3%ADcola.jpg?resize=350%2C200","width":350,"height":200,"srcset":"https:\/\/i0.wp.com\/www.24baires.com\/wp-content\/uploads\/2013\/04\/donaci%C3%B3n-frutihort%C3%ADcola.jpg?resize=350%2C200 1x, https:\/\/i0.wp.com\/www.24baires.com\/wp-content\/uploads\/2013\/04\/donaci%C3%B3n-frutihort%C3%ADcola.jpg?resize=525%2C300 1.5x"},"classes":[]},{"id":111383,"url":"http:\/\/www.24baires.com\/?p=111383","url_meta":{"origin":76388,"position":5},"title":"Alberto Fern\u00e1ndez: \u00abCuando critico a Macri me responde el FMI\u00bb","author":"AF","date":"30\/07\/2019","format":false,"excerpt":"El precandidato presidencial del Frente de Todos visit\u00f3 este martes Paran\u00e1, Entre R\u00edos, y critic\u00f3 al Gobierno en una conferencia de prensa.\"La ca\u00edda del consumo deber\u00eda avergonzarlos\", destac\u00f3. El precandidato presidencial del Frente de Todos, Alberto Fern\u00e1ndez, visit\u00f3 este martes Paran\u00e1, Entre R\u00edos, donde respondi\u00f3 preguntas de periodistas en el\u2026","rel":"","context":"En \u00abPol\u00edtica\u00bb","block_context":{"text":"Pol\u00edtica","link":"http:\/\/www.24baires.com\/?cat=51"},"img":{"alt_text":"","src":"https:\/\/i0.wp.com\/www.24baires.com\/wp-content\/uploads\/2019\/06\/fern%C3%A1ndezz.jpg?resize=350%2C200","width":350,"height":200,"srcset":"https:\/\/i0.wp.com\/www.24baires.com\/wp-content\/uploads\/2019\/06\/fern%C3%A1ndezz.jpg?resize=350%2C200 1x, https:\/\/i0.wp.com\/www.24baires.com\/wp-content\/uploads\/2019\/06\/fern%C3%A1ndezz.jpg?resize=525%2C300 1.5x"},"classes":[]}],"jetpack_sharing_enabled":true,"jetpack_likes_enabled":true,"jetpack_featured_media_url":"","_links":{"self":[{"href":"http:\/\/www.24baires.com\/index.php?rest_route=\/wp\/v2\/posts\/76388","targetHints":{"allow":["GET"]}}],"collection":[{"href":"http:\/\/www.24baires.com\/index.php?rest_route=\/wp\/v2\/posts"}],"about":[{"href":"http:\/\/www.24baires.com\/index.php?rest_route=\/wp\/v2\/types\/post"}],"author":[{"embeddable":true,"href":"http:\/\/www.24baires.com\/index.php?rest_route=\/wp\/v2\/users\/8"}],"replies":[{"embeddable":true,"href":"http:\/\/www.24baires.com\/index.php?rest_route=%2Fwp%2Fv2%2Fcomments&post=76388"}],"version-history":[{"count":1,"href":"http:\/\/www.24baires.com\/index.php?rest_route=\/wp\/v2\/posts\/76388\/revisions"}],"predecessor-version":[{"id":76390,"href":"http:\/\/www.24baires.com\/index.php?rest_route=\/wp\/v2\/posts\/76388\/revisions\/76390"}],"wp:attachment":[{"href":"http:\/\/www.24baires.com\/index.php?rest_route=%2Fwp%2Fv2%2Fmedia&parent=76388"}],"wp:term":[{"taxonomy":"category","embeddable":true,"href":"http:\/\/www.24baires.com\/index.php?rest_route=%2Fwp%2Fv2%2Fcategories&post=76388"},{"taxonomy":"post_tag","embeddable":true,"href":"http:\/\/www.24baires.com\/index.php?rest_route=%2Fwp%2Fv2%2Ftags&post=76388"}],"curies":[{"name":"wp","href":"https:\/\/api.w.org\/{rel}","templated":true}]}}