{"id":76379,"date":"2015-12-14T18:06:28","date_gmt":"2015-12-14T21:06:28","guid":{"rendered":"http:\/\/www.24baires.com\/?p=76379"},"modified":"2015-12-14T18:06:28","modified_gmt":"2015-12-14T21:06:28","slug":"maximo-respondio-de-la-rebelion-fiscal-pasamos-a-pagar-impuestos-con-alegria","status":"publish","type":"post","link":"http:\/\/www.24baires.com\/?p=76379","title":{"rendered":"M\u00e1ximo respondi\u00f3: \u00abDe la rebeli\u00f3n fiscal pasamos a pagar impuestos con alegr\u00eda\u00bb"},"content":{"rendered":"<p><img data-recalc-dims=\"1\" loading=\"lazy\" decoding=\"async\" class=\"aligncenter wp-image-69855 size-full\" src=\"https:\/\/i0.wp.com\/www.24baires.com\/wp-content\/uploads\/2015\/07\/m%C3%A1ximo-kirchner.jpg?resize=560%2C314\" alt=\"m\u00e1ximo kirchner\" width=\"560\" height=\"314\" srcset=\"https:\/\/i0.wp.com\/www.24baires.com\/wp-content\/uploads\/2015\/07\/m%C3%A1ximo-kirchner.jpg?w=560 560w, https:\/\/i0.wp.com\/www.24baires.com\/wp-content\/uploads\/2015\/07\/m%C3%A1ximo-kirchner.jpg?resize=300%2C168 300w\" sizes=\"auto, (max-width: 560px) 100vw, 560px\" \/>El diputado del Frente para la Victoria (FpV), M\u00e1ximo Kirchner, se refiri\u00f3 a lo que dijo el presidente Mauricio Macri sobre pagar el impuesto a las ganancias con alegr\u00eda y dijo que antes llamaban a no pagarlos y hacer una rebeli\u00f3n fiscal. <!--more--><\/p>\n<p>\u00abHay varias aristas en lo de las retenciones: por un lado, las retenciones a la soja que anunci\u00f3 son m\u00e1s altas que las que impon\u00eda el gobierno hasta noviembre de 2007, que eran de un 17 por ciento y, por otro, aquellas provincias, regiones, municipios en incluso la Naci\u00f3n que ten\u00edan planeadas obras van a contar con un 5 por ciento menos de fondos que ven\u00edan de las retenciones a la soja\u00bb, explic\u00f3 Kirchner.<\/p>\n<p>Adem\u00e1s, el diputado se refiri\u00f3 a lo que dijo Macri de pagar el impuesto a las ganancias con alegr\u00eda: \u00abHabl\u00f3 de alegr\u00eda cuando antes hablaban de hacer una revoluci\u00f3n, de no pagarlos. Con tal de hacerse del gobierno da\u00f1aron fuertemente la econom\u00eda del pa\u00eds: habr\u00edamos tenido otros ingresos. Por lo cual es todo bastante contradictorio en base a una impunidad medi\u00e1tica nunca antes vista\u00bb.<\/p>\n<p>Por otro lado, el hijo de la ex presidenta se refiri\u00f3 a cual ser\u00e1 la futura conducci\u00f3n del peronismo. \u00abEl peronismo va a encontrar la forma de reorganizarse. Hacer futurolog\u00eda en ese sentido es complicado. Quien conduce el espacio o, por lo menos el m\u00edo, es Cristina y esto se vio el 9. Puede que ellos quieran elegir qu\u00e9 peronismo quieren de oposici\u00f3n. Quiz\u00e1s un peronismo educado como necesita el presidente\u00bb.<\/p>\n<p>Luego volvi\u00f3 a hablar de una contradicci\u00f3n en el nuevo oficialismo que antes defend\u00eda la independencia de las instituciones y ahora quiere echar a la procuradora Alejandra Gils Carb\u00f3. \u00abEsto es lo que dec\u00eda de la contradicci\u00f3n entre lo que hac\u00edan y lo que hacen ahora. Hay un b\u00fasqueda de hacerse un lugar. Creo que hay un solicitud por parte del grupo Clar\u00edn y una estatregia del partido judicial. Creo que est\u00e1n totalmente equivocados. Yo, en estos casos, siempre me acuerdo del caso del Banco Central en el que ped\u00edan su independencia\u00bb, agreg\u00f3.<\/p>\n<p>Por \u00faltimo, habl\u00f3 de los decretos de necesidad y urgencia que firm\u00f3 Macri en estos d\u00edas y se\u00f1al\u00f3: \u00abYo creo que por lo menos se van a observar. Despu\u00e9s si quieren presentar sus proyectos que los presenten. Se est\u00e1n llevando puesto todo\u00bb.<\/p>\n<p>&nbsp;<\/p>\n<p>&nbsp;<\/p>\n<p>&nbsp;<\/p>\n<p>&nbsp;<\/p>\n<p>&nbsp;<\/p>\n<p>&nbsp;<\/p>\n<p>&nbsp;<\/p>\n<p>&nbsp;<\/p>\n<p>&nbsp;<\/p>\n<p>&nbsp;<\/p>\n<p>&nbsp;<\/p>\n<p>&nbsp;<\/p>\n<p>&nbsp;<\/p>\n<p>&nbsp;<\/p>\n","protected":false},"excerpt":{"rendered":"<p>El diputado del Frente para la Victoria (FpV), M\u00e1ximo Kirchner, se refiri\u00f3 a lo que dijo el presidente Mauricio Macri sobre pagar el impuesto a las ganancias con alegr\u00eda y dijo que antes llamaban a no pagarlos y hacer una rebeli\u00f3n fiscal.<\/p>\n","protected":false},"author":8,"featured_media":0,"comment_status":"open","ping_status":"open","sticky":false,"template":"","format":"standard","meta":{"_jetpack_newsletter_access":"","_jetpack_dont_email_post_to_subs":false,"_jetpack_newsletter_tier_id":0,"_jetpack_memberships_contains_paywalled_content":false,"_jetpack_memberships_contains_paid_content":false,"footnotes":""},"categories":[51],"tags":[],"class_list":["post-76379","post","type-post","status-publish","format-standard","hentry","category-politica"],"jetpack_shortlink":"https:\/\/wp.me\/p2JWE0-jRV","jetpack-related-posts":[{"id":121124,"url":"http:\/\/www.24baires.com\/?p=121124","url_meta":{"origin":76379,"position":0},"title":"Milei sali\u00f3 a bancar la rebeli\u00f3n fiscal en la Provincia","author":"GB","date":"18\/03\/2024","format":false,"excerpt":"El Presidente Javier Milei respald\u00f3 un pedido para dejar de pagar impuestos en la provincia de Buenos Aires. Reacci\u00f3n del peronismo. La idea de \"fundir\" a las provincias, elaborada por el presidente Javier Milei como \"vendetta\" ante la ca\u00edda de la Ley Bases, parece tan vigente como el primer d\u00eda.\u2026","rel":"","context":"En \u00abPol\u00edtica\u00bb","block_context":{"text":"Pol\u00edtica","link":"http:\/\/www.24baires.com\/?cat=51"},"img":{"alt_text":"","src":"https:\/\/i0.wp.com\/www.24baires.com\/wp-content\/uploads\/2024\/01\/javier-milei.jpg?resize=350%2C200","width":350,"height":200,"srcset":"https:\/\/i0.wp.com\/www.24baires.com\/wp-content\/uploads\/2024\/01\/javier-milei.jpg?resize=350%2C200 1x, https:\/\/i0.wp.com\/www.24baires.com\/wp-content\/uploads\/2024\/01\/javier-milei.jpg?resize=525%2C300 1.5x, https:\/\/i0.wp.com\/www.24baires.com\/wp-content\/uploads\/2024\/01\/javier-milei.jpg?resize=700%2C400 2x"},"classes":[]},{"id":112316,"url":"http:\/\/www.24baires.com\/?p=112316","url_meta":{"origin":76379,"position":1},"title":"La Corte fall\u00f3 contra Macri y ordena compensar a las provincias por IVA y Ganancias","author":"AF","date":"01\/10\/2019","format":false,"excerpt":"El m\u00e1ximo tribunal estableci\u00f3 que la reducci\u00f3n del IVA y del Impuesto a las Ganancias dispuesta por Mauricio Macri tras su derrota en las PASO no puede afectar los fondos de coparticipaci\u00f3n que corresponden a las provincias. Dispuso que el Estado nacional se haga cargo de los costos fiscales. La\u2026","rel":"","context":"En \u00abJUDICIALES\u00bb","block_context":{"text":"JUDICIALES","link":"http:\/\/www.24baires.com\/?cat=68"},"img":{"alt_text":"","src":"https:\/\/i0.wp.com\/www.24baires.com\/wp-content\/uploads\/2019\/08\/macri.png?resize=350%2C200","width":350,"height":200,"srcset":"https:\/\/i0.wp.com\/www.24baires.com\/wp-content\/uploads\/2019\/08\/macri.png?resize=350%2C200 1x, https:\/\/i0.wp.com\/www.24baires.com\/wp-content\/uploads\/2019\/08\/macri.png?resize=525%2C300 1.5x"},"classes":[]},{"id":88272,"url":"http:\/\/www.24baires.com\/?p=88272","url_meta":{"origin":76379,"position":2},"title":"El Gobierno admiti\u00f3 que no podr\u00e1 bajar las retenciones a la soja en 2017 como hab\u00eda prometido","author":"GB","date":"03\/10\/2016","format":false,"excerpt":"Reci\u00e9n habr\u00e1 una quita gradual del impuesto a partir de enero del 2018, a pesar de la promesa de realizar una rebaja del 5% para este a\u00f1o. El ministro de Agroindustria, Ricardo Buryaile, brind\u00f3 una conferencia de prensa para anunciar que el Gobierno no podr\u00e1 cumplir la promesa de la\u2026","rel":"","context":"En \u00abEconom\u00eda\u00bb","block_context":{"text":"Econom\u00eda","link":"http:\/\/www.24baires.com\/?cat=45"},"img":{"alt_text":"","src":"","width":0,"height":0},"classes":[]},{"id":120484,"url":"http:\/\/www.24baires.com\/?p=120484","url_meta":{"origin":76379,"position":3},"title":"Ganancias: el oficialismo consigui\u00f3 dictamen de mayor\u00eda","author":"AF","date":"18\/09\/2023","format":false,"excerpt":"El proyecto del Gobierno impulsado por Sergio Massa logr\u00f3 el apoyo de sectores de la oposici\u00f3n. El oficialismo lo tratar\u00e1 este martes en el recinto. Con el apoyo de sectores de la oposici\u00f3n, el oficialismo logr\u00f3 emitir un dictamen de mayor\u00eda en la Comisi\u00f3n de Presupuesto sobre el proyecto de\u2026","rel":"","context":"En \u00abEconom\u00eda\u00bb","block_context":{"text":"Econom\u00eda","link":"http:\/\/www.24baires.com\/?cat=45"},"img":{"alt_text":"","src":"https:\/\/i0.wp.com\/www.24baires.com\/wp-content\/uploads\/2023\/09\/WhatsApp-Image-2023-09-18-at-22.39.55.jpeg?resize=350%2C200","width":350,"height":200,"srcset":"https:\/\/i0.wp.com\/www.24baires.com\/wp-content\/uploads\/2023\/09\/WhatsApp-Image-2023-09-18-at-22.39.55.jpeg?resize=350%2C200 1x, https:\/\/i0.wp.com\/www.24baires.com\/wp-content\/uploads\/2023\/09\/WhatsApp-Image-2023-09-18-at-22.39.55.jpeg?resize=525%2C300 1.5x"},"classes":[]},{"id":104519,"url":"http:\/\/www.24baires.com\/?p=104519","url_meta":{"origin":76379,"position":4},"title":"Para los acreedores no hay \u00abd\u00e9ficit cero\u00bb","author":"AF","date":"17\/09\/2018","format":false,"excerpt":"La partida para el pago de la deuda es la de mayor crecimiento del Presupuesto 2019. Duplicar\u00e1 a las destinadas a todos los subsidios destinados a transporte y energ\u00eda. Sin posibilidad de mostrar n\u00fameros positivos en t\u00e9rminos de \"pobreza cero\" ni inclusi\u00f3n ni desarrollo social o industrial, el ministro de\u2026","rel":"","context":"En \u00abEconom\u00eda\u00bb","block_context":{"text":"Econom\u00eda","link":"http:\/\/www.24baires.com\/?cat=45"},"img":{"alt_text":"","src":"https:\/\/i0.wp.com\/www.24baires.com\/wp-content\/uploads\/2015\/04\/fmi.jpg?resize=350%2C200","width":350,"height":200,"srcset":"https:\/\/i0.wp.com\/www.24baires.com\/wp-content\/uploads\/2015\/04\/fmi.jpg?resize=350%2C200 1x, https:\/\/i0.wp.com\/www.24baires.com\/wp-content\/uploads\/2015\/04\/fmi.jpg?resize=525%2C300 1.5x"},"classes":[]},{"id":117326,"url":"http:\/\/www.24baires.com\/?p=117326","url_meta":{"origin":76379,"position":5},"title":"Amplio respaldo en Diputados para la reforma de Ganancias","author":"AF","date":"18\/03\/2021","format":false,"excerpt":"La iniciativa obtuvo dictamen favorable en un plenario de comisiones y el oficialismo aspira a votar la iniciativa en una sesi\u00f3n especial la pr\u00f3xima semana. A partir de la modificaci\u00f3n en el impuesto habr\u00e1 m\u00e1s de 1,2 mill\u00f3n de trabajadores que estar\u00e1n exentos de pagar el tributo si cobran hasta\u2026","rel":"","context":"En \u00abPol\u00edtica\u00bb","block_context":{"text":"Pol\u00edtica","link":"http:\/\/www.24baires.com\/?cat=51"},"img":{"alt_text":"","src":"https:\/\/i0.wp.com\/www.24baires.com\/wp-content\/uploads\/2021\/03\/6048258225b66_1004x565.jpg?resize=350%2C200","width":350,"height":200,"srcset":"https:\/\/i0.wp.com\/www.24baires.com\/wp-content\/uploads\/2021\/03\/6048258225b66_1004x565.jpg?resize=350%2C200 1x, https:\/\/i0.wp.com\/www.24baires.com\/wp-content\/uploads\/2021\/03\/6048258225b66_1004x565.jpg?resize=525%2C300 1.5x"},"classes":[]}],"jetpack_sharing_enabled":true,"jetpack_likes_enabled":true,"jetpack_featured_media_url":"","_links":{"self":[{"href":"http:\/\/www.24baires.com\/index.php?rest_route=\/wp\/v2\/posts\/76379","targetHints":{"allow":["GET"]}}],"collection":[{"href":"http:\/\/www.24baires.com\/index.php?rest_route=\/wp\/v2\/posts"}],"about":[{"href":"http:\/\/www.24baires.com\/index.php?rest_route=\/wp\/v2\/types\/post"}],"author":[{"embeddable":true,"href":"http:\/\/www.24baires.com\/index.php?rest_route=\/wp\/v2\/users\/8"}],"replies":[{"embeddable":true,"href":"http:\/\/www.24baires.com\/index.php?rest_route=%2Fwp%2Fv2%2Fcomments&post=76379"}],"version-history":[{"count":1,"href":"http:\/\/www.24baires.com\/index.php?rest_route=\/wp\/v2\/posts\/76379\/revisions"}],"predecessor-version":[{"id":76380,"href":"http:\/\/www.24baires.com\/index.php?rest_route=\/wp\/v2\/posts\/76379\/revisions\/76380"}],"wp:attachment":[{"href":"http:\/\/www.24baires.com\/index.php?rest_route=%2Fwp%2Fv2%2Fmedia&parent=76379"}],"wp:term":[{"taxonomy":"category","embeddable":true,"href":"http:\/\/www.24baires.com\/index.php?rest_route=%2Fwp%2Fv2%2Fcategories&post=76379"},{"taxonomy":"post_tag","embeddable":true,"href":"http:\/\/www.24baires.com\/index.php?rest_route=%2Fwp%2Fv2%2Ftags&post=76379"}],"curies":[{"name":"wp","href":"https:\/\/api.w.org\/{rel}","templated":true}]}}