{"id":76376,"date":"2015-12-14T17:00:02","date_gmt":"2015-12-14T20:00:02","guid":{"rendered":"http:\/\/www.24baires.com\/?p=76376"},"modified":"2015-12-14T16:10:47","modified_gmt":"2015-12-14T19:10:47","slug":"baradel-reclama-elevar-el-presupuesto-para-la-educacion","status":"publish","type":"post","link":"http:\/\/www.24baires.com\/?p=76376","title":{"rendered":"Baradel reclama elevar el presupuesto para la educaci\u00f3n"},"content":{"rendered":"<p><img data-recalc-dims=\"1\" loading=\"lazy\" decoding=\"async\" src=\"https:\/\/i0.wp.com\/www.24baires.com\/wp-content\/uploads\/2014\/03\/Baradel.jpg?resize=260%2C173\" alt=\"Baradel\" width=\"260\" height=\"173\" class=\"alignleft size-full wp-image-42833\" \/>El secretario general de SUTEBA volvi\u00f3 a reclamar que el presidente Mauricio Macri aumente al 10 % del PBI en presupuesto para la educaci\u00f3n en todo el pa\u00eds. En este sentido, consider\u00f3 que las inversiones son \u00abinsuficientes\u00bb.<!--more--><\/p>\n<p>El dirigente docente de CTERA y l\u00edder del SUTEBA, Roberto Baradel, insisti\u00f3 este lunes en reclamar al gobierno de Mauricio Macri que eleve al 10% del PBI el presupuesto para educaci\u00f3n en todo el pa\u00eds.<\/p>\n<p>\u00abDicen que se invirti\u00f3 mucho pero no se modific\u00f3 el 6% que es una cifra alta. Fue importante como avance, pero es insuficiente para las escuelas de jornadas completas, para la secundaria obligatoria, la universalizaci\u00f3n del nivel inicial y para dotar a las escuelas para que est\u00e9n en mejores condiciones\u00bb, enfatiz\u00f3 el gremialista.<br \/>\nAsimismo, reiter\u00f3 que desde los gremios de maestros impulsan un proyecto de ley para presentar en la C\u00e1mara de Diputados que prev\u00e9 un aumento al 10% el PBI para inversi\u00f3n en la educaci\u00f3n. Sobre este tema dialogaron los sindicatos en la primera reuni\u00f3n cara a cara con el nuevo ministro de Educaci\u00f3n nacional, Esteban Bulrrich.<\/p>\n<p>\u00abFuimos muy claros con el ministro la necesidad de la continuidad de las pol\u00edticas educativas y socio-educativas que se implementaron en el \u00e1rea de educaci\u00f3n, con el Plan Nacional de Formaci\u00f3n Docente, que forma y capacita a los docentes de todo el pa\u00eds, planteamos el tema de la infraestructura, el acento en el nivel inicial y en la escuela secundaria, y planteamos una nueva ley de financiamiento educativo\u00bb, record\u00f3 Baradel.<\/p>\n<p>\u00abCuando expresamos nuestras preocupaciones, \u00e9l (por Bullrich) plante\u00f3 que reci\u00e9n en una semana podr\u00eda darnos precisiones porque faltan definir las medidas econ\u00f3micas que implementar\u00e1 en Gobierno nacional\u00bb, agreg\u00f3.<\/p>\n","protected":false},"excerpt":{"rendered":"<p>El secretario general de SUTEBA volvi\u00f3 a reclamar que el presidente Mauricio Macri aumente al 10 % del PBI en presupuesto para la educaci\u00f3n en todo el pa\u00eds. En este sentido, consider\u00f3 que las inversiones son \u00abinsuficientes\u00bb.<\/p>\n","protected":false},"author":8,"featured_media":0,"comment_status":"open","ping_status":"open","sticky":false,"template":"","format":"standard","meta":{"_jetpack_newsletter_access":"","_jetpack_dont_email_post_to_subs":false,"_jetpack_newsletter_tier_id":0,"_jetpack_memberships_contains_paywalled_content":false,"_jetpack_memberships_contains_paid_content":false,"footnotes":""},"categories":[51],"tags":[],"class_list":["post-76376","post","type-post","status-publish","format-standard","hentry","category-politica"],"jetpack_shortlink":"https:\/\/wp.me\/p2JWE0-jRS","jetpack-related-posts":[{"id":94467,"url":"http:\/\/www.24baires.com\/?p=94467","url_meta":{"origin":76376,"position":0},"title":"Baradel a Macri: \u00abMafia es evadir con cuentas en el exterior\u00bb","author":"AF","date":"12\/05\/2017","format":false,"excerpt":"El titular de Suteba, Roberto Baradel, le respondi\u00f3 al presidente Mauricio Macri, quien este jueves asegur\u00f3 que \"algunos gremios docentes tienen actitudes mafiosas\". Adem\u00e1s, volvi\u00f3 a reclamar el pago de los d\u00edas descontados por paro. Con los chicos en el aula, tal como lo reclam\u00f3 la Provincia, los gremios docentes\u2026","rel":"","context":"En \u00abSociedad\u00bb","block_context":{"text":"Sociedad","link":"http:\/\/www.24baires.com\/?cat=1"},"img":{"alt_text":"","src":"https:\/\/i0.wp.com\/www.24baires.com\/wp-content\/uploads\/2012\/12\/baradel-declaraciones.jpg?resize=350%2C200","width":350,"height":200,"srcset":"https:\/\/i0.wp.com\/www.24baires.com\/wp-content\/uploads\/2012\/12\/baradel-declaraciones.jpg?resize=350%2C200 1x, https:\/\/i0.wp.com\/www.24baires.com\/wp-content\/uploads\/2012\/12\/baradel-declaraciones.jpg?resize=525%2C300 1.5x"},"classes":[]},{"id":100343,"url":"http:\/\/www.24baires.com\/?p=100343","url_meta":{"origin":76376,"position":1},"title":"Baradel: \u00abNo vamos a aceptar de ninguna manera un techo salarial\u00bb","author":"GB","date":"03\/02\/2018","format":false,"excerpt":"El titular de Suteba le reclam\u00f3 a Vidal que convoque a paritarias \"libres y sin techo\" y la acus\u00f3 de \"dilatar los plazos\". El titular del Sindicato Unificado de Trabajadores de la Educaci\u00f3n (Suteba), Roberto Baradel, advirti\u00f3 que los gremios docentes no aceptar\u00e1n el techo salarial de 15 por ciento\u2026","rel":"","context":"En \u00abPol\u00edtica\u00bb","block_context":{"text":"Pol\u00edtica","link":"http:\/\/www.24baires.com\/?cat=51"},"img":{"alt_text":"","src":"https:\/\/i0.wp.com\/www.24baires.com\/wp-content\/uploads\/2014\/03\/Baradel.jpg?resize=350%2C200","width":350,"height":200},"classes":[]},{"id":113367,"url":"http:\/\/www.24baires.com\/?p=113367","url_meta":{"origin":76376,"position":2},"title":"Baradel celebr\u00f3 que vuelva la paritaria nacional docente","author":"GB","date":"12\/12\/2019","format":false,"excerpt":"El secretario general del Sindicato \u00danico de Trabajadores de la Educaci\u00f3n de Buenos Aires (Suteba), Roberto Baradel, celebr\u00f3 hoy que el gobierno nacional restituya la paritaria nacional docente, una instancia de negociaci\u00f3n con fuerza de ley que fue clausurada por decreto durante la administraci\u00f3n de Mauricio Macri. El dirigente gremial\u2026","rel":"","context":"En \u00abProvincia\u00bb","block_context":{"text":"Provincia","link":"http:\/\/www.24baires.com\/?cat=40"},"img":{"alt_text":"","src":"https:\/\/i0.wp.com\/www.24baires.com\/wp-content\/uploads\/2018\/09\/baradel.jpg?resize=350%2C200","width":350,"height":200,"srcset":"https:\/\/i0.wp.com\/www.24baires.com\/wp-content\/uploads\/2018\/09\/baradel.jpg?resize=350%2C200 1x, https:\/\/i0.wp.com\/www.24baires.com\/wp-content\/uploads\/2018\/09\/baradel.jpg?resize=525%2C300 1.5x"},"classes":[]},{"id":54867,"url":"http:\/\/www.24baires.com\/?p=54867","url_meta":{"origin":76376,"position":3},"title":"Docentes bonaerenses contin\u00faan recolectando firmas para m\u00e1s presupuesto","author":"AF","date":"06\/10\/2014","format":false,"excerpt":"Los maestros del Frente Gremial Docente bonaerense que comandan FEB y Suteba continuar\u00e1n esta semana con la campa\u00f1a de firmas para exigir a la Provincia un incremento en el presupuesto destinado a educaci\u00f3n. El jueves pasado el Frente Gremial Docente (FEB, Suteba, Amet, UDA y Sadop) lanz\u00f3 una campa\u00f1a de\u2026","rel":"","context":"En \u00abSociedad\u00bb","block_context":{"text":"Sociedad","link":"http:\/\/www.24baires.com\/?cat=1"},"img":{"alt_text":"baradel denuncia inspectores","src":"https:\/\/i0.wp.com\/www.24baires.com\/wp-content\/uploads\/2013\/05\/baradel-denuncia-inspectores.jpg?resize=350%2C200","width":350,"height":200,"srcset":"https:\/\/i0.wp.com\/www.24baires.com\/wp-content\/uploads\/2013\/05\/baradel-denuncia-inspectores.jpg?resize=350%2C200 1x, https:\/\/i0.wp.com\/www.24baires.com\/wp-content\/uploads\/2013\/05\/baradel-denuncia-inspectores.jpg?resize=525%2C300 1.5x"},"classes":[]},{"id":113937,"url":"http:\/\/www.24baires.com\/?p=113937","url_meta":{"origin":76376,"position":4},"title":"Baradel avis\u00f3 que los docentes quieren un aumento que supere la inflaci\u00f3n","author":"GB","date":"28\/01\/2020","format":false,"excerpt":"El titular de Suteba resalt\u00f3 que no pretenden una cifra concreta de aumento, aunque s\u00ed m\u00e1s que la cl\u00e1usula gatillo. El secretario general del Sindicato \u00danico de Trabajadores de la Educaci\u00f3n de la provincia de Buenos Aires (Suteba), Roberto Baradel, destac\u00f3 que los docentes quieren mejoras en el salario b\u00e1sico\u2026","rel":"","context":"En \u00abProvincia\u00bb","block_context":{"text":"Provincia","link":"http:\/\/www.24baires.com\/?cat=40"},"img":{"alt_text":"","src":"https:\/\/i0.wp.com\/www.24baires.com\/wp-content\/uploads\/2018\/10\/baradel.jpg?resize=350%2C200","width":350,"height":200,"srcset":"https:\/\/i0.wp.com\/www.24baires.com\/wp-content\/uploads\/2018\/10\/baradel.jpg?resize=350%2C200 1x, https:\/\/i0.wp.com\/www.24baires.com\/wp-content\/uploads\/2018\/10\/baradel.jpg?resize=525%2C300 1.5x"},"classes":[]},{"id":98596,"url":"http:\/\/www.24baires.com\/?p=98596","url_meta":{"origin":76376,"position":5},"title":"Suteba y Udocba rechazan al operativo Aprender","author":"GB","date":"07\/11\/2017","format":false,"excerpt":"Baradel y D\u00edaz, titulares de esos gremios docentes, criticaron al macrismo por no usar los resultados para buscar estrategias para mejorar la educaci\u00f3n. Los gremios docentes Suteba y Udocba manifestaron su rechazo al operativo Aprender que realiza hoy el Gobierno nacional en escuelas primarias y secundarias de todo el pa\u00eds\u2026","rel":"","context":"En \u00abProvincia\u00bb","block_context":{"text":"Provincia","link":"http:\/\/www.24baires.com\/?cat=40"},"img":{"alt_text":"","src":"https:\/\/i0.wp.com\/www.24baires.com\/wp-content\/uploads\/2017\/10\/docentes-prov.jpg?resize=350%2C200","width":350,"height":200,"srcset":"https:\/\/i0.wp.com\/www.24baires.com\/wp-content\/uploads\/2017\/10\/docentes-prov.jpg?resize=350%2C200 1x, https:\/\/i0.wp.com\/www.24baires.com\/wp-content\/uploads\/2017\/10\/docentes-prov.jpg?resize=525%2C300 1.5x"},"classes":[]}],"jetpack_sharing_enabled":true,"jetpack_likes_enabled":true,"jetpack_featured_media_url":"","_links":{"self":[{"href":"http:\/\/www.24baires.com\/index.php?rest_route=\/wp\/v2\/posts\/76376","targetHints":{"allow":["GET"]}}],"collection":[{"href":"http:\/\/www.24baires.com\/index.php?rest_route=\/wp\/v2\/posts"}],"about":[{"href":"http:\/\/www.24baires.com\/index.php?rest_route=\/wp\/v2\/types\/post"}],"author":[{"embeddable":true,"href":"http:\/\/www.24baires.com\/index.php?rest_route=\/wp\/v2\/users\/8"}],"replies":[{"embeddable":true,"href":"http:\/\/www.24baires.com\/index.php?rest_route=%2Fwp%2Fv2%2Fcomments&post=76376"}],"version-history":[{"count":1,"href":"http:\/\/www.24baires.com\/index.php?rest_route=\/wp\/v2\/posts\/76376\/revisions"}],"predecessor-version":[{"id":76377,"href":"http:\/\/www.24baires.com\/index.php?rest_route=\/wp\/v2\/posts\/76376\/revisions\/76377"}],"wp:attachment":[{"href":"http:\/\/www.24baires.com\/index.php?rest_route=%2Fwp%2Fv2%2Fmedia&parent=76376"}],"wp:term":[{"taxonomy":"category","embeddable":true,"href":"http:\/\/www.24baires.com\/index.php?rest_route=%2Fwp%2Fv2%2Fcategories&post=76376"},{"taxonomy":"post_tag","embeddable":true,"href":"http:\/\/www.24baires.com\/index.php?rest_route=%2Fwp%2Fv2%2Ftags&post=76376"}],"curies":[{"name":"wp","href":"https:\/\/api.w.org\/{rel}","templated":true}]}}