{"id":76337,"date":"2015-12-13T19:00:27","date_gmt":"2015-12-13T22:00:27","guid":{"rendered":"http:\/\/www.24baires.com\/?p=76337"},"modified":"2015-12-13T20:18:46","modified_gmt":"2015-12-13T23:18:46","slug":"comienza-la-disputa-por-las-comisiones-en-la-camara-de-senadores","status":"publish","type":"post","link":"http:\/\/www.24baires.com\/?p=76337","title":{"rendered":"Comienza la disputa por las comisiones en la C\u00e1mara de Senadores"},"content":{"rendered":"<p>Cambiemos y el FpV comenzar\u00e1n a discutir el reparto de las comisiones que componen la C\u00e1mara alta, en la que el peronismo kirchnerista posee una amplia mayor\u00eda que sobrepasa el qu\u00f3rum propio. <!--more--><\/p>\n<p>Las reuniones entre el macrismo y la bancada encabezada por el rionegrino Miguel \u00c1ngel Pichetto arrancar\u00e1n la semana que viene, seg\u00fan coincidieron fuentes de ambos sectores.<\/p>\n<p> En ese sentido, esta semana hubo al menos una reuni\u00f3n fuera de protocolo entre la vicepresidenta Gabriela Michetti y el senador salte\u00f1o Rodolfo Urtubey, hermano del gobernador de Salta Juan Manuel Urtubey, y uno de los senadores del kirchnerismo que asisti\u00f3 a la jura del presidente Mauricio Macri ante la Asamblea Legislativa el 10 de diciembre.<\/p>\n<p> Al finalizar esa reuni\u00f3n, trascendi\u00f3 que Urtubey continuar\u00e1 ejerciendo la presidencia de la Comisi\u00f3n de Acuerdos, fundamental para dictaminar los pliegos de integrantes del Poder Judicial, del Servicio Exterior de la Naci\u00f3n y de las Fuerzas Armadas.<\/p>\n<p> Asimismo, desde el Frente para la Victoria indicaron que ceder\u00e1n al PRO la presidencia de la Comisi\u00f3n de Relaciones Exteriores, siguiendo el concepto de que la pol\u00edtica internacional es exclusiva facultad del Poder Ejecutivo.<\/p>\n<p> Sin embargo, el reparto del resto de las comisiones gener\u00f3 algunos desacuerdos dentro del bloque que encabeza el rionegrino Miguel Angel Pichetto.<\/p>\n<p> Fuentes de la bancada afirmaron que legisladores kirchneristas, varios de los cuales decidieron participar de la Asamblea Legislativa en la que Mauricio Macri jur\u00f3 como Presidente de la Naci\u00f3n, opinan que la alianza Cambiemos tambi\u00e9n deber\u00eda encabezar dos de las comisiones con m\u00e1s peso en la C\u00e1mara: Asuntos Constitucionales y Presupuesto y Hacienda, presididas hasta el recambio parlamentario por los kirchneristas Marcelo Fuentes y Juan Manuel Abal Medina.<\/p>\n<p> Asuntos Constitucionales dictamina sobre todo lo relativo a la interpretaci\u00f3n, aplicaci\u00f3n y reforma de la Constituci\u00f3n Nacional, cambios al r\u00e9gimen electoral y reformas a las leyes de juicio pol\u00edtico, entre otros asuntos de vital importancia institucional.<\/p>\n<p> Presupuesto debate cuestiones relativas al presupuesto general de la administraci\u00f3n, r\u00e9gimen impositivo y aduanero y deuda p\u00fablica.<\/p>\n<p> El sector mayoritario del bloque, en cambio, quiere hacer respetar la mayor\u00eda parlamentaria con la que fueron ungidos en las elecciones generales del 25 de octubre.<\/p>\n<p> De acuerdo con esos n\u00fameros, el Frente para la Victoria posee entre 41 y 43 representantes, seis m\u00e1s que los que sumaba antes del recambio legislativo.<\/p>\n<p> Hasta entonces, el kirchnerismo encabezaba 20 de las 26 comisiones unicamerales que componen el Senado, pero ubicaba a 10 de los 17 integrantes en todos esos cuerpos legislativos.<\/p>\n<p> \u00abAhora, son ellos los que tienen que levantar el tel\u00e9fono y llamar\u00bb, anticiparon fuentes de la jefatura del bloque kirchnerista.<br \/>\n Tras el recambio presidencial, el Frente para la Victoria puso su mayor\u00eda a disposici\u00f3n del nuevo oficialismo para respetar la l\u00ednea de sucesi\u00f3n presidencial y aport\u00f3 sus votos para consagrar a Federico Pinedo (PRO) en la presidencia provisional de la c\u00e1mara alta.<\/p>\n<p> La vicepresidencia la ocupa el santiague\u00f1o Gerardo Zamora, del Frente C\u00edvico por Santiago, aliado al FPV, mientras que el vicepresidente primero es el radical pampeano Juan Carlos Marino y la vicepresidencia segunda corresponde a Carlos Reutemann, quien fue reelecto como senador por Cambiemos pero hab\u00eda manifestado su voluntad de mantener su bancada unipersonal Santa Fe Federal. <\/p>\n","protected":false},"excerpt":{"rendered":"<p>Cambiemos y el FpV comenzar\u00e1n a discutir el reparto de las comisiones que componen la C\u00e1mara alta, en la que el peronismo kirchnerista posee una amplia mayor\u00eda que sobrepasa el qu\u00f3rum propio.<\/p>\n","protected":false},"author":4,"featured_media":0,"comment_status":"open","ping_status":"open","sticky":false,"template":"","format":"standard","meta":{"_jetpack_newsletter_access":"","_jetpack_dont_email_post_to_subs":false,"_jetpack_newsletter_tier_id":0,"_jetpack_memberships_contains_paywalled_content":false,"_jetpack_memberships_contains_paid_content":false,"footnotes":""},"categories":[51],"tags":[],"class_list":["post-76337","post","type-post","status-publish","format-standard","hentry","category-politica"],"jetpack_shortlink":"https:\/\/wp.me\/p2JWE0-jRf","jetpack-related-posts":[{"id":107467,"url":"http:\/\/www.24baires.com\/?p=107467","url_meta":{"origin":76337,"position":0},"title":"Urtubey se despega de Macri y lo critic\u00f3 duramente","author":"AF","date":"01\/04\/2019","format":false,"excerpt":"El gobernador de Salta, Juan Manuel Urtubey, presidi\u00f3 hoy la \u00faltima ceremonia de apertura de sesiones de la Legislatura local con un mensaje atravesado de referencias a su objetivo pol\u00edtico: la candidatura a la presidencia de la Naci\u00f3n por Alternativa Federal, el espacio peronista en el que compite con Sergio\u2026","rel":"","context":"En \u00abPol\u00edtica\u00bb","block_context":{"text":"Pol\u00edtica","link":"http:\/\/www.24baires.com\/?cat=51"},"img":{"alt_text":"","src":"https:\/\/i0.wp.com\/www.24baires.com\/wp-content\/uploads\/2016\/09\/urtubey-vidal-macri.jpg?resize=350%2C200","width":350,"height":200,"srcset":"https:\/\/i0.wp.com\/www.24baires.com\/wp-content\/uploads\/2016\/09\/urtubey-vidal-macri.jpg?resize=350%2C200 1x, https:\/\/i0.wp.com\/www.24baires.com\/wp-content\/uploads\/2016\/09\/urtubey-vidal-macri.jpg?resize=525%2C300 1.5x"},"classes":[]},{"id":108513,"url":"http:\/\/www.24baires.com\/?p=108513","url_meta":{"origin":76337,"position":1},"title":"Urtubey niega una alianza con Cambiemos y asegura ser \u00abla tercera posici\u00f3n\u00bb","author":"AF","date":"31\/05\/2019","format":false,"excerpt":"El Gobernador de Salta reafirm\u00f3 su permanencia en Alternativa Federal. \"Somos la alternativa diferente a Macri y a Cristina\", dijo. Juan Manuel Urtubey habl\u00f3 sobre el futuro de Alternativa Federal y sobre un posible acercamiento al Gobierno de Mauricio Macri. Sobre el espacio que integra junto con Juan Schiaretti, Sergio\u2026","rel":"","context":"En \u00abPol\u00edtica\u00bb","block_context":{"text":"Pol\u00edtica","link":"http:\/\/www.24baires.com\/?cat=51"},"img":{"alt_text":"","src":"https:\/\/i0.wp.com\/www.24baires.com\/wp-content\/uploads\/2016\/09\/urtubey-vidal-macri.jpg?resize=350%2C200","width":350,"height":200,"srcset":"https:\/\/i0.wp.com\/www.24baires.com\/wp-content\/uploads\/2016\/09\/urtubey-vidal-macri.jpg?resize=350%2C200 1x, https:\/\/i0.wp.com\/www.24baires.com\/wp-content\/uploads\/2016\/09\/urtubey-vidal-macri.jpg?resize=525%2C300 1.5x"},"classes":[]},{"id":64167,"url":"http:\/\/www.24baires.com\/?p=64167","url_meta":{"origin":76337,"position":2},"title":"\u00abEl triunfo de Urtubey es un apoyo importante para las pol\u00edticas del Gobierno Nacional\u201d","author":"Grupo Sierra","date":"12\/04\/2015","format":false,"excerpt":"SALTA.- El ministro de Interior y Transporte, Florencio Randazzo, consider\u00f3 que el triunfo del gobernador Juan Manuel Urtubey en las PASO de Salta constituye \u201cun apoyo importante para las pol\u00edticas del Gobierno nacional\u201d. \u201cEstamos frente a un triunfo contundente de Urtubey, por m\u00e1s de 15 puntos. Creo que es un\u2026","rel":"","context":"En \u00abElecciones 2015\u00bb","block_context":{"text":"Elecciones 2015","link":"http:\/\/www.24baires.com\/?cat=74"},"img":{"alt_text":"","src":"","width":0,"height":0},"classes":[]},{"id":63011,"url":"http:\/\/www.24baires.com\/?p=63011","url_meta":{"origin":76337,"position":3},"title":"El Senado tratar\u00e1 el ingreso de Carl\u00e9s a la Corte","author":"Grupo Sierra","date":"11\/03\/2015","format":false,"excerpt":"Fue admitido formalmente durante la primera sesi\u00f3n ordinaria que llev\u00f3 a cabo la C\u00e1mara alta. Ser\u00e1 debatido en la Comisi\u00f3n de Acuerdos durante una audiencia p\u00fablica que se llevar\u00e1 a cabo el 31 de marzo. El pliego designando a Roberto Carl\u00e9s como nuevo miembro de la Corte Suprema de Justicia\u2026","rel":"","context":"En \u00abLegislativo\u00bb","block_context":{"text":"Legislativo","link":"http:\/\/www.24baires.com\/?cat=75"},"img":{"alt_text":"carl\u00e9s","src":"https:\/\/i0.wp.com\/www.24baires.com\/wp-content\/uploads\/2015\/01\/carl%C3%A9s.jpg?resize=350%2C200","width":350,"height":200,"srcset":"https:\/\/i0.wp.com\/www.24baires.com\/wp-content\/uploads\/2015\/01\/carl%C3%A9s.jpg?resize=350%2C200 1x, https:\/\/i0.wp.com\/www.24baires.com\/wp-content\/uploads\/2015\/01\/carl%C3%A9s.jpg?resize=525%2C300 1.5x"},"classes":[]},{"id":110929,"url":"http:\/\/www.24baires.com\/?p=110929","url_meta":{"origin":76337,"position":4},"title":"Impulsan proyecto para eliminar las PASO","author":"GB","date":"25\/06\/2019","format":false,"excerpt":"\"Juntos por el Cambio\" decidir\u00e1 sus candidaturas en las urnas en una decena de provincias, sin embargo el propio oficialismo deleg\u00f3 en la UCR la presentaci\u00f3n de un proyecto de ley para suspendarlas. Contar\u00edan con un dudoso aval de Lavagna que casi no tiene representaci\u00f3n en el Congreso. A pesar\u2026","rel":"","context":"En \u00abPol\u00edtica\u00bb","block_context":{"text":"Pol\u00edtica","link":"http:\/\/www.24baires.com\/?cat=51"},"img":{"alt_text":"","src":"https:\/\/i0.wp.com\/www.24baires.com\/wp-content\/uploads\/2013\/06\/URNAS-VOTOS-300x200.jpg?resize=350%2C200","width":350,"height":200},"classes":[]},{"id":65327,"url":"http:\/\/www.24baires.com\/?p=65327","url_meta":{"origin":76337,"position":5},"title":"Gils Carb\u00f3 implementar\u00e1 el C\u00f3digo Procesal Penal","author":"GB","date":"04\/05\/2015","format":false,"excerpt":"La Procuradora General de la Naci\u00f3n encabezar\u00e1 ma\u00f1ana en el Congreso la audiencia con los integrantes de la Comisi\u00f3n Bicameral de Monitoreo e Implementaci\u00f3n del nuevo C\u00f3digo. La presencia de Gils Carb\u00f3 tendr\u00e1 lugar a partir de las 16 en el Sal\u00f3n Azul de la C\u00e1mara de Senadores. Tambi\u00e9n se\u2026","rel":"","context":"En \u00abPol\u00edtica\u00bb","block_context":{"text":"Pol\u00edtica","link":"http:\/\/www.24baires.com\/?cat=51"},"img":{"alt_text":"gils cabr\u00f3","src":"https:\/\/i0.wp.com\/www.24baires.com\/wp-content\/uploads\/2013\/02\/gils-cabr%C3%B3.jpg?resize=350%2C200","width":350,"height":200,"srcset":"https:\/\/i0.wp.com\/www.24baires.com\/wp-content\/uploads\/2013\/02\/gils-cabr%C3%B3.jpg?resize=350%2C200 1x, https:\/\/i0.wp.com\/www.24baires.com\/wp-content\/uploads\/2013\/02\/gils-cabr%C3%B3.jpg?resize=525%2C300 1.5x"},"classes":[]}],"jetpack_sharing_enabled":true,"jetpack_likes_enabled":true,"jetpack_featured_media_url":"","_links":{"self":[{"href":"http:\/\/www.24baires.com\/index.php?rest_route=\/wp\/v2\/posts\/76337","targetHints":{"allow":["GET"]}}],"collection":[{"href":"http:\/\/www.24baires.com\/index.php?rest_route=\/wp\/v2\/posts"}],"about":[{"href":"http:\/\/www.24baires.com\/index.php?rest_route=\/wp\/v2\/types\/post"}],"author":[{"embeddable":true,"href":"http:\/\/www.24baires.com\/index.php?rest_route=\/wp\/v2\/users\/4"}],"replies":[{"embeddable":true,"href":"http:\/\/www.24baires.com\/index.php?rest_route=%2Fwp%2Fv2%2Fcomments&post=76337"}],"version-history":[{"count":1,"href":"http:\/\/www.24baires.com\/index.php?rest_route=\/wp\/v2\/posts\/76337\/revisions"}],"predecessor-version":[{"id":76338,"href":"http:\/\/www.24baires.com\/index.php?rest_route=\/wp\/v2\/posts\/76337\/revisions\/76338"}],"wp:attachment":[{"href":"http:\/\/www.24baires.com\/index.php?rest_route=%2Fwp%2Fv2%2Fmedia&parent=76337"}],"wp:term":[{"taxonomy":"category","embeddable":true,"href":"http:\/\/www.24baires.com\/index.php?rest_route=%2Fwp%2Fv2%2Fcategories&post=76337"},{"taxonomy":"post_tag","embeddable":true,"href":"http:\/\/www.24baires.com\/index.php?rest_route=%2Fwp%2Fv2%2Ftags&post=76337"}],"curies":[{"name":"wp","href":"https:\/\/api.w.org\/{rel}","templated":true}]}}