{"id":76334,"date":"2015-12-13T17:15:34","date_gmt":"2015-12-13T20:15:34","guid":{"rendered":"http:\/\/www.24baires.com\/?p=76334"},"modified":"2015-12-13T20:19:34","modified_gmt":"2015-12-13T23:19:34","slug":"de-pedro-cuestiono-la-designacion-de-liendo","status":"publish","type":"post","link":"http:\/\/www.24baires.com\/?p=76334","title":{"rendered":"De Pedro cuestion\u00f3 la designaci\u00f3n de Liendo"},"content":{"rendered":"<p><a href=\"https:\/\/i0.wp.com\/www.24baires.com\/wp-content\/uploads\/2015\/12\/wp-1450037711541.jpg\"><img data-recalc-dims=\"1\" loading=\"lazy\" decoding=\"async\" class=\"aligncenter\" title=\"wp-1450037711541\" src=\"https:\/\/i0.wp.com\/www.24baires.com\/wp-content\/uploads\/2015\/12\/wp-1450037711541.jpg?resize=561%2C372\" alt=\"image\" width=\"561\" height=\"372\" \/><\/a><\/p>\n<p>El diputado nacional Eduardo \u00abWado\u00bb de Pedro cuestion\u00f3 en duros t\u00e9rminos la designaci\u00f3n de Horacio Tom\u00e1s Liendo en el directorio del Banco Central y record\u00f3 que los miembros de la familia del funcionario \u00abson fieles representantes de los intereses del sector financiero\u00bb.<!--more--><br \/>\nA trav\u00e9s de una serie de post publicado hoy en su cuenta de la red social Twitter, De Pedro carg\u00f3 contra el nuevo integrante del Banco Central de la Rep\u00fablica Argentina, Horacio Tom\u00e1s Liendo, quien el \u00faltimo viernes fue designado director de esa entidad financiera, a quien le achac\u00f3 pertenecer a una familia que cuyos integrantes \u00abson fieles representantes de los intereses del sector financiero\u00bb.<\/p>\n<p>\u00abHoracio Tom\u00e1s Liendo fue ministro de la dictadura y hasta estuvo a cargo del Poder Ejecutivo\u00bb escribi\u00f3 el diputado nacional, en relaci\u00f3n al abuelo del designado funcionario, que durante la \u00faltima dictadura c\u00edvico militar, estuvo al frente de la cartera laboral e incluso fue Jefe de Estado Mayor Conjunto.<\/p>\n<p>El dirigente de La C\u00e1mpora tambi\u00e9n record\u00f3 que el padre del nuevo director del BCRA, fue uno de los m\u00e1s influyentes asesores de Domingo Cavallo cuando se implement\u00f3 el corralito financiero, rol que no lo inhibi\u00f3 para presentar un recursos judicial para sortear esa restricci\u00f3n y es representante legal del fondo especulativo Claren Corporation.<\/p>\n<p>\u00abDetr\u00e1s de los globos, empiezan a asomar estos personajes que tanto da\u00f1o le hicieron a los argentinos\u00bb sentenci\u00f3 de Pedro, que finalmente se pregunt\u00f3: \u00ab\u00bfEste era el cambio?\u00bb<\/p>\n","protected":false},"excerpt":{"rendered":"<p>El diputado nacional Eduardo \u00abWado\u00bb de Pedro cuestion\u00f3 en duros t\u00e9rminos la designaci\u00f3n de Horacio Tom\u00e1s Liendo en el directorio del Banco Central y record\u00f3 que los miembros de la familia del funcionario \u00abson fieles representantes de los intereses del sector financiero\u00bb.<\/p>\n","protected":false},"author":4,"featured_media":0,"comment_status":"open","ping_status":"open","sticky":false,"template":"","format":"standard","meta":{"_jetpack_newsletter_access":"","_jetpack_dont_email_post_to_subs":false,"_jetpack_newsletter_tier_id":0,"_jetpack_memberships_contains_paywalled_content":false,"_jetpack_memberships_contains_paid_content":false,"footnotes":""},"categories":[51],"tags":[],"class_list":["post-76334","post","type-post","status-publish","format-standard","hentry","category-politica"],"jetpack_shortlink":"https:\/\/wp.me\/p2JWE0-jRc","jetpack-related-posts":[{"id":76303,"url":"http:\/\/www.24baires.com\/?p=76303","url_meta":{"origin":76334,"position":0},"title":"El Gobierno oficializ\u00f3 las designaciones en el Banco Central","author":"GB","date":"12\/12\/2015","format":false,"excerpt":"El Poder Ejecutivo Nacional design\u00f3 oficialmente hoy como presidente del Banco Central de la Rep\u00fablica Argentina (BCRA) a Federico Adolfo Sturzenegger, y como director a Horacio Tom\u00e1s Liendo. Ambas designaciones son en comisi\u00f3n, y se solicitar\u00e1 el acuerdo del Senado como lo establece la Carta Org\u00e1nica del Banco Central de\u2026","rel":"","context":"En \u00abEconom\u00eda\u00bb","block_context":{"text":"Econom\u00eda","link":"http:\/\/www.24baires.com\/?cat=45"},"img":{"alt_text":"banco central","src":"https:\/\/i0.wp.com\/www.24baires.com\/wp-content\/uploads\/2015\/07\/banco-central.jpg?resize=350%2C200","width":350,"height":200,"srcset":"https:\/\/i0.wp.com\/www.24baires.com\/wp-content\/uploads\/2015\/07\/banco-central.jpg?resize=350%2C200 1x, https:\/\/i0.wp.com\/www.24baires.com\/wp-content\/uploads\/2015\/07\/banco-central.jpg?resize=525%2C300 1.5x"},"classes":[]},{"id":52050,"url":"http:\/\/www.24baires.com\/?p=52050","url_meta":{"origin":76334,"position":1},"title":"Juicio por Megacanje: declara el ex titular del BID","author":"AF","date":"19\/08\/2014","format":false,"excerpt":"Se trata del uruguayo Enrique Iglesias, ex titular del Banco Interamericano de Desarrollo (BID). El \u00fanico imputado en la causa es el ex ministro de Econom\u00eda, Domingo Felipe Cavallo. Est\u00e1 acusado de presuntas negociaciones incompatibles con la funci\u00f3n p\u00fablica. El juicio en el que se busca determinar si se cometieron\u2026","rel":"","context":"En \u00abJUDICIALES\u00bb","block_context":{"text":"JUDICIALES","link":"http:\/\/www.24baires.com\/?cat=68"},"img":{"alt_text":"","src":"https:\/\/i0.wp.com\/www.24baires.com\/wp-content\/uploads\/2014\/08\/cavallo-1.jpg?resize=350%2C200","width":350,"height":200,"srcset":"https:\/\/i0.wp.com\/www.24baires.com\/wp-content\/uploads\/2014\/08\/cavallo-1.jpg?resize=350%2C200 1x, https:\/\/i0.wp.com\/www.24baires.com\/wp-content\/uploads\/2014\/08\/cavallo-1.jpg?resize=525%2C300 1.5x"},"classes":[]},{"id":30967,"url":"http:\/\/www.24baires.com\/?p=30967","url_meta":{"origin":76334,"position":2},"title":"Bailarines bonaerenses campeones en las finales del Mundial de Tango","author":"AF","date":"29\/08\/2013","format":false,"excerpt":"Representantes de Luj\u00e1n y Villegas se consagraron en los campeones mundiales de tango en las categor\u00edas Pista y Escenario. Adem\u00e1s del reconocimiento en el \u201cambiente del tango\u201d recibieron un importante premio econ\u00f3mico y la posibilidad de llevar su baile a distintas partes del mundo. Los mejores bailarines de la m\u00fasica\u2026","rel":"","context":"En \u00abLocales\u00bb","block_context":{"text":"Locales","link":"http:\/\/www.24baires.com\/?cat=38"},"img":{"alt_text":"","src":"","width":0,"height":0},"classes":[]},{"id":119784,"url":"http:\/\/www.24baires.com\/?p=119784","url_meta":{"origin":76334,"position":3},"title":"Diputados aprob\u00f3 la admisibilidad al juicio pol\u00edtico a los miembros de la Corte Suprema","author":"AF","date":"09\/02\/2023","format":false,"excerpt":"El Frente de Todos, con 16 votos, se impuso en la votaci\u00f3n que permitir\u00e1 avanzar hacia la apertura del sumario para acumular las pruebas que sostengan la acusaci\u00f3n contra los magistrados Horacio Rosatti, Carlos Rosenkrantz, Juan Carlos Maqueda y Ricardo Lorenzetti. El Frente de Todos (FdT) consigui\u00f3 este jueves aprobar\u2026","rel":"","context":"En \u00abPol\u00edtica\u00bb","block_context":{"text":"Pol\u00edtica","link":"http:\/\/www.24baires.com\/?cat=51"},"img":{"alt_text":"","src":"https:\/\/i0.wp.com\/www.24baires.com\/wp-content\/uploads\/2023\/02\/Diputados-AproboAdmisibJuicioPolitico-696x451-1.jpg?resize=350%2C200","width":350,"height":200,"srcset":"https:\/\/i0.wp.com\/www.24baires.com\/wp-content\/uploads\/2023\/02\/Diputados-AproboAdmisibJuicioPolitico-696x451-1.jpg?resize=350%2C200 1x, https:\/\/i0.wp.com\/www.24baires.com\/wp-content\/uploads\/2023\/02\/Diputados-AproboAdmisibJuicioPolitico-696x451-1.jpg?resize=525%2C300 1.5x"},"classes":[]},{"id":48989,"url":"http:\/\/www.24baires.com\/?p=48989","url_meta":{"origin":76334,"position":4},"title":"Seg\u00fan un testigo, Domingo Cavallo defini\u00f3 c\u00f3mo instrumentar el Megacanje","author":"GB","date":"30\/06\/2014","format":false,"excerpt":"As\u00ed lo declar\u00f3 el economista Daniel Briones Rouco en el juicio oral que se desarrolla en contra del ex titular del Palacio de Hacienda por \"negociaciones incompatibles con la funci\u00f3n p\u00fablica\". El ex ministro de Econom\u00eda Domingo Cavallo fue quien resolvi\u00f3 la forma en la que se instrument\u00f3 el megacanje\u2026","rel":"","context":"En \u00abPol\u00edtica\u00bb","block_context":{"text":"Pol\u00edtica","link":"http:\/\/www.24baires.com\/?cat=51"},"img":{"alt_text":"cavallo","src":"https:\/\/i0.wp.com\/www.24baires.com\/wp-content\/uploads\/2013\/06\/cavallo.jpg?resize=350%2C200","width":350,"height":200},"classes":[]},{"id":119635,"url":"http:\/\/www.24baires.com\/?p=119635","url_meta":{"origin":76334,"position":5},"title":"La Corte orden\u00f3 que se le tome juramento a los diputados designados para Magistratura","author":"AF","date":"15\/12\/2022","format":false,"excerpt":"Los diputados a los que se orden\u00f3 tomar juramento son Rodolfo Tailhade y Vanesa Siley, del Frente de Todos; Alvaro Gonz\u00e1lez, del PRO, y Roxana Reyes, de la UCR. La Corte Suprema de Justicia de la Naci\u00f3n orden\u00f3 hoy que se tome juramento a los cuatro diputados nacionales designados para\u2026","rel":"","context":"En \u00abJUDICIALES\u00bb","block_context":{"text":"JUDICIALES","link":"http:\/\/www.24baires.com\/?cat=68"},"img":{"alt_text":"","src":"https:\/\/i0.wp.com\/www.24baires.com\/wp-content\/uploads\/2022\/12\/xxx.jpeg?resize=350%2C200","width":350,"height":200,"srcset":"https:\/\/i0.wp.com\/www.24baires.com\/wp-content\/uploads\/2022\/12\/xxx.jpeg?resize=350%2C200 1x, https:\/\/i0.wp.com\/www.24baires.com\/wp-content\/uploads\/2022\/12\/xxx.jpeg?resize=525%2C300 1.5x, https:\/\/i0.wp.com\/www.24baires.com\/wp-content\/uploads\/2022\/12\/xxx.jpeg?resize=700%2C400 2x"},"classes":[]}],"jetpack_sharing_enabled":true,"jetpack_likes_enabled":true,"jetpack_featured_media_url":"","_links":{"self":[{"href":"http:\/\/www.24baires.com\/index.php?rest_route=\/wp\/v2\/posts\/76334","targetHints":{"allow":["GET"]}}],"collection":[{"href":"http:\/\/www.24baires.com\/index.php?rest_route=\/wp\/v2\/posts"}],"about":[{"href":"http:\/\/www.24baires.com\/index.php?rest_route=\/wp\/v2\/types\/post"}],"author":[{"embeddable":true,"href":"http:\/\/www.24baires.com\/index.php?rest_route=\/wp\/v2\/users\/4"}],"replies":[{"embeddable":true,"href":"http:\/\/www.24baires.com\/index.php?rest_route=%2Fwp%2Fv2%2Fcomments&post=76334"}],"version-history":[{"count":1,"href":"http:\/\/www.24baires.com\/index.php?rest_route=\/wp\/v2\/posts\/76334\/revisions"}],"predecessor-version":[{"id":76340,"href":"http:\/\/www.24baires.com\/index.php?rest_route=\/wp\/v2\/posts\/76334\/revisions\/76340"}],"wp:attachment":[{"href":"http:\/\/www.24baires.com\/index.php?rest_route=%2Fwp%2Fv2%2Fmedia&parent=76334"}],"wp:term":[{"taxonomy":"category","embeddable":true,"href":"http:\/\/www.24baires.com\/index.php?rest_route=%2Fwp%2Fv2%2Fcategories&post=76334"},{"taxonomy":"post_tag","embeddable":true,"href":"http:\/\/www.24baires.com\/index.php?rest_route=%2Fwp%2Fv2%2Ftags&post=76334"}],"curies":[{"name":"wp","href":"https:\/\/api.w.org\/{rel}","templated":true}]}}