{"id":76328,"date":"2015-12-13T15:00:44","date_gmt":"2015-12-13T18:00:44","guid":{"rendered":"http:\/\/www.24baires.com\/?p=76328"},"modified":"2015-12-13T11:08:07","modified_gmt":"2015-12-13T14:08:07","slug":"malcorra-participo-de-un-encuentro-con-cancilleres-iberoamericanos-en-colombia","status":"publish","type":"post","link":"http:\/\/www.24baires.com\/?p=76328","title":{"rendered":"Malcorra particip\u00f3 de un encuentro con cancilleres iberoamericanos en Colombia"},"content":{"rendered":"<p><img data-recalc-dims=\"1\" loading=\"lazy\" decoding=\"async\" class=\"aligncenter size-full wp-image-76329\" src=\"https:\/\/i0.wp.com\/www.24baires.com\/wp-content\/uploads\/2015\/12\/susana-malcorra.jpg?resize=560%2C313\" alt=\"susana malcorra\" width=\"560\" height=\"313\" srcset=\"https:\/\/i0.wp.com\/www.24baires.com\/wp-content\/uploads\/2015\/12\/susana-malcorra.jpg?w=560 560w, https:\/\/i0.wp.com\/www.24baires.com\/wp-content\/uploads\/2015\/12\/susana-malcorra.jpg?resize=300%2C168 300w\" sizes=\"auto, (max-width: 560px) 100vw, 560px\" \/>La ministra de Relaciones Exteriores y Culto asisti\u00f3 a la reuni\u00f3n preparatoria de Cumbre de Jefes y Jefas de Estado y de Gobierno de la XXV Conferencia Iberoamericana que se celebrar\u00e1 en 2016, ocasi\u00f3n en la realiz\u00f3 reuniones bilaterales con cancilleres de diferentes pa\u00edses.<!--more--><\/p>\n<p>Malcorra particip\u00f3 ayer en Cartagena de Indias de la primera reuni\u00f3n preparatoria de ministro de Relaciones Exteriores, \u00e1mbito organizativo de la cumbre de Jefes de Estado de la Conferencia Iberoamericana, donde ratific\u00f3 la importancia que nuestro pa\u00eds \u00able asigna al espacio iberoamericano\u00bb, al tiempo que expres\u00f3 que Argentina continuar\u00e1 colaborando para su profundizaci\u00f3n, a trav\u00e9s del di\u00e1logo y la cooperaci\u00f3n, ejes centrales que sustentan la construcci\u00f3n permanente de la Comunidad Iberoamericana.<\/p>\n<p>A trav\u00e9s de un comunicado de prensa, la flamante canciller inform\u00f3 que durante la cumbre mantuvo encuentros bilaterales con los Cancilleres de M\u00e9xico, Espa\u00f1a, Panam\u00e1, Bolivia y Andorra, as\u00ed como con la Secretaria General Iberoamericana, en los que se trataron temas de inter\u00e9s com\u00fan.<\/p>\n<p>La funcionaria nacional se refiri\u00f3 a los Objetivos de Desarrollo Sostenible acordados recientemente en Naciones Unidas e hizo un llamado a utilizar la Conferencia Iberoamericana como plataforma para buscar consensos y coordinar posiciones sobre los distintos temas que integran la Agenda 2030.<\/p>\n<p>Finalmente, Malcorra valor\u00f3 \u00abla profunda reflexi\u00f3n que dio lugar al proceso de renovaci\u00f3n de los mecanismos de cooperaci\u00f3n y la identificaci\u00f3n de las \u00e1reas prioritarias: los espacios del conocimiento, la cultura y la cohesi\u00f3n social, que apuntan al mejoramiento de la calidad de vida de los pueblos que conforman la Comunidad Iberoamericana\u00bb.<\/p>\n","protected":false},"excerpt":{"rendered":"<p>La ministra de Relaciones Exteriores y Culto asisti\u00f3 a la reuni\u00f3n preparatoria de Cumbre de Jefes y Jefas de Estado y de Gobierno de la XXV Conferencia Iberoamericana que se celebrar\u00e1 en 2016, ocasi\u00f3n en la realiz\u00f3 reuniones bilaterales con cancilleres de diferentes pa\u00edses.<\/p>\n","protected":false},"author":4,"featured_media":0,"comment_status":"open","ping_status":"open","sticky":false,"template":"","format":"standard","meta":{"_jetpack_newsletter_access":"","_jetpack_dont_email_post_to_subs":false,"_jetpack_newsletter_tier_id":0,"_jetpack_memberships_contains_paywalled_content":false,"_jetpack_memberships_contains_paid_content":false,"footnotes":""},"categories":[51],"tags":[],"class_list":["post-76328","post","type-post","status-publish","format-standard","hentry","category-politica"],"jetpack_shortlink":"https:\/\/wp.me\/p2JWE0-jR6","jetpack-related-posts":[{"id":81866,"url":"http:\/\/www.24baires.com\/?p=81866","url_meta":{"origin":76328,"position":0},"title":"El Presidente invit\u00f3 a empresarios espa\u00f1oles a invertir en Argentina","author":"AF","date":"25\/04\/2016","format":false,"excerpt":"El mandatario asegur\u00f3 que el Gobierno \"les dar\u00e1 facilidades siempre dentro de la ley\". Fue al hablar en el Encuentro Empresarial Iberoamericano, en uno de los edificios de Catalinas, en la zona de Retiro. Ante ejecutivos de empresas espa\u00f1olas con inversiones en el pa\u00eds, en el auditorio de la empresa\u2026","rel":"","context":"En \u00abInternacionales\u00bb","block_context":{"text":"Internacionales","link":"http:\/\/www.24baires.com\/?cat=73"},"img":{"alt_text":"","src":"","width":0,"height":0},"classes":[]},{"id":58376,"url":"http:\/\/www.24baires.com\/?p=58376","url_meta":{"origin":76328,"position":1},"title":"La Cumbre Iberoamericana banca a la Argentina con Malvinas y ante los buitres","author":"Grupo Sierra","date":"09\/12\/2014","format":false,"excerpt":"A trav\u00e9s de dos comunicados, los Jefes y Jefas de estado que participaron de la reuni\u00f3n pusieron de manifiesto su en\u00e9rgico apoyo al pa\u00eds en relaci\u00f3n a ambas cuestiones. A trav\u00e9s del \"Comunicado especial sobre reestructuraci\u00f3n de deuda soberana\", los gobernantes reivindicaron \"el derecho de todo Estado de alcanzar acuerdos\u2026","rel":"","context":"En \u00abInternacionales\u00bb","block_context":{"text":"Internacionales","link":"http:\/\/www.24baires.com\/?cat=73"},"img":{"alt_text":"","src":"https:\/\/i0.wp.com\/www.24baires.com\/wp-content\/uploads\/2014\/12\/cumbreiberoamericanacancilleria.jpg?resize=350%2C200","width":350,"height":200,"srcset":"https:\/\/i0.wp.com\/www.24baires.com\/wp-content\/uploads\/2014\/12\/cumbreiberoamericanacancilleria.jpg?resize=350%2C200 1x, https:\/\/i0.wp.com\/www.24baires.com\/wp-content\/uploads\/2014\/12\/cumbreiberoamericanacancilleria.jpg?resize=525%2C300 1.5x"},"classes":[]},{"id":28025,"url":"http:\/\/www.24baires.com\/?p=28025","url_meta":{"origin":76328,"position":2},"title":"Comienza Cumbre del Mercosur en la que participar\u00e1 Cristina","author":"AF","date":"11\/07\/2013","format":false,"excerpt":"Con una reuni\u00f3n de ministros de Relaciones Exteriores, hoy iniciar\u00e1 en Montevideo la 45ta. cumbre del Mercosur. Ma\u00f1ana ser\u00e1 el encuentro de presidentes entre los que estar\u00e1 Cristina Fern\u00e1ndez de Kirchner. En esta cumbre se prev\u00e9 el ingreso de Guyana y Surinam como asociados, y que Venezuela pase a ocupar\u2026","rel":"","context":"En \u00abPol\u00edtica\u00bb","block_context":{"text":"Pol\u00edtica","link":"http:\/\/www.24baires.com\/?cat=51"},"img":{"alt_text":"mujica dilma cristina","src":"https:\/\/i0.wp.com\/www.24baires.com\/wp-content\/uploads\/2013\/07\/mujica-dilma-cristina-300x187.jpg?resize=350%2C200","width":350,"height":200},"classes":[]},{"id":58756,"url":"http:\/\/www.24baires.com\/?p=58756","url_meta":{"origin":76328,"position":3},"title":"Cristina encabeza la Cumbre de jefes y jefas de Estado del Mercosur","author":"AF","date":"17\/12\/2014","format":false,"excerpt":"Ser\u00e1 en Entre R\u00edos, donde los mandatarios avanzar\u00e1n en el proceso de construcci\u00f3n de una \u201cciudadan\u00eda mercosuriana\u201d, definieron los cancilleres esta ma\u00f1ana en la reuni\u00f3n preparatoria. La mandataria arrib\u00f3 anoche, pasadas las 22.45, acompa\u00f1ada por el secretario de Comunicaci\u00f3n P\u00fablica, Alfredo Scoccimarro, y una comitiva integrada por el Jefe de\u2026","rel":"","context":"En \u00abInternacionales\u00bb","block_context":{"text":"Internacionales","link":"http:\/\/www.24baires.com\/?cat=73"},"img":{"alt_text":"cristina","src":"https:\/\/i0.wp.com\/www.24baires.com\/wp-content\/uploads\/2014\/10\/cristina5.jpg?resize=350%2C200","width":350,"height":200,"srcset":"https:\/\/i0.wp.com\/www.24baires.com\/wp-content\/uploads\/2014\/10\/cristina5.jpg?resize=350%2C200 1x, https:\/\/i0.wp.com\/www.24baires.com\/wp-content\/uploads\/2014\/10\/cristina5.jpg?resize=525%2C300 1.5x"},"classes":[]},{"id":103948,"url":"http:\/\/www.24baires.com\/?p=103948","url_meta":{"origin":76328,"position":4},"title":"La Corte Suprema suspendi\u00f3 la audiencia por Farmacity","author":"GB","date":"17\/08\/2018","format":false,"excerpt":"Iba a realizarse el 29 de agosto. El m\u00e1ximo tribunal la posterg\u00f3 porque Highton de Nolasco debe viajar a M\u00e9xico. La Corte Suprema de Justicia de la Naci\u00f3n suspendi\u00f3 la audiencia p\u00fablica que iba a realizarse el 29 de agosto para debatir el desembarco de la empresa Farmacity en la\u2026","rel":"","context":"En \u00abPol\u00edtica\u00bb","block_context":{"text":"Pol\u00edtica","link":"http:\/\/www.24baires.com\/?cat=51"},"img":{"alt_text":"","src":"https:\/\/i0.wp.com\/www.24baires.com\/wp-content\/uploads\/2012\/12\/corte-suprema.jpg?resize=350%2C200","width":350,"height":200,"srcset":"https:\/\/i0.wp.com\/www.24baires.com\/wp-content\/uploads\/2012\/12\/corte-suprema.jpg?resize=350%2C200 1x, https:\/\/i0.wp.com\/www.24baires.com\/wp-content\/uploads\/2012\/12\/corte-suprema.jpg?resize=525%2C300 1.5x"},"classes":[]},{"id":104225,"url":"http:\/\/www.24baires.com\/?p=104225","url_meta":{"origin":76328,"position":5},"title":"Trump vendr\u00e1 al pa\u00eds para participar de la cumbre del G20","author":"AF","date":"31\/08\/2018","format":false,"excerpt":"La vocera de la Casa Blanca confirm\u00f3 hoy que Donald Trump ser\u00e1 parte de la cumbre del G20 en Buenos Aires. \"Ser\u00e1 una oportunidad para que el presidente destaque sus pol\u00edticas econ\u00f3micas a favor del crecimiento en un escenario internacional y se re\u00fana bilateralmente con otros l\u00edderes mundiales clave\", afirm\u00f3\u2026","rel":"","context":"En \u00abPol\u00edtica\u00bb","block_context":{"text":"Pol\u00edtica","link":"http:\/\/www.24baires.com\/?cat=51"},"img":{"alt_text":"","src":"https:\/\/i0.wp.com\/www.24baires.com\/wp-content\/uploads\/2017\/04\/trump-macri.jpg?resize=350%2C200","width":350,"height":200,"srcset":"https:\/\/i0.wp.com\/www.24baires.com\/wp-content\/uploads\/2017\/04\/trump-macri.jpg?resize=350%2C200 1x, https:\/\/i0.wp.com\/www.24baires.com\/wp-content\/uploads\/2017\/04\/trump-macri.jpg?resize=525%2C300 1.5x"},"classes":[]}],"jetpack_sharing_enabled":true,"jetpack_likes_enabled":true,"jetpack_featured_media_url":"","_links":{"self":[{"href":"http:\/\/www.24baires.com\/index.php?rest_route=\/wp\/v2\/posts\/76328","targetHints":{"allow":["GET"]}}],"collection":[{"href":"http:\/\/www.24baires.com\/index.php?rest_route=\/wp\/v2\/posts"}],"about":[{"href":"http:\/\/www.24baires.com\/index.php?rest_route=\/wp\/v2\/types\/post"}],"author":[{"embeddable":true,"href":"http:\/\/www.24baires.com\/index.php?rest_route=\/wp\/v2\/users\/4"}],"replies":[{"embeddable":true,"href":"http:\/\/www.24baires.com\/index.php?rest_route=%2Fwp%2Fv2%2Fcomments&post=76328"}],"version-history":[{"count":1,"href":"http:\/\/www.24baires.com\/index.php?rest_route=\/wp\/v2\/posts\/76328\/revisions"}],"predecessor-version":[{"id":76330,"href":"http:\/\/www.24baires.com\/index.php?rest_route=\/wp\/v2\/posts\/76328\/revisions\/76330"}],"wp:attachment":[{"href":"http:\/\/www.24baires.com\/index.php?rest_route=%2Fwp%2Fv2%2Fmedia&parent=76328"}],"wp:term":[{"taxonomy":"category","embeddable":true,"href":"http:\/\/www.24baires.com\/index.php?rest_route=%2Fwp%2Fv2%2Fcategories&post=76328"},{"taxonomy":"post_tag","embeddable":true,"href":"http:\/\/www.24baires.com\/index.php?rest_route=%2Fwp%2Fv2%2Ftags&post=76328"}],"curies":[{"name":"wp","href":"https:\/\/api.w.org\/{rel}","templated":true}]}}