{"id":76320,"date":"2015-12-12T20:00:22","date_gmt":"2015-12-12T23:00:22","guid":{"rendered":"http:\/\/www.24baires.com\/?p=76320"},"modified":"2015-12-12T19:33:19","modified_gmt":"2015-12-12T22:33:19","slug":"granados-se-desligo-del-frente-para-la-victoria","status":"publish","type":"post","link":"http:\/\/www.24baires.com\/?p=76320","title":{"rendered":"Granados se deslig\u00f3 del Frente para la Victoria"},"content":{"rendered":"<p><img data-recalc-dims=\"1\" loading=\"lazy\" decoding=\"async\" class=\"aligncenter size-full wp-image-45007\" src=\"https:\/\/i0.wp.com\/www.24baires.com\/wp-content\/uploads\/2014\/04\/granados.jpg?resize=560%2C313\" alt=\"granados\" width=\"560\" height=\"313\" srcset=\"https:\/\/i0.wp.com\/www.24baires.com\/wp-content\/uploads\/2014\/04\/granados.jpg?w=560 560w, https:\/\/i0.wp.com\/www.24baires.com\/wp-content\/uploads\/2014\/04\/granados.jpg?resize=300%2C167 300w\" sizes=\"auto, (max-width: 560px) 100vw, 560px\" \/>El intendente de Ezeiza y ex ministro de Seguridad de Scioli en la Provincia, Alejandro Granados, asegur\u00f3: \u00abNada tengo que ver con el Frente para la Victoria, soy del Partido Justicialista\u00bb.<!--more--><\/p>\n<p>Alejandro Granados, el intendente de Ezeiza desde 1995 y ex ministro de Seguridad de Scioli en la Provincia de Buenos Aires, finaliz\u00f3 hoy un acto con unas pol\u00e9micas palabras.<\/p>\n<p>\u00abSepan que soy intendente del Partido Justicialista, que soy intendente peronista y que nada tengo que ver con el Frente para la Victoria. Soy del Partido Justicialista de Ezeiza y mis pr\u00f3ceres fueron San Mart\u00edn, Rosas, el teniente general Per\u00f3n y la compa\u00f1era Evita. Nunca se olviden de eso: Per\u00f3n y Evita\u00bb, asegur\u00f3 Granados.<\/p>\n<p>&nbsp;<\/p>\n<p>&nbsp;<\/p>\n<p>&nbsp;<\/p>\n<p>&nbsp;<\/p>\n<p>&nbsp;<\/p>\n<p>&nbsp;<\/p>\n<p>&nbsp;<\/p>\n<p>&nbsp;<\/p>\n<p>&nbsp;<\/p>\n<p>&nbsp;<\/p>\n<p>&nbsp;<\/p>\n","protected":false},"excerpt":{"rendered":"<p>El intendente de Ezeiza y ex ministro de Seguridad de Scioli en la Provincia, Alejandro Granados, asegur\u00f3: \u00abNada tengo que ver con el Frente para la Victoria, soy del Partido Justicialista\u00bb.<\/p>\n","protected":false},"author":8,"featured_media":0,"comment_status":"open","ping_status":"open","sticky":false,"template":"","format":"standard","meta":{"_jetpack_newsletter_access":"","_jetpack_dont_email_post_to_subs":false,"_jetpack_newsletter_tier_id":0,"_jetpack_memberships_contains_paywalled_content":false,"_jetpack_memberships_contains_paid_content":false,"footnotes":""},"categories":[51],"tags":[],"class_list":["post-76320","post","type-post","status-publish","format-standard","hentry","category-politica"],"jetpack_shortlink":"https:\/\/wp.me\/p2JWE0-jQY","jetpack-related-posts":[{"id":114242,"url":"http:\/\/www.24baires.com\/?p=114242","url_meta":{"origin":76320,"position":0},"title":"Kicillof se reuni\u00f3 con intendentes del Frente de Todos","author":"AF","date":"28\/02\/2020","format":false,"excerpt":"El Gobernador bonaerense mantuvo un encuentro con jefes comunales de la Tercera Secci\u00f3n Electoral. Para avanzar en la construcci\u00f3n de una agenda en com\u00fan y conformar equipos de trabajo, Axel Kicillof recibi\u00f3 este viernes en La Plata a intendentes e intendentas del Frente de Todos. \u201cComo venimos haciendo desde el\u2026","rel":"","context":"En \u00abProvincia\u00bb","block_context":{"text":"Provincia","link":"http:\/\/www.24baires.com\/?cat=40"},"img":{"alt_text":"","src":"https:\/\/i0.wp.com\/www.24baires.com\/wp-content\/uploads\/2020\/02\/4e70b823aa9969498199c0d0698b57b6.jpg?resize=350%2C200","width":350,"height":200,"srcset":"https:\/\/i0.wp.com\/www.24baires.com\/wp-content\/uploads\/2020\/02\/4e70b823aa9969498199c0d0698b57b6.jpg?resize=350%2C200 1x, https:\/\/i0.wp.com\/www.24baires.com\/wp-content\/uploads\/2020\/02\/4e70b823aa9969498199c0d0698b57b6.jpg?resize=525%2C300 1.5x"},"classes":[]},{"id":122069,"url":"http:\/\/www.24baires.com\/?p=122069","url_meta":{"origin":76320,"position":1},"title":"Pulti advirti\u00f3 que la \u00abcolumna vertebral\u00bb de Derecho al Futuro es \u00abel justicialismo\u00bb","author":"GB","date":"24\/02\/2025","format":false,"excerpt":"El legislador y referente de Acci\u00f3n Marplatense respald\u00f3 la salida a la cancha del frente pol\u00edtico de Axel Kicillof y neg\u00f3 que el armado debilite la unidad del peronismo. El ex intendente de Mar del Plata y actual diputado provincial, Gustavo Pulti, expres\u00f3 su fuerte respaldo al Movimiento Derecho al\u2026","rel":"","context":"En \u00abProvincia\u00bb","block_context":{"text":"Provincia","link":"http:\/\/www.24baires.com\/?cat=40"},"img":{"alt_text":"","src":"https:\/\/i0.wp.com\/www.24baires.com\/wp-content\/uploads\/2025\/02\/pulti-kici.webp?resize=350%2C200","width":350,"height":200,"srcset":"https:\/\/i0.wp.com\/www.24baires.com\/wp-content\/uploads\/2025\/02\/pulti-kici.webp?resize=350%2C200 1x, https:\/\/i0.wp.com\/www.24baires.com\/wp-content\/uploads\/2025\/02\/pulti-kici.webp?resize=525%2C300 1.5x, https:\/\/i0.wp.com\/www.24baires.com\/wp-content\/uploads\/2025\/02\/pulti-kici.webp?resize=700%2C400 2x"},"classes":[]},{"id":108530,"url":"http:\/\/www.24baires.com\/?p=108530","url_meta":{"origin":76320,"position":2},"title":"Gioja: la unidad del peronismo, la relaci\u00f3n con Massa y la elecci\u00f3n en San Juan","author":"AF","date":"01\/06\/2019","format":false,"excerpt":"El diputado y presidente del PJ destac\u00f3 el renovado v\u00ednculo entre el partido Justicialista y Unidad Ciudadana, respald\u00f3 la f\u00f3rmula Kicillof-Magario y advirti\u00f3 que quienes dividan a la oposici\u00f3n son funcionales al macrismo. Desde San Juan El tres veces gobernador de San Juan, diputado nacional por esa provincia y presidente\u2026","rel":"","context":"En \u00abPol\u00edtica\u00bb","block_context":{"text":"Pol\u00edtica","link":"http:\/\/www.24baires.com\/?cat=51"},"img":{"alt_text":"","src":"https:\/\/i0.wp.com\/www.24baires.com\/wp-content\/uploads\/2013\/10\/gioja.jpg?resize=350%2C200","width":350,"height":200,"srcset":"https:\/\/i0.wp.com\/www.24baires.com\/wp-content\/uploads\/2013\/10\/gioja.jpg?resize=350%2C200 1x, https:\/\/i0.wp.com\/www.24baires.com\/wp-content\/uploads\/2013\/10\/gioja.jpg?resize=525%2C300 1.5x"},"classes":[]},{"id":112747,"url":"http:\/\/www.24baires.com\/?p=112747","url_meta":{"origin":76320,"position":3},"title":"El Frente de Todos recobr\u00f3 una decena de municipios","author":"AF","date":"28\/10\/2019","format":false,"excerpt":"La estrategia de llamar a cortar boleta de Juntos por el Cambio permiti\u00f3 que algunos intendentes, como Diego Valenzuela y Julio Garro, conservaran su cargo. En Pilar, el macrista Nicol\u00e1s Ducot\u00e9 perdi\u00f3. En la provincia de Buenos Aires el Frente de Todos recobr\u00f3 una decena municipios, aunque los intendentes Pro\u2026","rel":"","context":"En \u00abELECCIONES 2019\u00bb","block_context":{"text":"ELECCIONES 2019","link":"http:\/\/www.24baires.com\/?cat=329"},"img":{"alt_text":"Resultado de imagen para axel con intendentes","src":"https:\/\/i0.wp.com\/www.infobae.com\/new-resizer\/jKuOvdTq85KKCeSvt0lldnHqmgI%3D\/750x0\/filters%3Aquality%28100%29\/s3.amazonaws.com\/arc-wordpress-client-uploads\/infobae-wp\/wp-content\/uploads\/2019\/07\/03193441\/Axel-Kiciloff-y-Veronica-Magario-con-intendentes-Frente-de-todos-2.jpg?resize=350%2C200&ssl=1","width":350,"height":200,"srcset":"https:\/\/i0.wp.com\/www.infobae.com\/new-resizer\/jKuOvdTq85KKCeSvt0lldnHqmgI%3D\/750x0\/filters%3Aquality%28100%29\/s3.amazonaws.com\/arc-wordpress-client-uploads\/infobae-wp\/wp-content\/uploads\/2019\/07\/03193441\/Axel-Kiciloff-y-Veronica-Magario-con-intendentes-Frente-de-todos-2.jpg?resize=350%2C200&ssl=1 1x, https:\/\/i0.wp.com\/www.infobae.com\/new-resizer\/jKuOvdTq85KKCeSvt0lldnHqmgI%3D\/750x0\/filters%3Aquality%28100%29\/s3.amazonaws.com\/arc-wordpress-client-uploads\/infobae-wp\/wp-content\/uploads\/2019\/07\/03193441\/Axel-Kiciloff-y-Veronica-Magario-con-intendentes-Frente-de-todos-2.jpg?resize=525%2C300&ssl=1 1.5x"},"classes":[]},{"id":111228,"url":"http:\/\/www.24baires.com\/?p=111228","url_meta":{"origin":76320,"position":4},"title":"\u00abLos intendentes no juegan con la tijera, porque eso es jugar con la gente\u00bb","author":"AF","date":"17\/07\/2019","format":false,"excerpt":"Tras la reuni\u00f3n con los jefes comunales en la que se definieron los ejes de la campa\u00f1a, el precandidato presidencial recibi\u00f3 el respaldo a la \"boleta completa\" del Frente de Todos. El encuentro se produjo en el sal\u00f3n Garage Argentino, en San Telmo. All\u00ed Alberto Fernandez se reuni\u00f3 casi tres\u2026","rel":"","context":"En \u00abPol\u00edtica\u00bb","block_context":{"text":"Pol\u00edtica","link":"http:\/\/www.24baires.com\/?cat=51"},"img":{"alt_text":"","src":"https:\/\/i0.wp.com\/www.24baires.com\/wp-content\/uploads\/2019\/07\/fern%C3%A1ndez-intendentes.jpg?resize=350%2C200","width":350,"height":200,"srcset":"https:\/\/i0.wp.com\/www.24baires.com\/wp-content\/uploads\/2019\/07\/fern%C3%A1ndez-intendentes.jpg?resize=350%2C200 1x, https:\/\/i0.wp.com\/www.24baires.com\/wp-content\/uploads\/2019\/07\/fern%C3%A1ndez-intendentes.jpg?resize=525%2C300 1.5x"},"classes":[]},{"id":108260,"url":"http:\/\/www.24baires.com\/?p=108260","url_meta":{"origin":76320,"position":5},"title":"El peronismo en Bah\u00eda Blanca espera sellar la unidad","author":"GB","date":"19\/05\/2019","format":false,"excerpt":"Federico Susbielles promueve la unidad e invita a dirimir candidaturas en una PASO que fortalezca al vencedor. En su espacio est\u00e1n convencidos que la oposici\u00f3n unida podr\u00eda derrotar a H\u00e9ctor Gay y as\u00ed aportar en un distrito clave para que el peronismo recupere la Provincia. Marcelo Feli\u00fa espera definiciones de\u2026","rel":"","context":"En \u00abMunicipios\u00bb","block_context":{"text":"Municipios","link":"http:\/\/www.24baires.com\/?cat=44"},"img":{"alt_text":"","src":"https:\/\/i0.wp.com\/www.24baires.com\/wp-content\/uploads\/2019\/05\/peronismo-bahia.jpg?resize=350%2C200","width":350,"height":200,"srcset":"https:\/\/i0.wp.com\/www.24baires.com\/wp-content\/uploads\/2019\/05\/peronismo-bahia.jpg?resize=350%2C200 1x, https:\/\/i0.wp.com\/www.24baires.com\/wp-content\/uploads\/2019\/05\/peronismo-bahia.jpg?resize=525%2C300 1.5x"},"classes":[]}],"jetpack_sharing_enabled":true,"jetpack_likes_enabled":true,"jetpack_featured_media_url":"","_links":{"self":[{"href":"http:\/\/www.24baires.com\/index.php?rest_route=\/wp\/v2\/posts\/76320","targetHints":{"allow":["GET"]}}],"collection":[{"href":"http:\/\/www.24baires.com\/index.php?rest_route=\/wp\/v2\/posts"}],"about":[{"href":"http:\/\/www.24baires.com\/index.php?rest_route=\/wp\/v2\/types\/post"}],"author":[{"embeddable":true,"href":"http:\/\/www.24baires.com\/index.php?rest_route=\/wp\/v2\/users\/8"}],"replies":[{"embeddable":true,"href":"http:\/\/www.24baires.com\/index.php?rest_route=%2Fwp%2Fv2%2Fcomments&post=76320"}],"version-history":[{"count":1,"href":"http:\/\/www.24baires.com\/index.php?rest_route=\/wp\/v2\/posts\/76320\/revisions"}],"predecessor-version":[{"id":76321,"href":"http:\/\/www.24baires.com\/index.php?rest_route=\/wp\/v2\/posts\/76320\/revisions\/76321"}],"wp:attachment":[{"href":"http:\/\/www.24baires.com\/index.php?rest_route=%2Fwp%2Fv2%2Fmedia&parent=76320"}],"wp:term":[{"taxonomy":"category","embeddable":true,"href":"http:\/\/www.24baires.com\/index.php?rest_route=%2Fwp%2Fv2%2Fcategories&post=76320"},{"taxonomy":"post_tag","embeddable":true,"href":"http:\/\/www.24baires.com\/index.php?rest_route=%2Fwp%2Fv2%2Ftags&post=76320"}],"curies":[{"name":"wp","href":"https:\/\/api.w.org\/{rel}","templated":true}]}}