{"id":76308,"date":"2015-12-12T13:00:17","date_gmt":"2015-12-12T16:00:17","guid":{"rendered":"http:\/\/www.24baires.com\/?p=76308"},"modified":"2015-12-13T10:55:22","modified_gmt":"2015-12-13T13:55:22","slug":"macri-recibira-en-olivos-a-los-gobernadores","status":"publish","type":"post","link":"http:\/\/www.24baires.com\/?p=76308","title":{"rendered":"\u00abTenemos que ser un equipo que trabaje junto para construir soluciones\u00bb"},"content":{"rendered":"<p><img data-recalc-dims=\"1\" loading=\"lazy\" decoding=\"async\" src=\"https:\/\/i0.wp.com\/www.24baires.com\/wp-content\/uploads\/2015\/12\/macri-olivos.jpg?resize=560%2C372\" alt=\"macri olivos\" width=\"560\" height=\"372\" class=\"aligncenter size-full wp-image-76317\" srcset=\"https:\/\/i0.wp.com\/www.24baires.com\/wp-content\/uploads\/2015\/12\/macri-olivos.jpg?w=560 560w, https:\/\/i0.wp.com\/www.24baires.com\/wp-content\/uploads\/2015\/12\/macri-olivos.jpg?resize=300%2C199 300w\" sizes=\"auto, (max-width: 560px) 100vw, 560px\" \/>El Presidente de la Naci\u00f3n, Mauricio Macri, habl\u00f3 tras la reuni\u00f3n que mantuvo con los 24 gobernadores en la Residencia de Olivos.<!--more--><\/p>\n<p>El jefe del Estado lo expres\u00f3 en una rueda de prensa que ofreci\u00f3 esta tarde en Olivos acompa\u00f1ado por los gobernadores de Buenos Aires, Mar\u00eda Eugenia Vidal (PRO); de Mendoza, Alfredo Cornejo (UCR); de Santa Fe, Miguel Lifschitz (PS); y de Salta, Juan Manuel Urtubey (PJ).<\/p>\n<p>Macri destac\u00f3 ante los periodistas presentes que le plante\u00f3 a los 24 gobernadores que tienen que ser \u00abun equipo que trabaje junto para construir soluciones para los argentinos\u00bb.<\/p>\n<p>En ese marco, el Presidente consider\u00f3 que \u00abmuchas provincias est\u00e1n en situaci\u00f3n de quiebra\u00bb ya que existe un desbalance entre empleo p\u00fablico y privado, y se\u00f1al\u00f3 que un \u00abeje muy fuerte\u00bb del encuentro fue \u00abel desarrollo de toda infraestructura que permita crecer a las econom\u00edas regionales\u00bb y ratific\u00f3 \u00abun compromiso por una Argentina federal\u00bb.<\/p>\n<p>Por su parte Vidal sostuvo que \u00abempieza una nueva etapa en la relaci\u00f3n entre los gobernadores y el gobierno nacional\u00bb y afirm\u00f3 que \u00abhay que generar un marco de previsibilidad para salir de la l\u00f3gica de la urgencia y generar un espacio para trabajar con madurez\u00bb y resalt\u00f3 que \u00abel Presidente va a sostener este espacio (de di\u00e1logo con las provincias) en el tiempo\u00bb.<\/p>\n<p>Asimismo Urtubey dijo que hay que intentar \u00abno discutir la coparticipaci\u00f3n en t\u00e9rminos de poder\u00bb y resalt\u00f3 que quieren \u00abdiscutir federalismo\u00bb y \u00abla discusi\u00f3n (de la coparticpaci\u00f3n) es una deuda\u00bb.<\/p>\n<p>En ese sentido, el gobernador de Salta habl\u00f3 de ir \u00abbuscando alternativas por la v\u00eda pol\u00edtica para no recurrir a la judicial\u00bb.<\/p>\n","protected":false},"excerpt":{"rendered":"<p>El Presidente de la Naci\u00f3n, Mauricio Macri, habl\u00f3 tras la reuni\u00f3n que mantuvo con los 24 gobernadores en la Residencia de Olivos.<\/p>\n","protected":false},"author":8,"featured_media":0,"comment_status":"open","ping_status":"open","sticky":false,"template":"","format":"standard","meta":{"_jetpack_newsletter_access":"","_jetpack_dont_email_post_to_subs":false,"_jetpack_newsletter_tier_id":0,"_jetpack_memberships_contains_paywalled_content":false,"_jetpack_memberships_contains_paid_content":false,"footnotes":""},"categories":[51],"tags":[],"class_list":["post-76308","post","type-post","status-publish","format-standard","hentry","category-politica"],"jetpack_shortlink":"https:\/\/wp.me\/p2JWE0-jQM","jetpack-related-posts":[{"id":104574,"url":"http:\/\/www.24baires.com\/?p=104574","url_meta":{"origin":76308,"position":0},"title":"Vidal inaugura un puente entre Lan\u00fas y CABA junto a Macri y Larreta","author":"GB","date":"20\/09\/2018","format":false,"excerpt":"La Gobernadora participa junto al Presidente y al Jefe de Gobierno porte\u00f1o el Puente Ol\u00edmpico del Sur, que une la Capital Federal con el Sur del Conurbano bonaerense. La gobernadora Mar\u00eda Eugenia Vidal inaugur\u00f3 este mediod\u00eda, junto al presidente Mauricio Macri y al Jefe de Gobierno porte\u00f1o, Horacio Rodr\u00edguez Larreta,\u2026","rel":"","context":"En \u00abProvincia\u00bb","block_context":{"text":"Provincia","link":"http:\/\/www.24baires.com\/?cat=40"},"img":{"alt_text":"","src":"https:\/\/i0.wp.com\/www.24baires.com\/wp-content\/uploads\/2018\/09\/vidal-y-macri.jpg?resize=350%2C200","width":350,"height":200,"srcset":"https:\/\/i0.wp.com\/www.24baires.com\/wp-content\/uploads\/2018\/09\/vidal-y-macri.jpg?resize=350%2C200 1x, https:\/\/i0.wp.com\/www.24baires.com\/wp-content\/uploads\/2018\/09\/vidal-y-macri.jpg?resize=525%2C300 1.5x"},"classes":[]},{"id":76894,"url":"http:\/\/www.24baires.com\/?p=76894","url_meta":{"origin":76308,"position":1},"title":"Macri en Concordia: \u00abNos tenemos que comprometer con soluciones definitivas\u00bb","author":"AF","date":"27\/12\/2015","format":false,"excerpt":"El Presidente encabez\u00f3 la reuni\u00f3n del Comit\u00e9 de Crisis. Tambi\u00e9n participaron el gobernador Bordet e intendentes de las localidades afectadas. El presidente Mauricio Macri arrib\u00f3 a Concordia y habl\u00f3 con la prensa luego de evaluar con el Comit\u00e9 de Crisis la situaci\u00f3n de los afectados por las inundaciones en la\u2026","rel":"","context":"En \u00abGeneral\u00bb","block_context":{"text":"General","link":"http:\/\/www.24baires.com\/?cat=67"},"img":{"alt_text":"","src":"https:\/\/i0.wp.com\/www.24baires.com\/wp-content\/uploads\/2015\/12\/macri-awada-inundaciones.jpg?resize=350%2C200","width":350,"height":200,"srcset":"https:\/\/i0.wp.com\/www.24baires.com\/wp-content\/uploads\/2015\/12\/macri-awada-inundaciones.jpg?resize=350%2C200 1x, https:\/\/i0.wp.com\/www.24baires.com\/wp-content\/uploads\/2015\/12\/macri-awada-inundaciones.jpg?resize=525%2C300 1.5x"},"classes":[]},{"id":102011,"url":"http:\/\/www.24baires.com\/?p=102011","url_meta":{"origin":76308,"position":2},"title":"Macri ratific\u00f3 el \u00abcamino\u00bb y dijo que \u00abhay futuro despu\u00e9s de este esfuerzo\u00bb","author":"GB","date":"08\/05\/2018","format":false,"excerpt":"El presidente Mauricio Macri ratific\u00f3 hoy el \"camino\" de su gobierno, dijo que \"hay futuro despu\u00e9s de este esfuerzo\" y pidi\u00f3 \"no creer en soluciones m\u00e1gicas\", en el marco de su primera aparici\u00f3n p\u00fablica tras el incremento del d\u00f3lar. \"Jam\u00e1s volvamos a creer que aquello que te regalan puede ser\u2026","rel":"","context":"En \u00abPol\u00edtica\u00bb","block_context":{"text":"Pol\u00edtica","link":"http:\/\/www.24baires.com\/?cat=51"},"img":{"alt_text":"","src":"https:\/\/i0.wp.com\/www.24baires.com\/wp-content\/uploads\/2018\/05\/macri-vidal-300x200.jpg?resize=350%2C200","width":350,"height":200},"classes":[]},{"id":102442,"url":"http:\/\/www.24baires.com\/?p=102442","url_meta":{"origin":76308,"position":3},"title":"Vidal: \u00abNo voy a ser candidata a presidente en 2019\u00bb","author":"AF","date":"30\/05\/2018","format":false,"excerpt":"La gobernadora de la provincia de Buenos Aires asegur\u00f3 que trabajar\u00e1 para la reelecci\u00f3n del presidente Mauricio Macri el pr\u00f3ximo a\u00f1o. La gobernadora de Buenos Aires, Mar\u00eda Eugenia Vidal, asegur\u00f3 este mi\u00e9rcoles que el presidente Mauricio Macriir\u00e1 por su reelecci\u00f3n en 2019 y que ella trabajar\u00e1 para que \"as\u00ed sea\",\u2026","rel":"","context":"En \u00abPol\u00edtica\u00bb","block_context":{"text":"Pol\u00edtica","link":"http:\/\/www.24baires.com\/?cat=51"},"img":{"alt_text":"","src":"https:\/\/i0.wp.com\/www.24baires.com\/wp-content\/uploads\/2018\/03\/vidal-1.jpg?resize=350%2C200","width":350,"height":200,"srcset":"https:\/\/i0.wp.com\/www.24baires.com\/wp-content\/uploads\/2018\/03\/vidal-1.jpg?resize=350%2C200 1x, https:\/\/i0.wp.com\/www.24baires.com\/wp-content\/uploads\/2018\/03\/vidal-1.jpg?resize=525%2C300 1.5x"},"classes":[]},{"id":108024,"url":"http:\/\/www.24baires.com\/?p=108024","url_meta":{"origin":76308,"position":4},"title":"Macri y Vidal visitan talleres ferroviarios en Tolosa","author":"GB","date":"08\/05\/2019","format":false,"excerpt":"El presidente junto a la gobernadora de la provincia de Buenos Aires nuevamente comparten una actividad oficial. Este mi\u00e9rcoles el presidente, Mauricio Macri, junto a la gobernadora bonaerense, Mar\u00eda Eugenia Vidal, compartir\u00e1n otra vez una actividad oficial. En esta ocasi\u00f3n, ambos recorrer\u00e1n el nuevo taller de mantenimiento de la l\u00ednea\u2026","rel":"","context":"En \u00abPol\u00edtica\u00bb","block_context":{"text":"Pol\u00edtica","link":"http:\/\/www.24baires.com\/?cat=51"},"img":{"alt_text":"","src":"https:\/\/i0.wp.com\/www.24baires.com\/wp-content\/uploads\/2018\/09\/vidal-y-macri.jpg?resize=350%2C200","width":350,"height":200,"srcset":"https:\/\/i0.wp.com\/www.24baires.com\/wp-content\/uploads\/2018\/09\/vidal-y-macri.jpg?resize=350%2C200 1x, https:\/\/i0.wp.com\/www.24baires.com\/wp-content\/uploads\/2018\/09\/vidal-y-macri.jpg?resize=525%2C300 1.5x"},"classes":[]},{"id":112475,"url":"http:\/\/www.24baires.com\/?p=112475","url_meta":{"origin":76308,"position":5},"title":"Kicillof, sobre la gesti\u00f3n de Macri: \u00abNo se debe gobernar as\u00ed\u00bb","author":"AF","date":"11\/10\/2019","format":false,"excerpt":"\"No venimos a traer excusas, venimos a traer soluciones\", prometi\u00f3 el candidato a gobernador del Frente de Todos, Axel Kicillof, ante una plaza repleta de seguidores en Mar del Plata, y record\u00f3 que las gestiones de la gobernadora Mar\u00eda Eugenia Vidal y el presidente Mauricio Macri llegaron \"con los bolsillos\u2026","rel":"","context":"En \u00abPol\u00edtica\u00bb","block_context":{"text":"Pol\u00edtica","link":"http:\/\/www.24baires.com\/?cat=51"},"img":{"alt_text":"","src":"https:\/\/i0.wp.com\/www.24baires.com\/wp-content\/uploads\/2019\/08\/kicillof-1.jpg?resize=350%2C200","width":350,"height":200,"srcset":"https:\/\/i0.wp.com\/www.24baires.com\/wp-content\/uploads\/2019\/08\/kicillof-1.jpg?resize=350%2C200 1x, https:\/\/i0.wp.com\/www.24baires.com\/wp-content\/uploads\/2019\/08\/kicillof-1.jpg?resize=525%2C300 1.5x"},"classes":[]}],"jetpack_sharing_enabled":true,"jetpack_likes_enabled":true,"jetpack_featured_media_url":"","_links":{"self":[{"href":"http:\/\/www.24baires.com\/index.php?rest_route=\/wp\/v2\/posts\/76308","targetHints":{"allow":["GET"]}}],"collection":[{"href":"http:\/\/www.24baires.com\/index.php?rest_route=\/wp\/v2\/posts"}],"about":[{"href":"http:\/\/www.24baires.com\/index.php?rest_route=\/wp\/v2\/types\/post"}],"author":[{"embeddable":true,"href":"http:\/\/www.24baires.com\/index.php?rest_route=\/wp\/v2\/users\/8"}],"replies":[{"embeddable":true,"href":"http:\/\/www.24baires.com\/index.php?rest_route=%2Fwp%2Fv2%2Fcomments&post=76308"}],"version-history":[{"count":3,"href":"http:\/\/www.24baires.com\/index.php?rest_route=\/wp\/v2\/posts\/76308\/revisions"}],"predecessor-version":[{"id":76318,"href":"http:\/\/www.24baires.com\/index.php?rest_route=\/wp\/v2\/posts\/76308\/revisions\/76318"}],"wp:attachment":[{"href":"http:\/\/www.24baires.com\/index.php?rest_route=%2Fwp%2Fv2%2Fmedia&parent=76308"}],"wp:term":[{"taxonomy":"category","embeddable":true,"href":"http:\/\/www.24baires.com\/index.php?rest_route=%2Fwp%2Fv2%2Fcategories&post=76308"},{"taxonomy":"post_tag","embeddable":true,"href":"http:\/\/www.24baires.com\/index.php?rest_route=%2Fwp%2Fv2%2Ftags&post=76308"}],"curies":[{"name":"wp","href":"https:\/\/api.w.org\/{rel}","templated":true}]}}