{"id":76296,"date":"2015-12-12T10:57:43","date_gmt":"2015-12-12T13:57:43","guid":{"rendered":"http:\/\/www.24baires.com\/?p=76296"},"modified":"2015-12-13T10:55:29","modified_gmt":"2015-12-13T13:55:29","slug":"76296","status":"publish","type":"post","link":"http:\/\/www.24baires.com\/?p=76296","title":{"rendered":"Confirman que el gobierno dejar\u00e1 sin efecto el memor\u00e1ndum con Ir\u00e1n"},"content":{"rendered":"<p><img data-recalc-dims=\"1\" loading=\"lazy\" decoding=\"async\" src=\"https:\/\/i0.wp.com\/www.24baires.com\/wp-content\/uploads\/2014\/05\/Atentado_AMIA.jpg?resize=560%2C373\" alt=\"Atentado_AMIA\" width=\"560\" height=\"373\" class=\"aligncenter size-full wp-image-46084\" srcset=\"https:\/\/i0.wp.com\/www.24baires.com\/wp-content\/uploads\/2014\/05\/Atentado_AMIA.jpg?w=560 560w, https:\/\/i0.wp.com\/www.24baires.com\/wp-content\/uploads\/2014\/05\/Atentado_AMIA.jpg?resize=300%2C199 300w\" sizes=\"auto, (max-width: 560px) 100vw, 560px\" \/>El ministro de Justicia, Germ\u00e1n Garavano, afirm\u00f3 que \u00abla decisi\u00f3n est\u00e1 tomada\u00bb y se concretar\u00e1 este lunes. De este modo, quedar\u00eda firme la decisi\u00f3n de la C\u00e1mara Federal de declarar inconstitucional el memor\u00e1ndum.<!--more--><\/p>\n<p>El ministro de Justicia, Germ\u00e1n Garavano, afirm\u00f3 que \u00abla decisi\u00f3n\u00bb de que el Gobierno Nacional desista de la apelaci\u00f3n que hab\u00eda interpuesto el Estado sobre la declaraci\u00f3n de inconstitucionalidad del memor\u00e1ndum con Ir\u00e1n \u00abest\u00e1 tomada\u00bb y que la iniciativa de desandar ese camino se concretar\u00e1 este lunes.<\/p>\n<p>\u00abLa decisi\u00f3n est\u00e1 tomada. Ni bien asum\u00ed, y atento a lo que hab\u00eda se\u00f1alado el ingeniero (y actual presidente Mauricio) Macri en relaci\u00f3n al memor\u00e1ndum, analizamos la causa. Tambi\u00e9n vimos la actuaci\u00f3n del Ministerio de Justicia y trabajando con los mismos abogados que intervinieron en ese proceso, advertimos que la decisi\u00f3n de recurrir a Casaci\u00f3n sobre el fallo de la C\u00e1mara Federal que hab\u00eda declarado inconstitucional el memor\u00e1ndum, era irregular\u00bb, dijo Garavano en Radio Mitre.<\/p>\n<p>Agreg\u00f3 que \u00abeso se sum\u00f3 al esc\u00e1ndalo jur\u00eddico que se arm\u00f3 en el Tribunal de Casaci\u00f3n en ocasi\u00f3n de la recusaci\u00f3n de jueces\u00bb, en referencia al magistrado Luis Mar\u00eda Cabral.<\/p>\n<p>De esta manera, el funcionario confirm\u00f3 que el lunes pr\u00f3ximo el Gobierno desistir\u00e1 de la apelaci\u00f3n con lo cual quedar\u00eda firme la decisi\u00f3n de la C\u00e1mara Federal de declarar inconstitucional el memor\u00e1ndum.<\/p>\n<p>La inconstitucionalidad del acuerdo tambi\u00e9n hab\u00eda sido solicitada por la dirigencia de la AMIA y la DAIA en diferentes manifestaciones p\u00fablicas y por su letrado, el abogado Miguel Bronfman, a mediados de 2013.<\/p>\n","protected":false},"excerpt":{"rendered":"<p>El ministro de Justicia, Germ\u00e1n Garavano, afirm\u00f3 que \u00abla decisi\u00f3n est\u00e1 tomada\u00bb y se concretar\u00e1 este lunes. De este modo, quedar\u00eda firme la decisi\u00f3n de la C\u00e1mara Federal de declarar inconstitucional el memor\u00e1ndum.<\/p>\n","protected":false},"author":8,"featured_media":0,"comment_status":"open","ping_status":"open","sticky":false,"template":"","format":"standard","meta":{"_jetpack_newsletter_access":"","_jetpack_dont_email_post_to_subs":false,"_jetpack_newsletter_tier_id":0,"_jetpack_memberships_contains_paywalled_content":false,"_jetpack_memberships_contains_paid_content":false,"footnotes":""},"categories":[51],"tags":[],"class_list":["post-76296","post","type-post","status-publish","format-standard","hentry","category-politica"],"jetpack_shortlink":"https:\/\/wp.me\/s2JWE0-76296","jetpack-related-posts":[{"id":76277,"url":"http:\/\/www.24baires.com\/?p=76277","url_meta":{"origin":76296,"position":0},"title":"El nuevo gobierno buscar\u00e1 dejar sin efecto el Memor\u00e1ndum con Ir\u00e1n","author":"GB","date":"11\/12\/2015","format":false,"excerpt":"El lunes pr\u00f3ximo el flamante ministro de Justicia, Germ\u00e1n Garavano, presentar\u00e1 un escrito para dar de baja el acuerdo de entendimiento. Desistir\u00e1 de la apelaci\u00f3n que hab\u00eda presentado el Estado para revertir el fallo que lo hab\u00eda declarado inconstitucional. El recientemente designado ministro de Justicia, Germ\u00e1n Garavano, presentar\u00e1 la pr\u00f3xima\u2026","rel":"","context":"En \u00abPol\u00edtica\u00bb","block_context":{"text":"Pol\u00edtica","link":"http:\/\/www.24baires.com\/?cat=51"},"img":{"alt_text":"","src":"","width":0,"height":0},"classes":[]},{"id":46083,"url":"http:\/\/www.24baires.com\/?p=46083","url_meta":{"origin":76296,"position":1},"title":"Caso AMIA: Alak confirm\u00f3 que apelar\u00e1n el fallo por el memor\u00e1ndum","author":"Grupo Sierra","date":"15\/05\/2014","format":false,"excerpt":"El ministro de Justicia sostuvo que el gobierno \"ha estado a disposici\u00f3n de la b\u00fasqueda de la verdad\" en la investigaci\u00f3n por el atentado y adelant\u00f3 que se apelar\u00e1 el fallo de la C\u00e1mara por el memor\u00e1ndum con Ir\u00e1n. Adem\u00e1s, consider\u00f3 que el fallo de la C\u00e1mara Federal, que declar\u00f3\u2026","rel":"","context":"En \u00abSociedad\u00bb","block_context":{"text":"Sociedad","link":"http:\/\/www.24baires.com\/?cat=1"},"img":{"alt_text":"","src":"https:\/\/i0.wp.com\/www.24baires.com\/wp-content\/uploads\/2014\/05\/Atentado_AMIA.jpg?resize=350%2C200","width":350,"height":200,"srcset":"https:\/\/i0.wp.com\/www.24baires.com\/wp-content\/uploads\/2014\/05\/Atentado_AMIA.jpg?resize=350%2C200 1x, https:\/\/i0.wp.com\/www.24baires.com\/wp-content\/uploads\/2014\/05\/Atentado_AMIA.jpg?resize=525%2C300 1.5x"},"classes":[]},{"id":68016,"url":"http:\/\/www.24baires.com\/?p=68016","url_meta":{"origin":76296,"position":2},"title":"Memor\u00e1ndum: Fijaron nueva fecha para difundir el veredicto","author":"GB","date":"23\/06\/2015","format":false,"excerpt":"La resoluci\u00f3n del planteo estaba prevista para el mediod\u00eda de ayer, pero dos de los tres camaristas de la Sala I del Tribunal, Luis Cabral y Ana Figueroa (el tercero es Juan Geminiani) no hab\u00edan completado sus votos. La C\u00e1mara Federal de Casaci\u00f3n Penal fij\u00f3 audiencia para el pr\u00f3ximo 30\u2026","rel":"","context":"En \u00abPol\u00edtica\u00bb","block_context":{"text":"Pol\u00edtica","link":"http:\/\/www.24baires.com\/?cat=51"},"img":{"alt_text":"","src":"","width":0,"height":0},"classes":[]},{"id":60109,"url":"http:\/\/www.24baires.com\/?p=60109","url_meta":{"origin":76296,"position":3},"title":"Capitanich tild\u00f3 de \u00abdisparatada\u00bb la decisi\u00f3n de indagar a Cristina","author":"AF","date":"15\/01\/2015","format":false,"excerpt":"El jefe de Gabinete, Jorge Capitanich, asegur\u00f3 hoy que fue una decisi\u00f3n \u201cdisparatada, absurda, il\u00f3gica, irracional, rid\u00edcula y violatoria\u201d de la Constituci\u00f3n Nacional la decisi\u00f3n del fiscal Alberto Nisman de llamar a declaraci\u00f3n indagatoria a la presidenta Cristina Fern\u00e1ndez de Kirchner, junto a otros funcionarios y legisladores, por la firma\u2026","rel":"","context":"En \u00abPol\u00edtica\u00bb","block_context":{"text":"Pol\u00edtica","link":"http:\/\/www.24baires.com\/?cat=51"},"img":{"alt_text":"capitanich 3","src":"https:\/\/i0.wp.com\/www.24baires.com\/wp-content\/uploads\/2014\/09\/capitanich-3.jpg?resize=350%2C200","width":350,"height":200,"srcset":"https:\/\/i0.wp.com\/www.24baires.com\/wp-content\/uploads\/2014\/09\/capitanich-3.jpg?resize=350%2C200 1x, https:\/\/i0.wp.com\/www.24baires.com\/wp-content\/uploads\/2014\/09\/capitanich-3.jpg?resize=525%2C300 1.5x"},"classes":[]},{"id":66014,"url":"http:\/\/www.24baires.com\/?p=66014","url_meta":{"origin":76296,"position":4},"title":"Casaci\u00f3n definir\u00e1 sobre constitucionalidad del Memor\u00e1ndum con Ir\u00e1n el 22 de junio","author":"GB","date":"15\/05\/2015","format":false,"excerpt":"La C\u00e1mara Federal de Casaci\u00f3n Penal anunci\u00f3 que reci\u00e9n el lunes 22 de junio difundir\u00e1 su fallo sobre la constitucionalidad o no del tratado con Ir\u00e1n para indagar a los acusados por el atentado terrorista de 1994 contra la Amia. Lo har\u00e1 en una audiencia convocada para las 12 de\u2026","rel":"","context":"En \u00abPol\u00edtica\u00bb","block_context":{"text":"Pol\u00edtica","link":"http:\/\/www.24baires.com\/?cat=51"},"img":{"alt_text":"timerman","src":"https:\/\/i0.wp.com\/www.24baires.com\/wp-content\/uploads\/2014\/08\/timerman.jpg?resize=350%2C200","width":350,"height":200,"srcset":"https:\/\/i0.wp.com\/www.24baires.com\/wp-content\/uploads\/2014\/08\/timerman.jpg?resize=350%2C200 1x, https:\/\/i0.wp.com\/www.24baires.com\/wp-content\/uploads\/2014\/08\/timerman.jpg?resize=525%2C300 1.5x"},"classes":[]},{"id":97317,"url":"http:\/\/www.24baires.com\/?p=97317","url_meta":{"origin":76296,"position":5},"title":"Denuncian que funcionarios del Gobierno presionan a la Justicia para que no investiguen a la Gendarmer\u00eda","author":"GB","date":"09\/09\/2017","format":false,"excerpt":"Desde el kirchnerismo denunciaron hoy que funcionarios del Gobierno nacional se reunieron para delinear estrategias para presionar a la Justicia en el caso de la desaparici\u00f3n de Santiago Maldonado. \"Quieren influir para que no se\u00f1alen a la Gendarmer\u00eda\", apuntaron. El candidato a diputado nacional por Unidad Ciudadana Leopoldo Moreau manifest\u00f3:\u2026","rel":"","context":"En \u00abPol\u00edtica\u00bb","block_context":{"text":"Pol\u00edtica","link":"http:\/\/www.24baires.com\/?cat=51"},"img":{"alt_text":"","src":"https:\/\/i0.wp.com\/www.24baires.com\/wp-content\/uploads\/2017\/08\/gendarmeria.jpg?resize=350%2C200","width":350,"height":200,"srcset":"https:\/\/i0.wp.com\/www.24baires.com\/wp-content\/uploads\/2017\/08\/gendarmeria.jpg?resize=350%2C200 1x, https:\/\/i0.wp.com\/www.24baires.com\/wp-content\/uploads\/2017\/08\/gendarmeria.jpg?resize=525%2C300 1.5x"},"classes":[]}],"jetpack_sharing_enabled":true,"jetpack_likes_enabled":true,"jetpack_featured_media_url":"","_links":{"self":[{"href":"http:\/\/www.24baires.com\/index.php?rest_route=\/wp\/v2\/posts\/76296","targetHints":{"allow":["GET"]}}],"collection":[{"href":"http:\/\/www.24baires.com\/index.php?rest_route=\/wp\/v2\/posts"}],"about":[{"href":"http:\/\/www.24baires.com\/index.php?rest_route=\/wp\/v2\/types\/post"}],"author":[{"embeddable":true,"href":"http:\/\/www.24baires.com\/index.php?rest_route=\/wp\/v2\/users\/8"}],"replies":[{"embeddable":true,"href":"http:\/\/www.24baires.com\/index.php?rest_route=%2Fwp%2Fv2%2Fcomments&post=76296"}],"version-history":[{"count":2,"href":"http:\/\/www.24baires.com\/index.php?rest_route=\/wp\/v2\/posts\/76296\/revisions"}],"predecessor-version":[{"id":76299,"href":"http:\/\/www.24baires.com\/index.php?rest_route=\/wp\/v2\/posts\/76296\/revisions\/76299"}],"wp:attachment":[{"href":"http:\/\/www.24baires.com\/index.php?rest_route=%2Fwp%2Fv2%2Fmedia&parent=76296"}],"wp:term":[{"taxonomy":"category","embeddable":true,"href":"http:\/\/www.24baires.com\/index.php?rest_route=%2Fwp%2Fv2%2Fcategories&post=76296"},{"taxonomy":"post_tag","embeddable":true,"href":"http:\/\/www.24baires.com\/index.php?rest_route=%2Fwp%2Fv2%2Ftags&post=76296"}],"curies":[{"name":"wp","href":"https:\/\/api.w.org\/{rel}","templated":true}]}}