{"id":76290,"date":"2015-12-11T20:30:16","date_gmt":"2015-12-11T23:30:16","guid":{"rendered":"http:\/\/www.24baires.com\/?p=76290"},"modified":"2015-12-11T20:26:09","modified_gmt":"2015-12-11T23:26:09","slug":"costantini-asumira-la-conduccion-de-aerolineas-en-enero","status":"publish","type":"post","link":"http:\/\/www.24baires.com\/?p=76290","title":{"rendered":"Costantini asumir\u00e1 la conducci\u00f3n de Aerol\u00edneas en enero"},"content":{"rendered":"<p>Hasta que la ex titular de General Motors Argentina asuma, la empresa estar\u00e1 direccionada interinamente por Manuel Alvarez Trong\u00e9.<!--more--><\/p>\n<p>En la nueva conducci\u00f3n de la empresa de bandera en el \u00e1rea de Recursos Humanos se desempe\u00f1ar\u00e1 Daniel Maggi; Diego Garc\u00eda, en la gerencia Comercial; Pablo Miedziak, en el \u00e1rea Econ\u00f3mico Financiera; y Diego Sanguinetti, en Planificaci\u00f3n Estrat\u00e9gica de las Operaciones.<\/p>\n<p>\u00abTanto el nuevo directorio como las gerencias est\u00e1n comprometidos con el crecimiento del grupo Aerol\u00edneas y su objetivo principal es que siga desarroll\u00e1ndose para que los argentinos se sientan cada vez m\u00e1s orgullosos de nuestra aerol\u00ednea de bandera\u00bb, sostiene un comunicado oficial distribuido esta tarde en la Sala de Periodistas de Casa de Gobierno.<\/p>\n<p>Al respecto, el ministro de Transporte, Guillermo Dietrich, dijo que \u00abhoy empieza una nueva etapa de crecimiento para nuestra aerol\u00ednea de bandera y tenemos el desaf\u00edo de hacerla volar m\u00e1s alto para integrar al pa\u00eds y a su gente\u00bb.<\/p>\n<p>\u00abPara eso armamos este gran equipo, conformado por personas que vienen a aportar su experiencia y capacidad t\u00e9cnica y los trabajadores que todos los d\u00edas ponen la compa\u00f1\u00eda en marcha\u00bb, agrego Dietrich.<\/p>\n","protected":false},"excerpt":{"rendered":"<p>Hasta que la ex titular de General Motors Argentina asuma, la empresa estar\u00e1 direccionada interinamente por Manuel Alvarez Trong\u00e9.<\/p>\n","protected":false},"author":8,"featured_media":0,"comment_status":"open","ping_status":"open","sticky":false,"template":"","format":"standard","meta":{"_jetpack_newsletter_access":"","_jetpack_dont_email_post_to_subs":false,"_jetpack_newsletter_tier_id":0,"_jetpack_memberships_contains_paywalled_content":false,"_jetpack_memberships_contains_paid_content":false,"footnotes":""},"categories":[51],"tags":[],"class_list":["post-76290","post","type-post","status-publish","format-standard","hentry","category-politica"],"jetpack_shortlink":"https:\/\/wp.me\/p2JWE0-jQu","jetpack-related-posts":[{"id":103599,"url":"http:\/\/www.24baires.com\/?p=103599","url_meta":{"origin":76290,"position":0},"title":"Aerol\u00edneas Argentinas volvi\u00f3 a cambiar de presidente","author":"AF","date":"30\/07\/2018","format":false,"excerpt":"Desde la empresa dijeron que asumir\u00e1 sus funciones una vez realizada la pr\u00f3xima asamblea de accionistas. Los trabajadores y trabajadoras se encuentran en estado de alerta y esperan meses complicados a nivel laboral. Aerol\u00edneas Argentinas anunci\u00f3 que Luis Malvido asumi\u00f3 como presidente de la compa\u00f1\u00eda a\u00e9rea en reemplazo de Mario\u2026","rel":"","context":"En \u00abPol\u00edtica\u00bb","block_context":{"text":"Pol\u00edtica","link":"http:\/\/www.24baires.com\/?cat=51"},"img":{"alt_text":"","src":"https:\/\/i0.wp.com\/www.24baires.com\/wp-content\/uploads\/2018\/07\/malvido.jpg?resize=350%2C200","width":350,"height":200,"srcset":"https:\/\/i0.wp.com\/www.24baires.com\/wp-content\/uploads\/2018\/07\/malvido.jpg?resize=350%2C200 1x, https:\/\/i0.wp.com\/www.24baires.com\/wp-content\/uploads\/2018\/07\/malvido.jpg?resize=525%2C300 1.5x"},"classes":[]},{"id":120851,"url":"http:\/\/www.24baires.com\/?p=120851","url_meta":{"origin":76290,"position":1},"title":"Milei ajust\u00f3 un 43% la estructura de Aerol\u00edneas Argentinas","author":"GB","date":"10\/01\/2024","format":false,"excerpt":"Con la privatizaci\u00f3n como norte, el presidente Javier Milei redujo en un 43% la estructura gerencial de la l\u00ednea a\u00e9rea de bandera. El presidente Javier Milei realiz\u00f3 este martes un dram\u00e1tico ajuste en la estructura gerencial de Aerol\u00edneas Argentinas, la exitosa empresa estatal recientemente habilitada por el mega DNU para\u2026","rel":"","context":"En \u00abPol\u00edtica\u00bb","block_context":{"text":"Pol\u00edtica","link":"http:\/\/www.24baires.com\/?cat=51"},"img":{"alt_text":"","src":"https:\/\/i0.wp.com\/www.24baires.com\/wp-content\/uploads\/2017\/04\/aerolineas-argentinas.jpg?resize=350%2C200","width":350,"height":200,"srcset":"https:\/\/i0.wp.com\/www.24baires.com\/wp-content\/uploads\/2017\/04\/aerolineas-argentinas.jpg?resize=350%2C200 1x, https:\/\/i0.wp.com\/www.24baires.com\/wp-content\/uploads\/2017\/04\/aerolineas-argentinas.jpg?resize=525%2C300 1.5x, https:\/\/i0.wp.com\/www.24baires.com\/wp-content\/uploads\/2017\/04\/aerolineas-argentinas.jpg?resize=700%2C400 2x"},"classes":[]},{"id":95083,"url":"http:\/\/www.24baires.com\/?p=95083","url_meta":{"origin":76290,"position":2},"title":"Macri tambi\u00e9n se condon\u00f3 una deuda que manten\u00eda con Aerol\u00edneas","author":"GB","date":"08\/06\/2017","format":false,"excerpt":"Un documento prueba que la aerol\u00ednea estatal le perdon\u00f3 cientos de miles de pesos que la firma Macair Jet, de la familia presidencial. Al igual que en el caso Correo Argentino, el presidente Mauricio Macri result\u00f3 favorecido por una nueva condonaci\u00f3n de deuda a trav\u00e9s de una firma estatal que\u2026","rel":"","context":"En \u00abPol\u00edtica\u00bb","block_context":{"text":"Pol\u00edtica","link":"http:\/\/www.24baires.com\/?cat=51"},"img":{"alt_text":"","src":"https:\/\/i0.wp.com\/www.24baires.com\/wp-content\/uploads\/2017\/06\/macri-aerolineas.jpg?resize=350%2C200","width":350,"height":200,"srcset":"https:\/\/i0.wp.com\/www.24baires.com\/wp-content\/uploads\/2017\/06\/macri-aerolineas.jpg?resize=350%2C200 1x, https:\/\/i0.wp.com\/www.24baires.com\/wp-content\/uploads\/2017\/06\/macri-aerolineas.jpg?resize=525%2C300 1.5x"},"classes":[]},{"id":90979,"url":"http:\/\/www.24baires.com\/?p=90979","url_meta":{"origin":76290,"position":3},"title":"Pe\u00f1a sobre Costantini: \u00abCumpli\u00f3 una etapa\u00bb","author":"AF","date":"22\/12\/2016","format":false,"excerpt":"El jefe de Gabinete, Marcos Pe\u00f1a, dijo que \u201cse cumpli\u00f3 una etapa\u201d de Isela Costantini como presidenta de Aerol\u00edneas Argentinas (AA), agradeci\u00f3 su \u201caporte\u201d a la compa\u00f1\u00eda de bandera, y ratific\u00f3 que la empresa \u201cno se privatiza\u201d. El jefe de Gabinete, Marcos Pe\u00f1a, dijo que \u201cse cumpli\u00f3 una etapa\u201d de\u2026","rel":"","context":"En \u00abPol\u00edtica\u00bb","block_context":{"text":"Pol\u00edtica","link":"http:\/\/www.24baires.com\/?cat=51"},"img":{"alt_text":"","src":"https:\/\/i0.wp.com\/www.24baires.com\/wp-content\/uploads\/2015\/11\/pe%C3%B1a-marcos.jpg?resize=350%2C200","width":350,"height":200},"classes":[]},{"id":120291,"url":"http:\/\/www.24baires.com\/?p=120291","url_meta":{"origin":76290,"position":4},"title":"Cristina: \u201cEl FMI se tiene que hacer cargo de los desmanejos de la directora anterior\u201d","author":"AF","date":"17\/07\/2023","format":false,"excerpt":"En el acto por los 15 a\u00f1os de estatizaci\u00f3n de Aerol\u00edneas Argentinas que comparti\u00f3 con el ministro y precandidato presidencial Sergio Massa, la vicepresidenta Cristina Fern\u00e1ndez de Kirchner inst\u00f3 a la conducci\u00f3n del Fondo Monetario Internacional a \u201chacerse cargo del desmanejo que tuvo la anterior directora\u201d, en referencia a Christine\u2026","rel":"","context":"En \u00abPol\u00edtica\u00bb","block_context":{"text":"Pol\u00edtica","link":"http:\/\/www.24baires.com\/?cat=51"},"img":{"alt_text":"","src":"https:\/\/i0.wp.com\/www.24baires.com\/wp-content\/uploads\/2023\/07\/WhatsApp-Image-2023-07-17-at-23.04.06.jpeg?resize=350%2C200","width":350,"height":200,"srcset":"https:\/\/i0.wp.com\/www.24baires.com\/wp-content\/uploads\/2023\/07\/WhatsApp-Image-2023-07-17-at-23.04.06.jpeg?resize=350%2C200 1x, https:\/\/i0.wp.com\/www.24baires.com\/wp-content\/uploads\/2023\/07\/WhatsApp-Image-2023-07-17-at-23.04.06.jpeg?resize=525%2C300 1.5x, https:\/\/i0.wp.com\/www.24baires.com\/wp-content\/uploads\/2023\/07\/WhatsApp-Image-2023-07-17-at-23.04.06.jpeg?resize=700%2C400 2x, https:\/\/i0.wp.com\/www.24baires.com\/wp-content\/uploads\/2023\/07\/WhatsApp-Image-2023-07-17-at-23.04.06.jpeg?resize=1050%2C600 3x"},"classes":[]},{"id":31547,"url":"http:\/\/www.24baires.com\/?p=31547","url_meta":{"origin":76290,"position":5},"title":"Mariano Recalde: \u00abno somos chorros ni despilfarradores\u00bb","author":"AF","date":"09\/09\/2013","format":false,"excerpt":"El presidente de Aerol\u00edneas Argentinas, Meriano Recalde, afirm\u00f3 hoy que ni \u00e9l ni su equipo son \"chorros\" o \"despilfarradores\" de fondos p\u00fablicos a la hora de tomar decisiones para conducir la compa\u00f1\u00eda estatal. As\u00ed sali\u00f3 Recalde al cruce de los cuestionamientos de la oposici\u00f3n y algunos economistas por el manejo\u2026","rel":"","context":"En \u00abPol\u00edtica\u00bb","block_context":{"text":"Pol\u00edtica","link":"http:\/\/www.24baires.com\/?cat=51"},"img":{"alt_text":"","src":"","width":0,"height":0},"classes":[]}],"jetpack_sharing_enabled":true,"jetpack_likes_enabled":true,"jetpack_featured_media_url":"","_links":{"self":[{"href":"http:\/\/www.24baires.com\/index.php?rest_route=\/wp\/v2\/posts\/76290","targetHints":{"allow":["GET"]}}],"collection":[{"href":"http:\/\/www.24baires.com\/index.php?rest_route=\/wp\/v2\/posts"}],"about":[{"href":"http:\/\/www.24baires.com\/index.php?rest_route=\/wp\/v2\/types\/post"}],"author":[{"embeddable":true,"href":"http:\/\/www.24baires.com\/index.php?rest_route=\/wp\/v2\/users\/8"}],"replies":[{"embeddable":true,"href":"http:\/\/www.24baires.com\/index.php?rest_route=%2Fwp%2Fv2%2Fcomments&post=76290"}],"version-history":[{"count":1,"href":"http:\/\/www.24baires.com\/index.php?rest_route=\/wp\/v2\/posts\/76290\/revisions"}],"predecessor-version":[{"id":76291,"href":"http:\/\/www.24baires.com\/index.php?rest_route=\/wp\/v2\/posts\/76290\/revisions\/76291"}],"wp:attachment":[{"href":"http:\/\/www.24baires.com\/index.php?rest_route=%2Fwp%2Fv2%2Fmedia&parent=76290"}],"wp:term":[{"taxonomy":"category","embeddable":true,"href":"http:\/\/www.24baires.com\/index.php?rest_route=%2Fwp%2Fv2%2Fcategories&post=76290"},{"taxonomy":"post_tag","embeddable":true,"href":"http:\/\/www.24baires.com\/index.php?rest_route=%2Fwp%2Fv2%2Ftags&post=76290"}],"curies":[{"name":"wp","href":"https:\/\/api.w.org\/{rel}","templated":true}]}}