{"id":76287,"date":"2015-12-11T20:00:12","date_gmt":"2015-12-11T23:00:12","guid":{"rendered":"http:\/\/www.24baires.com\/?p=76287"},"modified":"2015-12-11T19:51:10","modified_gmt":"2015-12-11T22:51:10","slug":"sbattella-renuncio-a-la-uif","status":"publish","type":"post","link":"http:\/\/www.24baires.com\/?p=76287","title":{"rendered":"Sbattella renunci\u00f3 a la UIF"},"content":{"rendered":"<p><img data-recalc-dims=\"1\" loading=\"lazy\" decoding=\"async\" src=\"https:\/\/i0.wp.com\/www.24baires.com\/wp-content\/uploads\/2012\/11\/Sbatella.jpg?resize=560%2C336\" alt=\"Sbatella\" width=\"560\" height=\"336\" class=\"aligncenter size-full wp-image-4493\" srcset=\"https:\/\/i0.wp.com\/www.24baires.com\/wp-content\/uploads\/2012\/11\/Sbatella.jpg?w=560 560w, https:\/\/i0.wp.com\/www.24baires.com\/wp-content\/uploads\/2012\/11\/Sbatella.jpg?resize=300%2C180 300w\" sizes=\"auto, (max-width: 560px) 100vw, 560px\" \/>El dirigente deb\u00eda cumplir con el cargo, para la lucha contra el lavado de activos, hasta febrero del 2018.<!--more--><\/p>\n<p>Jos\u00e9 Sbattella renunci\u00f3 este viernes a la presidencia de la Unidad de Informaci\u00f3n Financiera (UIF), organismo encargado de combatir el lavadode dinero, y dijo que tomaba esa decisi\u00f3n ante el\u00bbcambio de Gobierno\u00bb.<\/p>\n<p>La dimisi\u00f3n lleg\u00f3 luego de que Alejandro Vanoli dejara de ser presidente del Banco Central; Trist\u00e1n Bauer abandonara el \u00e1rea de Medios; y Mariano Recalde renunciara a ser presidente y gerente general de Aerol\u00edneas Argentinas.<\/p>\n<p>La carta dirigida al ministro de Justicia, Germ\u00e1n Garavano. \u00abH\u00e9 tomado tal la decisi\u00f3n como consecuencia del pedido de renuncia que he recibido por parte del Dr. Esteban Conte Grant, en vuestra representaci\u00f3n, qui\u00e9n me ha informado de la voluntad de las m\u00e1ximas autoridades nacionales de la necesidad de disponer del cargo\u00bb.<\/p>\n<p>\u00abCon asombro y preocupaci\u00f3n que la fuerza pol\u00edtica que asume la conducci\u00f3n de la Naci\u00f3n muestra claramente su decisi\u00f3n de desconocer las leyes que ha pregonado respetar y que constituy\u00f3 una de las consignas de su compa\u00f1a pol\u00edtica, desvirtuando en este caso el sentido y el esp\u00edritu de la norma\u00bb.<\/p>\n<p>\u00abMe refiero concretamente a la independencia de la conducci\u00f3n de la DIF respecto del resto de las agencias del Estado y del propio Poder Ejecutivo. Esa es precisamente la raz\u00f3n por la que el mandato de las autoridades de la UIF se cruce con el del Presidente de la Naci\u00f3n\u00bb.<\/p>\n","protected":false},"excerpt":{"rendered":"<p>El dirigente deb\u00eda cumplir con el cargo, para la lucha contra el lavado de activos, hasta febrero del 2018.<\/p>\n","protected":false},"author":8,"featured_media":0,"comment_status":"open","ping_status":"open","sticky":false,"template":"","format":"standard","meta":{"_jetpack_newsletter_access":"","_jetpack_dont_email_post_to_subs":false,"_jetpack_newsletter_tier_id":0,"_jetpack_memberships_contains_paywalled_content":false,"_jetpack_memberships_contains_paid_content":false,"footnotes":""},"categories":[51],"tags":[],"class_list":["post-76287","post","type-post","status-publish","format-standard","hentry","category-politica"],"jetpack_shortlink":"https:\/\/wp.me\/p2JWE0-jQr","jetpack-related-posts":[{"id":51882,"url":"http:\/\/www.24baires.com\/?p=51882","url_meta":{"origin":76287,"position":0},"title":"UIF: si Rafecas acepta la figura de terrorismo, se embargar\u00e1n los activos de los fondos buitre","author":"GB","date":"15\/08\/2014","format":false,"excerpt":"Lo afirm\u00f3 su titular, Jos\u00e9 Sbattella, en relaci\u00f3n a la denuncia contra la gr\u00e1fica Donnelley. Anticip\u00f3 que pedir\u00e1 el congelamiento de los activos de sus accionistas en la Argentina y en el resto de los pa\u00edses miembro del Grupo de Acci\u00f3n Financiera Internacional (GAFI). \"Si el juez acepta la figura\u2026","rel":"","context":"En \u00abEconom\u00eda\u00bb","block_context":{"text":"Econom\u00eda","link":"http:\/\/www.24baires.com\/?cat=45"},"img":{"alt_text":"","src":"https:\/\/i0.wp.com\/www.24baires.com\/wp-content\/uploads\/2014\/08\/donnelly.jpg?resize=350%2C200","width":350,"height":200,"srcset":"https:\/\/i0.wp.com\/www.24baires.com\/wp-content\/uploads\/2014\/08\/donnelly.jpg?resize=350%2C200 1x, https:\/\/i0.wp.com\/www.24baires.com\/wp-content\/uploads\/2014\/08\/donnelly.jpg?resize=525%2C300 1.5x"},"classes":[]},{"id":40159,"url":"http:\/\/www.24baires.com\/?p=40159","url_meta":{"origin":76287,"position":1},"title":"Sbattella: \u00abno hay ning\u00fan otro pa\u00eds donde la UIF dependa del Congreso\u00bb","author":"Grupo Sierra","date":"09\/02\/2014","format":false,"excerpt":"El titular de la Unidad de Informaci\u00f3n Financiera (UIF), Jos\u00e9 Sbattella, que fue propuesto por la presidenta Cristina Fern\u00e1ndez de Kirchner para un nuevo per\u00edodo frente al organismo, respondi\u00f3 as\u00ed a algunos cuestionamientos sobre la dependencia del organismo a su cargo. Habl\u00f3 de una presi\u00f3n medi\u00e1tica en su contra. El\u2026","rel":"","context":"En \u00abPol\u00edtica\u00bb","block_context":{"text":"Pol\u00edtica","link":"http:\/\/www.24baires.com\/?cat=51"},"img":{"alt_text":"sbatella","src":"https:\/\/i0.wp.com\/www.24baires.com\/wp-content\/uploads\/2014\/02\/sbatella-300x199.jpg?resize=350%2C200","width":350,"height":200},"classes":[]},{"id":35185,"url":"http:\/\/www.24baires.com\/?p=35185","url_meta":{"origin":76287,"position":2},"title":"Papel Prensa: \u201clos delitos econ\u00f3micos cometidos en la dictadura no prescribieron\u201d","author":"GB","date":"14\/11\/2013","format":false,"excerpt":"El titular de la Unidad de Informaci\u00f3n Financiera (UIF), Jos\u00e9 Sbattella, anticip\u00f3 hoy que \"la semana pr\u00f3xima\" podr\u00eda acusar a os principales accionistas de Papel Prensa de \"lavado de dinero\" proveniente de la apropiaci\u00f3n de bienes de desaparecidos. El titular de la Unidad de Informaci\u00f3n Financiera (UIF), Jos\u00e9 Sbattella anticip\u00f3\u2026","rel":"","context":"En \u00abMedios\u00bb","block_context":{"text":"Medios","link":"http:\/\/www.24baires.com\/?cat=54"},"img":{"alt_text":"pp","src":"https:\/\/i0.wp.com\/www.24baires.com\/wp-content\/uploads\/2013\/11\/pp-300x199.jpg?resize=350%2C200","width":350,"height":200},"classes":[]},{"id":42430,"url":"http:\/\/www.24baires.com\/?p=42430","url_meta":{"origin":76287,"position":3},"title":"Multan al banco Macro por no reportar lavado de dinero","author":"Grupo Sierra","date":"19\/03\/2014","format":false,"excerpt":"La sanci\u00f3n implic\u00f3 una multa de m\u00e1s de 800 mil pesos por omitir reportar operaciones sospechosas de lavado de dinero, y en lo que va del a\u00f1o la entidad financiera que preside Jorge Brito, ya acumul\u00f3 penas por m\u00e1s de 5 millones. Seg\u00fan inform\u00f3 hoy el organismo que preside Jos\u00e9\u2026","rel":"","context":"En \u00abEconom\u00eda\u00bb","block_context":{"text":"Econom\u00eda","link":"http:\/\/www.24baires.com\/?cat=45"},"img":{"alt_text":"lavado dinero","src":"https:\/\/i0.wp.com\/www.24baires.com\/wp-content\/uploads\/2014\/03\/lavado-dinero-300x227.jpg?resize=350%2C200","width":350,"height":200},"classes":[]},{"id":118521,"url":"http:\/\/www.24baires.com\/?p=118521","url_meta":{"origin":76287,"position":4},"title":"M\u00e1ximo Kirchner renunci\u00f3 a la presidencia del bloque de Diputados por el acuerdo con el FMI","author":"AF","date":"31\/01\/2022","format":false,"excerpt":"El diputado present\u00f3 una carta para anunciar su renuncia por \"no compartir la estrategia y los resultados de la negociaci\u00f3n con el FMI\". El dirigente M\u00e1ximo Kirchner renunci\u00f3 hoy a la presidencia del bloque de diputados nacionales del Frente de Todos en discrepancia con \"la estrategia utilizada\" por el Gobierno\u2026","rel":"","context":"En \u00abPol\u00edtica\u00bb","block_context":{"text":"Pol\u00edtica","link":"http:\/\/www.24baires.com\/?cat=51"},"img":{"alt_text":"","src":"https:\/\/i0.wp.com\/www.24baires.com\/wp-content\/uploads\/2022\/01\/maximo-kirchner-2jpeg.jpeg?resize=350%2C200","width":350,"height":200,"srcset":"https:\/\/i0.wp.com\/www.24baires.com\/wp-content\/uploads\/2022\/01\/maximo-kirchner-2jpeg.jpeg?resize=350%2C200 1x, https:\/\/i0.wp.com\/www.24baires.com\/wp-content\/uploads\/2022\/01\/maximo-kirchner-2jpeg.jpeg?resize=525%2C300 1.5x"},"classes":[]},{"id":121590,"url":"http:\/\/www.24baires.com\/?p=121590","url_meta":{"origin":76287,"position":5},"title":"Ricardo Alfons\u00edn no es m\u00e1s radical: present\u00f3 la renuncia a la afiliaci\u00f3n de la UCR","author":"GB","date":"30\/08\/2024","format":false,"excerpt":"El ex diputado nacional, Ricardo Alfons\u00edn, present\u00f3 hoy la renuncia a la afiliaci\u00f3n del partido. El hist\u00f3rico referente de la Uni\u00f3n C\u00edvica Radical (UCR), Ricardo Alfons\u00edn, present\u00f3 la renuncia a la afiliaci\u00f3n del partido por diferentes motivos ideol\u00f3gicos. As\u00ed, el ex diputado y quien supo ser Presidente del comit\u00e9 provincial\u2026","rel":"","context":"En \u00abProvincia\u00bb","block_context":{"text":"Provincia","link":"http:\/\/www.24baires.com\/?cat=40"},"img":{"alt_text":"","src":"https:\/\/i0.wp.com\/www.24baires.com\/wp-content\/uploads\/2024\/08\/ricardo-alfonsin.webp?resize=350%2C200","width":350,"height":200,"srcset":"https:\/\/i0.wp.com\/www.24baires.com\/wp-content\/uploads\/2024\/08\/ricardo-alfonsin.webp?resize=350%2C200 1x, https:\/\/i0.wp.com\/www.24baires.com\/wp-content\/uploads\/2024\/08\/ricardo-alfonsin.webp?resize=525%2C300 1.5x, https:\/\/i0.wp.com\/www.24baires.com\/wp-content\/uploads\/2024\/08\/ricardo-alfonsin.webp?resize=700%2C400 2x"},"classes":[]}],"jetpack_sharing_enabled":true,"jetpack_likes_enabled":true,"jetpack_featured_media_url":"","_links":{"self":[{"href":"http:\/\/www.24baires.com\/index.php?rest_route=\/wp\/v2\/posts\/76287","targetHints":{"allow":["GET"]}}],"collection":[{"href":"http:\/\/www.24baires.com\/index.php?rest_route=\/wp\/v2\/posts"}],"about":[{"href":"http:\/\/www.24baires.com\/index.php?rest_route=\/wp\/v2\/types\/post"}],"author":[{"embeddable":true,"href":"http:\/\/www.24baires.com\/index.php?rest_route=\/wp\/v2\/users\/8"}],"replies":[{"embeddable":true,"href":"http:\/\/www.24baires.com\/index.php?rest_route=%2Fwp%2Fv2%2Fcomments&post=76287"}],"version-history":[{"count":1,"href":"http:\/\/www.24baires.com\/index.php?rest_route=\/wp\/v2\/posts\/76287\/revisions"}],"predecessor-version":[{"id":76288,"href":"http:\/\/www.24baires.com\/index.php?rest_route=\/wp\/v2\/posts\/76287\/revisions\/76288"}],"wp:attachment":[{"href":"http:\/\/www.24baires.com\/index.php?rest_route=%2Fwp%2Fv2%2Fmedia&parent=76287"}],"wp:term":[{"taxonomy":"category","embeddable":true,"href":"http:\/\/www.24baires.com\/index.php?rest_route=%2Fwp%2Fv2%2Fcategories&post=76287"},{"taxonomy":"post_tag","embeddable":true,"href":"http:\/\/www.24baires.com\/index.php?rest_route=%2Fwp%2Fv2%2Ftags&post=76287"}],"curies":[{"name":"wp","href":"https:\/\/api.w.org\/{rel}","templated":true}]}}