{"id":76277,"date":"2015-12-11T19:00:33","date_gmt":"2015-12-11T22:00:33","guid":{"rendered":"http:\/\/www.24baires.com\/?p=76277"},"modified":"2015-12-11T18:08:17","modified_gmt":"2015-12-11T21:08:17","slug":"el-nuevo-gobierno-buscara-dejar-sin-efecto-el-memorandum-con-iran","status":"publish","type":"post","link":"http:\/\/www.24baires.com\/?p=76277","title":{"rendered":"El nuevo gobierno buscar\u00e1 dejar sin efecto el Memor\u00e1ndum con Ir\u00e1n"},"content":{"rendered":"<p>El lunes pr\u00f3ximo el flamante ministro de Justicia, Germ\u00e1n Garavano, presentar\u00e1 un escrito para dar de baja el acuerdo de entendimiento. Desistir\u00e1 de la apelaci\u00f3n que hab\u00eda presentado el Estado para revertir el fallo que lo hab\u00eda declarado inconstitucional.<!--more--><\/p>\n<p>El recientemente designado ministro de Justicia, Germ\u00e1n Garavano, presentar\u00e1 la pr\u00f3xima semana un escrito en el que manifiesta su intenci\u00f3n de para dar de baja el memor\u00e1ndum de entendimiento con Ir\u00e1n firmado por el gobierno de Cristina Kirchner.<\/p>\n<p>Nota Relacionada: AMIA y DAIA recusaron a los jueces que deber\u00e1n fallar sobre el Memor\u00e1ndum<br \/>\nTras el balotaje, Mauricio Macri, hab\u00eda anticipado que le iba a proponer al Congreso la derogaci\u00f3n del memorandum, sobre la investigaci\u00f3n del atentado terrorista a la AMIA, que en 1994 caus\u00f3 85 muertos.<\/p>\n<p>\u00abEs algo que no ayud\u00f3 a unir a los argentinos y mostrarnos coherentes frente al mundo\u00bb, hab\u00eda considerado el ahora Presidente. \u00abQueremos que el mundo sepa que somos previsibles\u00bb, hab\u00eda justificado Macri.<\/p>\n<p>El acuerdo del gobierno de la presidenta Cristina Kirchner e Ir\u00e1n fue firmado el 27 de enero de 2012 en Adis Adebba, Etiop\u00eda, por los cancilleres de ambos pa\u00edses, H\u00e9ctor Timerman y Ali Akbar Salehi. La Presidenta dio un mensaje por cadena nacional y calific\u00f3 el acuerdo como \u00abun hecho hist\u00f3rico\u00bb a la vez que justific\u00f3 la firma: \u00ab\u00bfCon qui\u00e9n quieren que negociemos? Con el \u00fanico pa\u00eds que podemos negociar para conseguir estas cosas es con Ir\u00e1n\u00bb.<\/p>\n<p>El memor\u00e1ndum preve\u00eda que los funcionarios de Ir\u00e1n acusados por la justicia argentina como supuestos autores mediatos del ataque a la AMIA, varios de ellos con \u00abalerta roja\u00bb de Interpol para su captura y extradici\u00f3n, fuesen interrogados en Teher\u00e1n por el juez federal Rodolfo Canicoba Corral.<\/p>\n<p>El documento constaba de nueve puntos entre los que se destacaba la creaci\u00f3n de una denominada Comisi\u00f3n de la Verdad, que estar\u00eda compuesta por juristas internacionales para cooperar con la investigaci\u00f3n. Tambi\u00e9n habilitaba a la justicia argentina a interrogar a los sospechosos iran\u00edes con notificaci\u00f3n roja de Interpol, en Teher\u00e1n.<\/p>\n<p>El acuerdo con Ir\u00e1n fue convertido en ley por el Congreso nacional el 27 de febrero de 2013, pese a la oposici\u00f3n de la representaci\u00f3n pol\u00edtica de la comunidad jud\u00eda argentina y de un sector de los familiares de las v\u00edctimas del atentado.<\/p>\n<p>Si bien los bloques de la oposici\u00f3n en Diputados trataron de derogar la norma, el planteo nunca pudo ser tratado en el recinto por decisi\u00f3n del kirchnerismo.<\/p>\n<p>Sin embargo, el acuerdo no lleg\u00f3 a implementarse porque el Parlamento de Ir\u00e1n nunca lo ratific\u00f3 y la Corte Suprema de Justicia argentina hizo lugar a un recurso de las entidades de la comunidad jud\u00eda DAIA y AMIA y lo declar\u00f3 inconstitucional.<\/p>\n<p>&nbsp;<\/p>\n<p>&nbsp;<\/p>\n<p>&nbsp;<\/p>\n<p>&nbsp;<\/p>\n<p>&nbsp;<\/p>\n<p>&nbsp;<\/p>\n<p>&nbsp;<\/p>\n<p>&nbsp;<\/p>\n<p>&nbsp;<\/p>\n<p>&nbsp;<\/p>\n<p>&nbsp;<\/p>\n<p>&nbsp;<\/p>\n<p>&nbsp;<\/p>\n<p>&nbsp;<\/p>\n<p>&nbsp;<\/p>\n<p>&nbsp;<\/p>\n<p>&nbsp;<\/p>\n","protected":false},"excerpt":{"rendered":"<p>El lunes pr\u00f3ximo el flamante ministro de Justicia, Germ\u00e1n Garavano, presentar\u00e1 un escrito para dar de baja el acuerdo de entendimiento. Desistir\u00e1 de la apelaci\u00f3n que hab\u00eda presentado el Estado para revertir el fallo que lo hab\u00eda declarado inconstitucional.<\/p>\n","protected":false},"author":8,"featured_media":0,"comment_status":"open","ping_status":"open","sticky":false,"template":"","format":"standard","meta":{"_jetpack_newsletter_access":"","_jetpack_dont_email_post_to_subs":false,"_jetpack_newsletter_tier_id":0,"_jetpack_memberships_contains_paywalled_content":false,"_jetpack_memberships_contains_paid_content":false,"footnotes":""},"categories":[51],"tags":[],"class_list":["post-76277","post","type-post","status-publish","format-standard","hentry","category-politica"],"jetpack_shortlink":"https:\/\/wp.me\/p2JWE0-jQh","jetpack-related-posts":[{"id":76296,"url":"http:\/\/www.24baires.com\/?p=76296","url_meta":{"origin":76277,"position":0},"title":"Confirman que el gobierno dejar\u00e1 sin efecto el memor\u00e1ndum con Ir\u00e1n","author":"GB","date":"12\/12\/2015","format":false,"excerpt":"El ministro de Justicia, Germ\u00e1n Garavano, afirm\u00f3 que \"la decisi\u00f3n est\u00e1 tomada\" y se concretar\u00e1 este lunes. De este modo, quedar\u00eda firme la decisi\u00f3n de la C\u00e1mara Federal de declarar inconstitucional el memor\u00e1ndum. El ministro de Justicia, Germ\u00e1n Garavano, afirm\u00f3 que \"la decisi\u00f3n\" de que el Gobierno Nacional desista de\u2026","rel":"","context":"En \u00abPol\u00edtica\u00bb","block_context":{"text":"Pol\u00edtica","link":"http:\/\/www.24baires.com\/?cat=51"},"img":{"alt_text":"Atentado_AMIA","src":"https:\/\/i0.wp.com\/www.24baires.com\/wp-content\/uploads\/2014\/05\/Atentado_AMIA.jpg?resize=350%2C200","width":350,"height":200,"srcset":"https:\/\/i0.wp.com\/www.24baires.com\/wp-content\/uploads\/2014\/05\/Atentado_AMIA.jpg?resize=350%2C200 1x, https:\/\/i0.wp.com\/www.24baires.com\/wp-content\/uploads\/2014\/05\/Atentado_AMIA.jpg?resize=525%2C300 1.5x"},"classes":[]},{"id":117875,"url":"http:\/\/www.24baires.com\/?p=117875","url_meta":{"origin":76277,"position":1},"title":"Cristina consider\u00f3 \u00abdisparate judicial, institucional y pol\u00edtico\u00bb a la causa del memor\u00e1ndum","author":"AF","date":"16\/07\/2021","format":false,"excerpt":"La vicepresidenta expuso durante la audiencia p\u00fablica, que fue escuchada por m\u00e1s de 20 mil personas a trav\u00e9s de YouTube. \"Se hicieron maniobras persecutorias para perjudicarnos a m\u00ed y mi familia\", asegur\u00f3. El Tribunal Oral Federal 8 debe resolver si declara o no la nulidad del proceso. La vicepresidenta Cristina\u2026","rel":"","context":"En \u00abJUDICIALES\u00bb","block_context":{"text":"JUDICIALES","link":"http:\/\/www.24baires.com\/?cat=68"},"img":{"alt_text":"","src":"https:\/\/i0.wp.com\/www.24baires.com\/wp-content\/uploads\/2021\/07\/cfk.jpg?resize=350%2C200","width":350,"height":200,"srcset":"https:\/\/i0.wp.com\/www.24baires.com\/wp-content\/uploads\/2021\/07\/cfk.jpg?resize=350%2C200 1x, https:\/\/i0.wp.com\/www.24baires.com\/wp-content\/uploads\/2021\/07\/cfk.jpg?resize=525%2C300 1.5x"},"classes":[]},{"id":68016,"url":"http:\/\/www.24baires.com\/?p=68016","url_meta":{"origin":76277,"position":2},"title":"Memor\u00e1ndum: Fijaron nueva fecha para difundir el veredicto","author":"GB","date":"23\/06\/2015","format":false,"excerpt":"La resoluci\u00f3n del planteo estaba prevista para el mediod\u00eda de ayer, pero dos de los tres camaristas de la Sala I del Tribunal, Luis Cabral y Ana Figueroa (el tercero es Juan Geminiani) no hab\u00edan completado sus votos. La C\u00e1mara Federal de Casaci\u00f3n Penal fij\u00f3 audiencia para el pr\u00f3ximo 30\u2026","rel":"","context":"En \u00abPol\u00edtica\u00bb","block_context":{"text":"Pol\u00edtica","link":"http:\/\/www.24baires.com\/?cat=51"},"img":{"alt_text":"","src":"","width":0,"height":0},"classes":[]},{"id":103330,"url":"http:\/\/www.24baires.com\/?p=103330","url_meta":{"origin":76277,"position":3},"title":"Timerman asegura que est\u00e1n usando la causa del Memorandum \u00abpara atacar a Cristina\u00bb","author":"AF","date":"13\/07\/2018","format":false,"excerpt":"Adem\u00e1s, el ex canciller se lament\u00f3 porque la \u00fanica causa que avanz\u00f3 es la que se le inici\u00f3 a \u00e9l y ex funcionarios del gobierno kirchnerista. El ex canciller Hector Timerman denunci\u00f3 este viernes que est\u00e1n usando la causa del Memorandum con Ir\u00e1n para atacar a la ex presidenta Cristina\u2026","rel":"","context":"En \u00abPol\u00edtica\u00bb","block_context":{"text":"Pol\u00edtica","link":"http:\/\/www.24baires.com\/?cat=51"},"img":{"alt_text":"","src":"https:\/\/i0.wp.com\/www.24baires.com\/wp-content\/uploads\/2013\/03\/timerman.jpg?resize=350%2C200","width":350,"height":200,"srcset":"https:\/\/i0.wp.com\/www.24baires.com\/wp-content\/uploads\/2013\/03\/timerman.jpg?resize=350%2C200 1x, https:\/\/i0.wp.com\/www.24baires.com\/wp-content\/uploads\/2013\/03\/timerman.jpg?resize=525%2C300 1.5x"},"classes":[]},{"id":46083,"url":"http:\/\/www.24baires.com\/?p=46083","url_meta":{"origin":76277,"position":4},"title":"Caso AMIA: Alak confirm\u00f3 que apelar\u00e1n el fallo por el memor\u00e1ndum","author":"Grupo Sierra","date":"15\/05\/2014","format":false,"excerpt":"El ministro de Justicia sostuvo que el gobierno \"ha estado a disposici\u00f3n de la b\u00fasqueda de la verdad\" en la investigaci\u00f3n por el atentado y adelant\u00f3 que se apelar\u00e1 el fallo de la C\u00e1mara por el memor\u00e1ndum con Ir\u00e1n. Adem\u00e1s, consider\u00f3 que el fallo de la C\u00e1mara Federal, que declar\u00f3\u2026","rel":"","context":"En \u00abSociedad\u00bb","block_context":{"text":"Sociedad","link":"http:\/\/www.24baires.com\/?cat=1"},"img":{"alt_text":"","src":"https:\/\/i0.wp.com\/www.24baires.com\/wp-content\/uploads\/2014\/05\/Atentado_AMIA.jpg?resize=350%2C200","width":350,"height":200,"srcset":"https:\/\/i0.wp.com\/www.24baires.com\/wp-content\/uploads\/2014\/05\/Atentado_AMIA.jpg?resize=350%2C200 1x, https:\/\/i0.wp.com\/www.24baires.com\/wp-content\/uploads\/2014\/05\/Atentado_AMIA.jpg?resize=525%2C300 1.5x"},"classes":[]},{"id":76759,"url":"http:\/\/www.24baires.com\/?p=76759","url_meta":{"origin":76277,"position":5},"title":"Dejaron firme la incostitucionalidad del memor\u00e1ndum con Ir\u00e1n","author":"GB","date":"22\/12\/2015","format":false,"excerpt":"El gobierno de Mauricio Macri decidi\u00f3 desistir de apelar el primer fallo, la C\u00e1mara Federal de Casaci\u00f3n Penal acept\u00f3 la postura y declar\u00f3 inconstitucional del acuerdo. El memor\u00e1ndum de entendimiento firmado por el gobierno de Cristina Kirchner y su par de Ir\u00e1n para esclarecer el atentado contra la AMIA es\u2026","rel":"","context":"En \u00abPol\u00edtica\u00bb","block_context":{"text":"Pol\u00edtica","link":"http:\/\/www.24baires.com\/?cat=51"},"img":{"alt_text":"Atentado_AMIA","src":"https:\/\/i0.wp.com\/www.24baires.com\/wp-content\/uploads\/2014\/05\/Atentado_AMIA.jpg?resize=350%2C200","width":350,"height":200,"srcset":"https:\/\/i0.wp.com\/www.24baires.com\/wp-content\/uploads\/2014\/05\/Atentado_AMIA.jpg?resize=350%2C200 1x, https:\/\/i0.wp.com\/www.24baires.com\/wp-content\/uploads\/2014\/05\/Atentado_AMIA.jpg?resize=525%2C300 1.5x"},"classes":[]}],"jetpack_sharing_enabled":true,"jetpack_likes_enabled":true,"jetpack_featured_media_url":"","_links":{"self":[{"href":"http:\/\/www.24baires.com\/index.php?rest_route=\/wp\/v2\/posts\/76277","targetHints":{"allow":["GET"]}}],"collection":[{"href":"http:\/\/www.24baires.com\/index.php?rest_route=\/wp\/v2\/posts"}],"about":[{"href":"http:\/\/www.24baires.com\/index.php?rest_route=\/wp\/v2\/types\/post"}],"author":[{"embeddable":true,"href":"http:\/\/www.24baires.com\/index.php?rest_route=\/wp\/v2\/users\/8"}],"replies":[{"embeddable":true,"href":"http:\/\/www.24baires.com\/index.php?rest_route=%2Fwp%2Fv2%2Fcomments&post=76277"}],"version-history":[{"count":1,"href":"http:\/\/www.24baires.com\/index.php?rest_route=\/wp\/v2\/posts\/76277\/revisions"}],"predecessor-version":[{"id":76278,"href":"http:\/\/www.24baires.com\/index.php?rest_route=\/wp\/v2\/posts\/76277\/revisions\/76278"}],"wp:attachment":[{"href":"http:\/\/www.24baires.com\/index.php?rest_route=%2Fwp%2Fv2%2Fmedia&parent=76277"}],"wp:term":[{"taxonomy":"category","embeddable":true,"href":"http:\/\/www.24baires.com\/index.php?rest_route=%2Fwp%2Fv2%2Fcategories&post=76277"},{"taxonomy":"post_tag","embeddable":true,"href":"http:\/\/www.24baires.com\/index.php?rest_route=%2Fwp%2Fv2%2Ftags&post=76277"}],"curies":[{"name":"wp","href":"https:\/\/api.w.org\/{rel}","templated":true}]}}