{"id":76274,"date":"2015-12-11T18:30:08","date_gmt":"2015-12-11T21:30:08","guid":{"rendered":"http:\/\/www.24baires.com\/?p=76274"},"modified":"2015-12-11T18:05:39","modified_gmt":"2015-12-11T21:05:39","slug":"gremios-docentes-tuvieron-su-primera-reunion-con-bullrich","status":"publish","type":"post","link":"http:\/\/www.24baires.com\/?p=76274","title":{"rendered":"Gremios docentes tuvieron su primera reuni\u00f3n con Bullrich"},"content":{"rendered":"<p><img data-recalc-dims=\"1\" loading=\"lazy\" decoding=\"async\" class=\"aligncenter size-full wp-image-76275\" src=\"https:\/\/i0.wp.com\/www.24baires.com\/wp-content\/uploads\/2015\/12\/paritaria-docentes.jpg?resize=560%2C372\" alt=\"paritaria docentes\" width=\"560\" height=\"372\" srcset=\"https:\/\/i0.wp.com\/www.24baires.com\/wp-content\/uploads\/2015\/12\/paritaria-docentes.jpg?w=560 560w, https:\/\/i0.wp.com\/www.24baires.com\/wp-content\/uploads\/2015\/12\/paritaria-docentes.jpg?resize=300%2C199 300w\" sizes=\"auto, (max-width: 560px) 100vw, 560px\" \/>Los cinco gremios nacionales plantearon al flamante ministro de Educaci\u00f3n la necesidad de fijar paritarias abiertas en el contexto de los nuevos anuncios econ\u00f3micos y pidieron garantizar el financiamiento de la educaci\u00f3n en todo el pa\u00eds.<!--more--><\/p>\n<p>La reuni\u00f3n cont\u00f3 con los representantes de la Confederaci\u00f3n de Trabajadores de la Educaci\u00f3n (Ctera), la Uni\u00f3n de Docentes Argentinos (UDA), la Asociaci\u00f3n del Magisterio de la Ense\u00f1anza T\u00e9cnica (AMET), el Sindicato Argentino de Docentes Particulares (Sadop) y la Confederaci\u00f3n de Educadores Argentinos (CEA).<\/p>\n<p>\u00abLa reuni\u00f3n vehiculiz\u00f3 nuestras preocupaciones, tanto en el tema de los salarios como en la necesidad de garantizar el financiamiento de la educaci\u00f3n en todo el pa\u00eds\u00bb, dijo a T\u00e9lam Sonia Alesso, secretaria general de Ctera, al salir de la reuni\u00f3n que comenz\u00f3 poco despu\u00e9s de las 13.<\/p>\n<p>Alesso calific\u00f3 la primera reuni\u00f3n con Bullrich como amena pero sin definiciones, y explic\u00f3: \u00abEl gabinete educativo comenzar\u00e1 a funcionar la semana pr\u00f3xima, seg\u00fan nos inform\u00f3 Bullrich\u00bb.<\/p>\n<p>\u00abLe manifestamos nuestra preocupaci\u00f3n por definir estas paritarias como abiertas; es decir, volver a reunirnos a mitad de a\u00f1o, sea cual sea el acuerdo que alcancemos en estas negociaciones ya que estamos ante nuevas medidas econ\u00f3micas que se anunciar\u00e1n los pr\u00f3ximos d\u00edas\u00bb, dijo la titular de Ctera.<\/p>\n<p>Durante las conversaciones, \u00abBullrich adelant\u00f3 que prev\u00e9 reunirse con el ministro de Hacienda, Alfonso Prat Gay, y posteriormente volver\u00e1 a convocarnos para continuar con la discusi\u00f3n salarial\u00bb, continu\u00f3.<\/p>\n<p>La referente de Ctera explic\u00f3 que los maestros no saben \u00abel impacto que la pol\u00edtica econ\u00f3mica va a tener en los salarios docentes, en la infraestructura educativa y en las condiciones laborales por la anunciada devaluaci\u00f3n\u00bb, por lo que le pidieron a Bullriche que estas paritarias \u00abtengan car\u00e1cter de abiertas\u00bb.<\/p>\n<p>Adem\u00e1s, \u00able recordamos que la C\u00e1mara de Diputados discute la ley de financiamiento\u00bb, algo que para los gremios docentes \u00abes clave para garantizar que la educaci\u00f3n llegue a todo el pa\u00eds\u00bb.<\/p>\n<p>Por su parte, el secretario de Comunicaci\u00f3n del Sindicato Argentino de Docentes Particulares, Gerardo Alzamora, estim\u00f3 que en el marco de una \u00abreuni\u00f3n distendida\u00bb en la que Bullrich se mostr\u00f3 predispuesto a escucharlos pudieron \u00abplantear tres urgencias para los gremios docentes: el cumplimiento de la Ley Nacional, que contempla la participaci\u00f3n de los cinco sindicatos nacionales en las reuniones del Consejo Federal de Educaci\u00f3n; el impacto del impuesto a las ganancias en los salarios docentes; y partir del salario m\u00ednimo vital y m\u00f3vil (de 6.060 pesos) y no del inicial (5.900 pesos) para fijar el porcentaje de aumento salarial docente para 2016\u00bb.<\/p>\n<p>La reuni\u00f3n, si bien no tuvo definiciones, coincidieron los representantes gremiales, permiti\u00f3 tratar la necesidad de refrendar acuerdos en torno a la formaci\u00f3n docente continua, un logro de acuerdos paritarios anteriores.<\/p>\n<p>El ministro anunci\u00f3 una nueva reuni\u00f3n a realizarse antes de finales del a\u00f1o con los cinco sindicatos, y prefiri\u00f3 no hacer declaraciones ni difundir un comunicado tras la reuni\u00f3n, la primera de la serie de encuentros que discutir\u00e1n el piso m\u00ednimo nacional del salario de los docentes de todo el pa\u00eds para 2016.<\/p>\n","protected":false},"excerpt":{"rendered":"<p>Los cinco gremios nacionales plantearon al flamante ministro de Educaci\u00f3n la necesidad de fijar paritarias abiertas en el contexto de los nuevos anuncios econ\u00f3micos y pidieron garantizar el financiamiento de la educaci\u00f3n en todo el pa\u00eds.<\/p>\n","protected":false},"author":8,"featured_media":0,"comment_status":"open","ping_status":"open","sticky":false,"template":"","format":"standard","meta":{"_jetpack_newsletter_access":"","_jetpack_dont_email_post_to_subs":false,"_jetpack_newsletter_tier_id":0,"_jetpack_memberships_contains_paywalled_content":false,"_jetpack_memberships_contains_paid_content":false,"footnotes":""},"categories":[51],"tags":[],"class_list":["post-76274","post","type-post","status-publish","format-standard","hentry","category-politica"],"jetpack_shortlink":"https:\/\/wp.me\/p2JWE0-jQe","jetpack-related-posts":[{"id":121082,"url":"http:\/\/www.24baires.com\/?p=121082","url_meta":{"origin":76274,"position":0},"title":"Sin acuerdo con los docentes tras la Paritaria Nacional: anunciaron jornada de protesta","author":"GB","date":"06\/03\/2024","format":false,"excerpt":"Los gremios docentes consideraron la propuesta salarial del gobierno como insuficiente y se mantienen en \u201cestado de alerta y movilizaci\u00f3n, a la espera de una oferta razonable\u201d La Confederaci\u00f3n de Trabajadores de la Educaci\u00f3n (CTERA), luego de la reuni\u00f3n con representantes del gobierno de Javier Milei en el marco de\u2026","rel":"","context":"En \u00abPol\u00edtica\u00bb","block_context":{"text":"Pol\u00edtica","link":"http:\/\/www.24baires.com\/?cat=51"},"img":{"alt_text":"","src":"https:\/\/i0.wp.com\/www.24baires.com\/wp-content\/uploads\/2024\/03\/cyera.webp?resize=350%2C200","width":350,"height":200,"srcset":"https:\/\/i0.wp.com\/www.24baires.com\/wp-content\/uploads\/2024\/03\/cyera.webp?resize=350%2C200 1x, https:\/\/i0.wp.com\/www.24baires.com\/wp-content\/uploads\/2024\/03\/cyera.webp?resize=525%2C300 1.5x, https:\/\/i0.wp.com\/www.24baires.com\/wp-content\/uploads\/2024\/03\/cyera.webp?resize=700%2C400 2x"},"classes":[]},{"id":106892,"url":"http:\/\/www.24baires.com\/?p=106892","url_meta":{"origin":76274,"position":1},"title":"Los docentes volver\u00e1n a pedir la paritaria nacional","author":"AF","date":"18\/02\/2019","format":false,"excerpt":"Los cuatro gremios con representaci\u00f3n en todo el pa\u00eds se reunir\u00e1n esta tarde con el ministro Alejandro Finocchiaro para participar de la \u201cmesa de convenio marco\u201d, la instancia que cre\u00f3 el Gobierno al eliminar la paritaria nacional. \u201cEl Gobierno deber\u00eda cumplir con la ley, convocando a la paritaria nacional docente\u201d,\u2026","rel":"","context":"En \u00abSociedad\u00bb","block_context":{"text":"Sociedad","link":"http:\/\/www.24baires.com\/?cat=1"},"img":{"alt_text":"","src":"https:\/\/i0.wp.com\/www.24baires.com\/wp-content\/uploads\/2018\/06\/docentes-en-lucha.jpg?resize=350%2C200","width":350,"height":200,"srcset":"https:\/\/i0.wp.com\/www.24baires.com\/wp-content\/uploads\/2018\/06\/docentes-en-lucha.jpg?resize=350%2C200 1x, https:\/\/i0.wp.com\/www.24baires.com\/wp-content\/uploads\/2018\/06\/docentes-en-lucha.jpg?resize=525%2C300 1.5x"},"classes":[]},{"id":114183,"url":"http:\/\/www.24baires.com\/?p=114183","url_meta":{"origin":76274,"position":2},"title":"El piso salarial de referencia para los docentes comenzar\u00e1 a discutirse el mi\u00e9rcoles","author":"GB","date":"21\/02\/2020","format":false,"excerpt":"El Gobierno nacional recibi\u00f3 a los cinco gremios del sector para comenzar a debatir sobre diferentes puntos que hacen al plano educativo. Este jueves comenz\u00f3 la paritaria nacional docente con una primera reuni\u00f3n entre las autoridades del Ministerio de Educaci\u00f3n y los cinco gremios m\u00e1s representativos del sector. En ese\u2026","rel":"","context":"En \u00abPol\u00edtica\u00bb","block_context":{"text":"Pol\u00edtica","link":"http:\/\/www.24baires.com\/?cat=51"},"img":{"alt_text":"","src":"https:\/\/i0.wp.com\/www.24baires.com\/wp-content\/uploads\/2020\/02\/paritaria-nac.jpg?resize=350%2C200","width":350,"height":200,"srcset":"https:\/\/i0.wp.com\/www.24baires.com\/wp-content\/uploads\/2020\/02\/paritaria-nac.jpg?resize=350%2C200 1x, https:\/\/i0.wp.com\/www.24baires.com\/wp-content\/uploads\/2020\/02\/paritaria-nac.jpg?resize=525%2C300 1.5x"},"classes":[]},{"id":46907,"url":"http:\/\/www.24baires.com\/?p=46907","url_meta":{"origin":76274,"position":3},"title":"Por un acuerdo: se debatir\u00e1 ma\u00f1ana la paritaria nacional docente","author":"Grupo Sierra","date":"28\/05\/2014","format":false,"excerpt":"El ministro de Educaci\u00f3n llam\u00f3 para este jueves a los dirigentes de los cinco gremios docentes con representaci\u00f3n en todo el pa\u00eds a una nueva reuni\u00f3n en el marco de la mesa paritaria nacional del sector. Seg\u00fan inform\u00f3 la cartera educativa, el encuentro tendr\u00e1 lugar a las 16 en el\u2026","rel":"","context":"En \u00abPol\u00edtica\u00bb","block_context":{"text":"Pol\u00edtica","link":"http:\/\/www.24baires.com\/?cat=51"},"img":{"alt_text":"sileoni guamini","src":"https:\/\/i0.wp.com\/www.24baires.com\/wp-content\/uploads\/2014\/05\/sileoni-guamini.jpg?resize=350%2C200","width":350,"height":200,"srcset":"https:\/\/i0.wp.com\/www.24baires.com\/wp-content\/uploads\/2014\/05\/sileoni-guamini.jpg?resize=350%2C200 1x, https:\/\/i0.wp.com\/www.24baires.com\/wp-content\/uploads\/2014\/05\/sileoni-guamini.jpg?resize=525%2C300 1.5x"},"classes":[]},{"id":61644,"url":"http:\/\/www.24baires.com\/?p=61644","url_meta":{"origin":76274,"position":4},"title":"El Gobierno nacional recibe hoy a docentes para discutir paritarias","author":"AF","date":"12\/02\/2015","format":false,"excerpt":"El ministro de Educaci\u00f3n de la Naci\u00f3n, Alberto Sileoni, llam\u00f3 a los dirigentes de los cinco gremios con representaci\u00f3n en todo el pa\u00eds a un nuevo encuentro. Ser\u00e1 a las 16 en el Palacio Sarmiento. El encuentro tendr\u00e1 lugar a las 16 en el Palacio Sarmiento, sede de la cartera\u2026","rel":"","context":"En \u00abSociedad\u00bb","block_context":{"text":"Sociedad","link":"http:\/\/www.24baires.com\/?cat=1"},"img":{"alt_text":"","src":"","width":0,"height":0},"classes":[]},{"id":77312,"url":"http:\/\/www.24baires.com\/?p=77312","url_meta":{"origin":76274,"position":5},"title":"Gremios docentes coincidieron en defender \u00abel poder adquisitivo del salario\u00bb","author":"GB","date":"07\/01\/2016","format":false,"excerpt":"Los representantes de los cinco gremios docentes nacionales lo afirmaron antes de iniciar una reuni\u00f3n con el ministro de Educaci\u00f3n de la Naci\u00f3n, Esteban Bullrich, para definir los grupos t\u00e9cnicos de cara a las paritarias. Los dirigentes coincidieron en declaraciones a la prensa que la devaluaci\u00f3n, la inflaci\u00f3n, la quita\u2026","rel":"","context":"En \u00abSociedad\u00bb","block_context":{"text":"Sociedad","link":"http:\/\/www.24baires.com\/?cat=1"},"img":{"alt_text":"Baradel","src":"https:\/\/i0.wp.com\/www.24baires.com\/wp-content\/uploads\/2014\/03\/Baradel.jpg?resize=350%2C200","width":350,"height":200},"classes":[]}],"jetpack_sharing_enabled":true,"jetpack_likes_enabled":true,"jetpack_featured_media_url":"","_links":{"self":[{"href":"http:\/\/www.24baires.com\/index.php?rest_route=\/wp\/v2\/posts\/76274","targetHints":{"allow":["GET"]}}],"collection":[{"href":"http:\/\/www.24baires.com\/index.php?rest_route=\/wp\/v2\/posts"}],"about":[{"href":"http:\/\/www.24baires.com\/index.php?rest_route=\/wp\/v2\/types\/post"}],"author":[{"embeddable":true,"href":"http:\/\/www.24baires.com\/index.php?rest_route=\/wp\/v2\/users\/8"}],"replies":[{"embeddable":true,"href":"http:\/\/www.24baires.com\/index.php?rest_route=%2Fwp%2Fv2%2Fcomments&post=76274"}],"version-history":[{"count":1,"href":"http:\/\/www.24baires.com\/index.php?rest_route=\/wp\/v2\/posts\/76274\/revisions"}],"predecessor-version":[{"id":76276,"href":"http:\/\/www.24baires.com\/index.php?rest_route=\/wp\/v2\/posts\/76274\/revisions\/76276"}],"wp:attachment":[{"href":"http:\/\/www.24baires.com\/index.php?rest_route=%2Fwp%2Fv2%2Fmedia&parent=76274"}],"wp:term":[{"taxonomy":"category","embeddable":true,"href":"http:\/\/www.24baires.com\/index.php?rest_route=%2Fwp%2Fv2%2Fcategories&post=76274"},{"taxonomy":"post_tag","embeddable":true,"href":"http:\/\/www.24baires.com\/index.php?rest_route=%2Fwp%2Fv2%2Ftags&post=76274"}],"curies":[{"name":"wp","href":"https:\/\/api.w.org\/{rel}","templated":true}]}}