{"id":76263,"date":"2015-12-11T16:10:37","date_gmt":"2015-12-11T19:10:37","guid":{"rendered":"http:\/\/www.24baires.com\/?p=76263"},"modified":"2015-12-11T16:10:37","modified_gmt":"2015-12-11T19:10:37","slug":"massa-y-macri-juntos-en-casa-rosada","status":"publish","type":"post","link":"http:\/\/www.24baires.com\/?p=76263","title":{"rendered":"Massa y Macri, juntos en Casa Rosada"},"content":{"rendered":"<p><img data-recalc-dims=\"1\" loading=\"lazy\" decoding=\"async\" class=\"aligncenter size-full wp-image-76264\" src=\"https:\/\/i0.wp.com\/www.24baires.com\/wp-content\/uploads\/2015\/12\/macri-massa.jpg?resize=560%2C372\" alt=\"macri massa\" width=\"560\" height=\"372\" srcset=\"https:\/\/i0.wp.com\/www.24baires.com\/wp-content\/uploads\/2015\/12\/macri-massa.jpg?w=560 560w, https:\/\/i0.wp.com\/www.24baires.com\/wp-content\/uploads\/2015\/12\/macri-massa.jpg?resize=300%2C199 300w\" sizes=\"auto, (max-width: 560px) 100vw, 560px\" \/>Pasadas las 14:30, el Presidente de la Naci\u00f3n comenz\u00f3 el encuentro con el ex candidato presidencial de UNA. La cita, que originalmente estaba pautada para las 15:30, se adelant\u00f3 una hora.<!--more--><\/p>\n<p>El presidente Mauricio Macri recibe desde las 14.38, en su despacho de Casa de Gobierno, al ex candidato presidencial del Frente UNA, Sergio Massa.<\/p>\n<p>El encuentro se adelant\u00f3 una hora, al igual que los programados con los postulantes del GEN, Margarita Stolbizer, que ser\u00e1 a las 15.30, y de Compromiso Federal, Adolfo Rodr\u00edguez Sa\u00e1, que se realizar\u00e1 a las 16.<\/p>\n","protected":false},"excerpt":{"rendered":"<p>Pasadas las 14:30, el Presidente de la Naci\u00f3n comenz\u00f3 el encuentro con el ex candidato presidencial de UNA. La cita, que originalmente estaba pautada para las 15:30, se adelant\u00f3 una hora.<\/p>\n","protected":false},"author":8,"featured_media":0,"comment_status":"open","ping_status":"open","sticky":false,"template":"","format":"standard","meta":{"_jetpack_newsletter_access":"","_jetpack_dont_email_post_to_subs":false,"_jetpack_newsletter_tier_id":0,"_jetpack_memberships_contains_paywalled_content":false,"_jetpack_memberships_contains_paid_content":false,"footnotes":""},"categories":[51],"tags":[],"class_list":["post-76263","post","type-post","status-publish","format-standard","hentry","category-politica"],"jetpack_shortlink":"https:\/\/wp.me\/p2JWE0-jQ3","jetpack-related-posts":[{"id":108614,"url":"http:\/\/www.24baires.com\/?p=108614","url_meta":{"origin":76263,"position":0},"title":"Alberto Fern\u00e1ndez: \u00abMacri est\u00e1 con Bolsonaro, yo estoy con Mujica\u00bb","author":"AF","date":"06\/06\/2019","format":false,"excerpt":"El pre candidato presidencial asegur\u00f3 adem\u00e1s que Sergio Massa sabe donde debe estar para poder que en la Argentina \"se pueda dar vuelta la p\u00e1gina macrista\". El pre candidato a presidente de la Naci\u00f3n, Alberto Fern\u00e1ndez, confi\u00f3 en que (Sergio) \"Massa sabe donde debe estar\" de cara al fin del\u2026","rel":"","context":"En \u00abPol\u00edtica\u00bb","block_context":{"text":"Pol\u00edtica","link":"http:\/\/www.24baires.com\/?cat=51"},"img":{"alt_text":"","src":"https:\/\/i0.wp.com\/www.24baires.com\/wp-content\/uploads\/2019\/06\/MUJICA-FERN%C3%81NDEZ.jpg?resize=350%2C200","width":350,"height":200,"srcset":"https:\/\/i0.wp.com\/www.24baires.com\/wp-content\/uploads\/2019\/06\/MUJICA-FERN%C3%81NDEZ.jpg?resize=350%2C200 1x, https:\/\/i0.wp.com\/www.24baires.com\/wp-content\/uploads\/2019\/06\/MUJICA-FERN%C3%81NDEZ.jpg?resize=525%2C300 1.5x"},"classes":[]},{"id":120442,"url":"http:\/\/www.24baires.com\/?p=120442","url_meta":{"origin":76263,"position":1},"title":"Massa prometi\u00f3 la eliminaci\u00f3n del impuesto a las ganancias","author":"GB","date":"07\/09\/2023","format":false,"excerpt":"El ministro de Econom\u00eda, Sergio Massa, dijo que sacar\u00eda el impuesto a las Ganancias cuando sea presidente, aunque desliz\u00f3 que podr\u00eda ser antes. El ministro de Econom\u00eda y candidato presidencial de Uni\u00f3n por la Patria, Sergio Massa, anticip\u00f3 anoche que si llegara a ser presidente, eliminar\u00e1 el Impuesto a las\u2026","rel":"","context":"En \u00abEconom\u00eda\u00bb","block_context":{"text":"Econom\u00eda","link":"http:\/\/www.24baires.com\/?cat=45"},"img":{"alt_text":"","src":"https:\/\/i0.wp.com\/www.24baires.com\/wp-content\/uploads\/2023\/09\/massa.webp?resize=350%2C200","width":350,"height":200,"srcset":"https:\/\/i0.wp.com\/www.24baires.com\/wp-content\/uploads\/2023\/09\/massa.webp?resize=350%2C200 1x, https:\/\/i0.wp.com\/www.24baires.com\/wp-content\/uploads\/2023\/09\/massa.webp?resize=525%2C300 1.5x, https:\/\/i0.wp.com\/www.24baires.com\/wp-content\/uploads\/2023\/09\/massa.webp?resize=700%2C400 2x"},"classes":[]},{"id":120494,"url":"http:\/\/www.24baires.com\/?p=120494","url_meta":{"origin":76263,"position":2},"title":"Ahora se justifica: Macri dijo que se \u201cequivoc\u00f3\u201d al prometer la eliminaci\u00f3n de Ganancias","author":"GB","date":"21\/09\/2023","format":false,"excerpt":"Mientras visita la provincia de C\u00f3rdoba para hacer campa\u00f1a por Patricia Bullrich, el fundador del PRO intent\u00f3 justificar su cambio de opini\u00f3n en relaci\u00f3n al impuesto. El expresidente Mauricio Macri dej\u00f3 en claro su cambio de opini\u00f3n respecto a la eliminaci\u00f3n del Impuesto a las Ganancias. Tras calificar de \u201ctriste,\u2026","rel":"","context":"En \u00abPol\u00edtica\u00bb","block_context":{"text":"Pol\u00edtica","link":"http:\/\/www.24baires.com\/?cat=51"},"img":{"alt_text":"","src":"https:\/\/i0.wp.com\/www.24baires.com\/wp-content\/uploads\/2023\/09\/macri.jpg?resize=350%2C200","width":350,"height":200,"srcset":"https:\/\/i0.wp.com\/www.24baires.com\/wp-content\/uploads\/2023\/09\/macri.jpg?resize=350%2C200 1x, https:\/\/i0.wp.com\/www.24baires.com\/wp-content\/uploads\/2023\/09\/macri.jpg?resize=525%2C300 1.5x, https:\/\/i0.wp.com\/www.24baires.com\/wp-content\/uploads\/2023\/09\/macri.jpg?resize=700%2C400 2x"},"classes":[]},{"id":103297,"url":"http:\/\/www.24baires.com\/?p=103297","url_meta":{"origin":76263,"position":3},"title":"Felipe Sol\u00e1 quiere ganarle a Macri \u00abrepresentando a un peronismo unido\u00bb","author":"Grupo Sierra","date":"12\/07\/2018","format":false,"excerpt":"El ex gobernador y actual diputado del Frente Renovador, Felipe Sol\u00e1, ratific\u00f3 sus aspiraciones presidenciales de cara a 2019 y se posicion\u00f3 como el candidato de la unidad, al tiempo que consider\u00f3 que \"el que trabaja para que haya dos peronismos trabaja para (Mauricio) Macri\". \"Quiero ganarle a Macri y\u2026","rel":"","context":"En \u00abPol\u00edtica\u00bb","block_context":{"text":"Pol\u00edtica","link":"http:\/\/www.24baires.com\/?cat=51"},"img":{"alt_text":"","src":"https:\/\/i0.wp.com\/www.24baires.com\/wp-content\/uploads\/2014\/07\/felipe-sol%C3%A1.jpg?resize=350%2C200","width":350,"height":200,"srcset":"https:\/\/i0.wp.com\/www.24baires.com\/wp-content\/uploads\/2014\/07\/felipe-sol%C3%A1.jpg?resize=350%2C200 1x, https:\/\/i0.wp.com\/www.24baires.com\/wp-content\/uploads\/2014\/07\/felipe-sol%C3%A1.jpg?resize=525%2C300 1.5x"},"classes":[]},{"id":120588,"url":"http:\/\/www.24baires.com\/?p=120588","url_meta":{"origin":76263,"position":4},"title":"Desde el radicalismo advirtieron que Juntos podr\u00eda romperse","author":"GB","date":"25\/10\/2023","format":false,"excerpt":"Dirigentes del radicalismo advirtieron que Juntos por el Cambio podr\u00e1 romperse si el PRO decide apoyar a Javier Milei. Ernesto Sanz, exsenador, expresidente de la Uni\u00f3n C\u00edvica Radical (UCR) y uno de los fundadores de Cambiemos, advirti\u00f3 sobre la posibilidad de una ruptura de la coalici\u00f3n opositora Juntos por el\u2026","rel":"","context":"En \u00abPol\u00edtica\u00bb","block_context":{"text":"Pol\u00edtica","link":"http:\/\/www.24baires.com\/?cat=51"},"img":{"alt_text":"","src":"https:\/\/i0.wp.com\/www.24baires.com\/wp-content\/uploads\/2023\/10\/jxc.jpg?resize=350%2C200","width":350,"height":200,"srcset":"https:\/\/i0.wp.com\/www.24baires.com\/wp-content\/uploads\/2023\/10\/jxc.jpg?resize=350%2C200 1x, https:\/\/i0.wp.com\/www.24baires.com\/wp-content\/uploads\/2023\/10\/jxc.jpg?resize=525%2C300 1.5x, https:\/\/i0.wp.com\/www.24baires.com\/wp-content\/uploads\/2023\/10\/jxc.jpg?resize=700%2C400 2x"},"classes":[]},{"id":108256,"url":"http:\/\/www.24baires.com\/?p=108256","url_meta":{"origin":76263,"position":5},"title":"Massa confirm\u00f3 su candidatura presidencial y pidi\u00f3 construir \u201cun nuevo peronismo\u201d","author":"GB","date":"19\/05\/2019","format":false,"excerpt":"El tigrense valor\u00f3 el \u201cgesto\u201d de Cristina Kirchner y pidi\u00f3 lo mismo de parte del Gobierno. Insisti\u00f3 en el \u201cfracaso\u201d de Mauricio Macri y en la necesidad de \u201cconstruir una gran coalici\u00f3n opositora\u201d. \u201cSoy m\u00e1s candidato a presidente que ayer\u201d, asever\u00f3 Sergio Massa tras conocerse la f\u00f3rmula Alberto Fern\u00e1ndez \u2013\u2026","rel":"","context":"En \u00abPol\u00edtica\u00bb","block_context":{"text":"Pol\u00edtica","link":"http:\/\/www.24baires.com\/?cat=51"},"img":{"alt_text":"","src":"https:\/\/i0.wp.com\/www.24baires.com\/wp-content\/uploads\/2016\/09\/s-massa.jpg?resize=350%2C200","width":350,"height":200,"srcset":"https:\/\/i0.wp.com\/www.24baires.com\/wp-content\/uploads\/2016\/09\/s-massa.jpg?resize=350%2C200 1x, https:\/\/i0.wp.com\/www.24baires.com\/wp-content\/uploads\/2016\/09\/s-massa.jpg?resize=525%2C300 1.5x"},"classes":[]}],"jetpack_sharing_enabled":true,"jetpack_likes_enabled":true,"jetpack_featured_media_url":"","_links":{"self":[{"href":"http:\/\/www.24baires.com\/index.php?rest_route=\/wp\/v2\/posts\/76263","targetHints":{"allow":["GET"]}}],"collection":[{"href":"http:\/\/www.24baires.com\/index.php?rest_route=\/wp\/v2\/posts"}],"about":[{"href":"http:\/\/www.24baires.com\/index.php?rest_route=\/wp\/v2\/types\/post"}],"author":[{"embeddable":true,"href":"http:\/\/www.24baires.com\/index.php?rest_route=\/wp\/v2\/users\/8"}],"replies":[{"embeddable":true,"href":"http:\/\/www.24baires.com\/index.php?rest_route=%2Fwp%2Fv2%2Fcomments&post=76263"}],"version-history":[{"count":1,"href":"http:\/\/www.24baires.com\/index.php?rest_route=\/wp\/v2\/posts\/76263\/revisions"}],"predecessor-version":[{"id":76265,"href":"http:\/\/www.24baires.com\/index.php?rest_route=\/wp\/v2\/posts\/76263\/revisions\/76265"}],"wp:attachment":[{"href":"http:\/\/www.24baires.com\/index.php?rest_route=%2Fwp%2Fv2%2Fmedia&parent=76263"}],"wp:term":[{"taxonomy":"category","embeddable":true,"href":"http:\/\/www.24baires.com\/index.php?rest_route=%2Fwp%2Fv2%2Fcategories&post=76263"},{"taxonomy":"post_tag","embeddable":true,"href":"http:\/\/www.24baires.com\/index.php?rest_route=%2Fwp%2Fv2%2Ftags&post=76263"}],"curies":[{"name":"wp","href":"https:\/\/api.w.org\/{rel}","templated":true}]}}