{"id":76256,"date":"2015-12-11T14:00:08","date_gmt":"2015-12-11T17:00:08","guid":{"rendered":"http:\/\/www.24baires.com\/?p=76256"},"modified":"2015-12-11T13:59:34","modified_gmt":"2015-12-11T16:59:34","slug":"del-cano-rechazo-una-reunion-con-macri","status":"publish","type":"post","link":"http:\/\/www.24baires.com\/?p=76256","title":{"rendered":"Del Ca\u00f1o rechaz\u00f3 una reuni\u00f3n con Macri"},"content":{"rendered":"<p><img data-recalc-dims=\"1\" loading=\"lazy\" decoding=\"async\" src=\"https:\/\/i0.wp.com\/www.24baires.com\/wp-content\/uploads\/2015\/08\/del-ca%C3%B1o.jpg?resize=560%2C297\" alt=\"del ca\u00f1o\" width=\"560\" height=\"297\" class=\"aligncenter size-full wp-image-71241\" srcset=\"https:\/\/i0.wp.com\/www.24baires.com\/wp-content\/uploads\/2015\/08\/del-ca%C3%B1o.jpg?w=560 560w, https:\/\/i0.wp.com\/www.24baires.com\/wp-content\/uploads\/2015\/08\/del-ca%C3%B1o.jpg?resize=300%2C159 300w\" sizes=\"auto, (max-width: 560px) 100vw, 560px\" \/>El representante del Partido de los Trabajadores Socialistas, Nicol\u00e1s del Ca\u00f1o, consider\u00f3 que una reuni\u00f3n con el presidente Mauricio Macri \u00abes un sinsentido\u00bb y que su posici\u00f3n pol\u00edtica es \u00aben defensa de los intereses de los trabajadores\u00bb.<!--more--><\/p>\n<p>\u00abLa verdad es que una reuni\u00f3n de estas caracter\u00edsticas es un sinsentido porque tenemos una pol\u00edtica opuesta por el v\u00e9rtice. Este es un gobierno pro empresario de derecha\u00bb, manifest\u00f3 Del Ca\u00f1o.<\/p>\n<p>\u00abLa orientaci\u00f3n social del gobierno de Macri es a favor de los empresarios y de que la crisis la pague el pueblo trabajador. Nosotros nos oponemos y enfrentaremos junto a los trabajadores y el pueblo esta pol\u00edtica. Hay que ajustar a los ajustadores\u00bb, a\u00f1adi\u00f3.<\/p>\n","protected":false},"excerpt":{"rendered":"<p>El representante del Partido de los Trabajadores Socialistas, Nicol\u00e1s del Ca\u00f1o, consider\u00f3 que una reuni\u00f3n con el presidente Mauricio Macri \u00abes un sinsentido\u00bb y que su posici\u00f3n pol\u00edtica es \u00aben defensa de los intereses de los trabajadores\u00bb.<\/p>\n","protected":false},"author":4,"featured_media":0,"comment_status":"open","ping_status":"open","sticky":false,"template":"","format":"standard","meta":{"_jetpack_newsletter_access":"","_jetpack_dont_email_post_to_subs":false,"_jetpack_newsletter_tier_id":0,"_jetpack_memberships_contains_paywalled_content":false,"_jetpack_memberships_contains_paid_content":false,"footnotes":""},"categories":[51],"tags":[],"class_list":["post-76256","post","type-post","status-publish","format-standard","hentry","category-politica"],"jetpack_shortlink":"https:\/\/wp.me\/p2JWE0-jPW","jetpack-related-posts":[{"id":100060,"url":"http:\/\/www.24baires.com\/?p=100060","url_meta":{"origin":76256,"position":0},"title":"\u201cMientras ajusta a los jubilados, Macri le regalar\u00e1 a la empresa Suez U$s 1.700 millones\u201d","author":"AF","date":"19\/01\/2018","format":false,"excerpt":"\u201cLa reuni\u00f3n entre Macri y Macron ser\u00e1 un nuevo acto de entrega nacional. El presidente anunciar\u00e1 el pago de la deuda que exige hace diez a\u00f1os al Estado argentino el Banco Mundial para la francesa Suez\u201d, denunci\u00f3 el legislador Gabriel Solano. El dirigente y legislador del Partido Obrero-Frente de Izquierda,\u2026","rel":"","context":"En \u00abPol\u00edtica\u00bb","block_context":{"text":"Pol\u00edtica","link":"http:\/\/www.24baires.com\/?cat=51"},"img":{"alt_text":"","src":"https:\/\/i0.wp.com\/www.24baires.com\/wp-content\/uploads\/2017\/10\/mauricio-macri.jpg?resize=350%2C200","width":350,"height":200,"srcset":"https:\/\/i0.wp.com\/www.24baires.com\/wp-content\/uploads\/2017\/10\/mauricio-macri.jpg?resize=350%2C200 1x, https:\/\/i0.wp.com\/www.24baires.com\/wp-content\/uploads\/2017\/10\/mauricio-macri.jpg?resize=525%2C300 1.5x"},"classes":[]},{"id":107162,"url":"http:\/\/www.24baires.com\/?p=107162","url_meta":{"origin":76256,"position":1},"title":"La CGT, el moyanismo y la CTA convocan a un paro contra el Gobierno de Macri","author":"AF","date":"11\/03\/2019","format":false,"excerpt":"La \"Gran Marcha Nacional\" por el trabajo y la producci\u00f3n ser\u00e1 el 4 de abril. Se sumar\u00e1n entidades que agrupan a Peque\u00f1os y Medianos Empresarios. La CGT, los gremios opositores a la conducci\u00f3n de la central obrera enrolados en el moyanismo y las dos CTA se movilizar\u00e1n el pr\u00f3ximo 4\u2026","rel":"","context":"En \u00abSociedad\u00bb","block_context":{"text":"Sociedad","link":"http:\/\/www.24baires.com\/?cat=1"},"img":{"alt_text":"","src":"https:\/\/i0.wp.com\/www.24baires.com\/wp-content\/uploads\/2018\/09\/paro-general.jpeg?resize=350%2C200","width":350,"height":200,"srcset":"https:\/\/i0.wp.com\/www.24baires.com\/wp-content\/uploads\/2018\/09\/paro-general.jpeg?resize=350%2C200 1x, https:\/\/i0.wp.com\/www.24baires.com\/wp-content\/uploads\/2018\/09\/paro-general.jpeg?resize=525%2C300 1.5x"},"classes":[]},{"id":102909,"url":"http:\/\/www.24baires.com\/?p=102909","url_meta":{"origin":76256,"position":2},"title":"Las Pymes se suman al paro general del pr\u00f3ximo lunes","author":"GB","date":"21\/06\/2018","format":false,"excerpt":"La protesta adoptada originalmente por la CGT contra las pol\u00edticas de ajuste del Gobierno sigue cosechando adhesiones. Ser\u00e1 el 25 de junio por 24 horas y se trata del tercer paro general contra la administraci\u00f3n de Mauricio Macri. Por medio de un comunicado, la Asamblea de peque\u00f1os y medianos empresarios\u2026","rel":"","context":"En \u00abPol\u00edtica\u00bb","block_context":{"text":"Pol\u00edtica","link":"http:\/\/www.24baires.com\/?cat=51"},"img":{"alt_text":"","src":"https:\/\/i0.wp.com\/www.24baires.com\/wp-content\/uploads\/2016\/05\/pymes-300x164.jpg?resize=350%2C200","width":350,"height":200},"classes":[]},{"id":102095,"url":"http:\/\/www.24baires.com\/?p=102095","url_meta":{"origin":76256,"position":3},"title":"Macri recibe a empresarios y se re\u00fane con su gabinete","author":"AF","date":"11\/05\/2018","format":false,"excerpt":"En medio de otro d\u00eda agitado, en el que el mercado tampoco reaccion\u00f3 en forma positiva a la negociaci\u00f3n abierta por el Gobierno con el Fondo Monetario Internacional y el d\u00f3lar registr\u00f3 una nueva suba record, Mauricio Macri convoc\u00f3 a Olivos a los integrantes de su \u201cmesa chica\u201d y a\u2026","rel":"","context":"En \u00abPol\u00edtica\u00bb","block_context":{"text":"Pol\u00edtica","link":"http:\/\/www.24baires.com\/?cat=51"},"img":{"alt_text":"","src":"https:\/\/i0.wp.com\/www.24baires.com\/wp-content\/uploads\/2018\/02\/pe%C3%B1a-macri.jpg?resize=350%2C200","width":350,"height":200,"srcset":"https:\/\/i0.wp.com\/www.24baires.com\/wp-content\/uploads\/2018\/02\/pe%C3%B1a-macri.jpg?resize=350%2C200 1x, https:\/\/i0.wp.com\/www.24baires.com\/wp-content\/uploads\/2018\/02\/pe%C3%B1a-macri.jpg?resize=525%2C300 1.5x"},"classes":[]},{"id":75322,"url":"http:\/\/www.24baires.com\/?p=75322","url_meta":{"origin":76256,"position":4},"title":"An\u00edbal: \u201cLa nuestra es la mejor propuesta pol\u00edtica para el electorado\u201d","author":"AF","date":"20\/11\/2015","format":false,"excerpt":"El jefe de Gabinete, An\u00edbal Fern\u00e1ndez, explic\u00f3 que \"es la que realmente piensa en un proyecto de pa\u00eds\" y destac\u00f3 que en su espacio se encuentran \"tranquilos a la espera del domingo\" de segunda vuelta presidencial. \"Nosotros estamos tranquilos a la espera del domingo y esperamos que la sociedad entienda\u2026","rel":"","context":"En \u00abElecciones 2015\u00bb","block_context":{"text":"Elecciones 2015","link":"http:\/\/www.24baires.com\/?cat=74"},"img":{"alt_text":"cierre cmapaa anibal","src":"https:\/\/i0.wp.com\/www.24baires.com\/wp-content\/uploads\/2015\/10\/cierre-cmapaa-anibal.jpg?resize=350%2C200","width":350,"height":200,"srcset":"https:\/\/i0.wp.com\/www.24baires.com\/wp-content\/uploads\/2015\/10\/cierre-cmapaa-anibal.jpg?resize=350%2C200 1x, https:\/\/i0.wp.com\/www.24baires.com\/wp-content\/uploads\/2015\/10\/cierre-cmapaa-anibal.jpg?resize=525%2C300 1.5x"},"classes":[]},{"id":112328,"url":"http:\/\/www.24baires.com\/?p=112328","url_meta":{"origin":76256,"position":5},"title":"Alberto Fern\u00e1ndez se reuni\u00f3 con la UIA","author":"AF","date":"02\/10\/2019","format":false,"excerpt":"Tras el encuentro, el ex jefe de Gabinete y candidato presidencial del Frente de Todos asegur\u00f3 que comparte con los empresarios la nececidad de dejar de \"maltratar\" a la industria. Alberto Fern\u00e1ndez advirti\u00f3, sin embargo, que Cambiemos dejar\u00e1 un d\u00e9ficit fiscal superior al 7 por ciento del PBI. El candidato\u2026","rel":"","context":"En \u00abPol\u00edtica\u00bb","block_context":{"text":"Pol\u00edtica","link":"http:\/\/www.24baires.com\/?cat=51"},"img":{"alt_text":"","src":"https:\/\/i0.wp.com\/www.24baires.com\/wp-content\/uploads\/2019\/06\/fern%C3%A1ndezz.jpg?resize=350%2C200","width":350,"height":200,"srcset":"https:\/\/i0.wp.com\/www.24baires.com\/wp-content\/uploads\/2019\/06\/fern%C3%A1ndezz.jpg?resize=350%2C200 1x, https:\/\/i0.wp.com\/www.24baires.com\/wp-content\/uploads\/2019\/06\/fern%C3%A1ndezz.jpg?resize=525%2C300 1.5x"},"classes":[]}],"jetpack_sharing_enabled":true,"jetpack_likes_enabled":true,"jetpack_featured_media_url":"","_links":{"self":[{"href":"http:\/\/www.24baires.com\/index.php?rest_route=\/wp\/v2\/posts\/76256","targetHints":{"allow":["GET"]}}],"collection":[{"href":"http:\/\/www.24baires.com\/index.php?rest_route=\/wp\/v2\/posts"}],"about":[{"href":"http:\/\/www.24baires.com\/index.php?rest_route=\/wp\/v2\/types\/post"}],"author":[{"embeddable":true,"href":"http:\/\/www.24baires.com\/index.php?rest_route=\/wp\/v2\/users\/4"}],"replies":[{"embeddable":true,"href":"http:\/\/www.24baires.com\/index.php?rest_route=%2Fwp%2Fv2%2Fcomments&post=76256"}],"version-history":[{"count":1,"href":"http:\/\/www.24baires.com\/index.php?rest_route=\/wp\/v2\/posts\/76256\/revisions"}],"predecessor-version":[{"id":76257,"href":"http:\/\/www.24baires.com\/index.php?rest_route=\/wp\/v2\/posts\/76256\/revisions\/76257"}],"wp:attachment":[{"href":"http:\/\/www.24baires.com\/index.php?rest_route=%2Fwp%2Fv2%2Fmedia&parent=76256"}],"wp:term":[{"taxonomy":"category","embeddable":true,"href":"http:\/\/www.24baires.com\/index.php?rest_route=%2Fwp%2Fv2%2Fcategories&post=76256"},{"taxonomy":"post_tag","embeddable":true,"href":"http:\/\/www.24baires.com\/index.php?rest_route=%2Fwp%2Fv2%2Ftags&post=76256"}],"curies":[{"name":"wp","href":"https:\/\/api.w.org\/{rel}","templated":true}]}}