{"id":76249,"date":"2015-12-11T12:30:42","date_gmt":"2015-12-11T15:30:42","guid":{"rendered":"http:\/\/www.24baires.com\/?p=76249"},"modified":"2015-12-11T13:10:51","modified_gmt":"2015-12-11T16:10:51","slug":"scioli-y-macri-se-reunieron-en-la-rosada","status":"publish","type":"post","link":"http:\/\/www.24baires.com\/?p=76249","title":{"rendered":"Scioli y Macri se reunieron en la Rosada"},"content":{"rendered":"<p><img data-recalc-dims=\"1\" loading=\"lazy\" decoding=\"async\" class=\"alignleft size-medium wp-image-76250\" src=\"https:\/\/i0.wp.com\/www.24baires.com\/wp-content\/uploads\/2015\/12\/scioli-macri2.jpg?resize=300%2C200\" alt=\"scioli macri2\" width=\"300\" height=\"200\" srcset=\"https:\/\/i0.wp.com\/www.24baires.com\/wp-content\/uploads\/2015\/12\/scioli-macri2.jpg?resize=300%2C200 300w, https:\/\/i0.wp.com\/www.24baires.com\/wp-content\/uploads\/2015\/12\/scioli-macri2.jpg?w=380 380w\" sizes=\"auto, (max-width: 300px) 100vw, 300px\" \/>As\u00ed lo aseguraron tanto el ex gobernador como el ministro del Interior, Rogelio Frigerio. \u00abFue un di\u00e1logo maduro. El desaf\u00edo ser\u00e1 encontrar puntos de encuentro\u00bb, se\u00f1al\u00f3 Scioli, en la rueda de prensa.<!--more--><br \/>\nEl ex gobernador de la provincia de Buenos Aires y ex candidato a presidente por el Frente para la Victoria (FpV), Daniel Scioli, asegur\u00f3 hoy que el desaf\u00edo del nuevo jefe de Estado, Mauricio Macri, ser\u00e1 \u00abbuscar los puntos de encuentro\u00bb y, en ese sentido, se\u00f1al\u00f3 que ese es tambi\u00e9n su propio desaf\u00edo.<\/p>\n<p>\u00abEl desaf\u00edo del Presidente, y tambi\u00e9n el m\u00edo, es buscar los puntos de encuentro\u00bb, dijo Scioli en una conferencia de prensa que comparti\u00f3 en Casa de Gobierno con el ministro del Interior, Rogelio Frigerio, tras el encuentro que mantuvo con el presidente Macri.<\/p>\n<p>Scioli dej\u00f3 claro que \u00abhabr\u00e1 un acompa\u00f1amiento\u00bb tambi\u00e9n en el Congreso de la Naci\u00f3n, siempre que \u00abel esp\u00edritu\u00bb de las iniciativas sea \u00abmejorar la vida de la gente\u00bb, y celebr\u00f3 -tambi\u00e9n- la reuni\u00f3n que el fin de semana mantendr\u00e1 Mauricio Macri con los gobernadores.<br \/>\nLa reuni\u00f3n tuvo lugar en el sal\u00f3n Eva Per\u00f3n, en el primer piso de la casa de Gobierno y participan el jefe de Gabinete, Marcos Pe\u00f1a; el ministro del Interior, Obras P\u00fablicas y Vivienda, Rogelio Frigerio y el titular de la C\u00e1mara de Diputados, Emilio Ricardo Monz\u00f3.<\/p>\n<p>A las 11.30 Macri se trasladar\u00e1 a la Catedral Metropolitana, a pocos metros de la Casa Rosada, donde habr\u00e1 un oficio religioso para \u00e9l y sus ministros, celebrado por el arzobispo de Buenos Aires, el cardenal Mario Poli.<\/p>\n<p>Por la tarde, cerca de las 15, recibir\u00e1 a Sergio Massa en el despacho presidencial, seg\u00fan lo confirm\u00f3 el propio l\u00edder del Frente Renovador en declaraciones p\u00fablicas.<\/p>\n<p>Est\u00e1 confirmado que Macri repetir\u00e1 este tipo de encuentros con el resto de los ex postulantes presidenciales.<\/p>\n<p>Con Adolfo Rodr\u00edguez Sa\u00e1 (Compromiso Federal) se reunir\u00e1 a las 17 y luego lo har\u00e1 con Margarita Stolbizer (GEN) y Nicol\u00e1s del Ca\u00f1o (Frente de Izquierda), aunque todav\u00eda no tienen ni fecha ni hora.<\/p>\n<p>Otra actividad confirmada para los pr\u00f3ximos d\u00edas es su encuentro con gobernadores de todo el pa\u00eds y el jefe de Gobierno porte\u00f1o previsto para el s\u00e1bado al mediod\u00eda en la Residencia de Olivos, aunque reci\u00e9n por estas horas se estar\u00edan empezando a circular las invitaciones para todos los mandatarios provinciales.<\/p>\n","protected":false},"excerpt":{"rendered":"<p>As\u00ed lo aseguraron tanto el ex gobernador como el ministro del Interior, Rogelio Frigerio. \u00abFue un di\u00e1logo maduro. El desaf\u00edo ser\u00e1 encontrar puntos de encuentro\u00bb, se\u00f1al\u00f3 Scioli, en la rueda de prensa.<\/p>\n","protected":false},"author":4,"featured_media":0,"comment_status":"open","ping_status":"open","sticky":false,"template":"","format":"standard","meta":{"_jetpack_newsletter_access":"","_jetpack_dont_email_post_to_subs":false,"_jetpack_newsletter_tier_id":0,"_jetpack_memberships_contains_paywalled_content":false,"_jetpack_memberships_contains_paid_content":false,"footnotes":""},"categories":[51],"tags":[],"class_list":["post-76249","post","type-post","status-publish","format-standard","hentry","category-politica"],"jetpack_shortlink":"https:\/\/wp.me\/p2JWE0-jPP","jetpack-related-posts":[{"id":108351,"url":"http:\/\/www.24baires.com\/?p=108351","url_meta":{"origin":76249,"position":0},"title":"Ahora Lavagna dice que no rompi\u00f3 con Alternativa Federal","author":"AF","date":"23\/05\/2019","format":false,"excerpt":"El ex ministro de Econom\u00eda y precandidato presidencial por Consenso 19, Roberto Lavagna, asegur\u00f3 hoy que \"el di\u00e1logo es posible\" con Alternativa Federal y que \"no hubo ruptura\" con esa fuerza pol\u00edtica sino \"fijaci\u00f3n de diferencias\". \"El dialogo es posible, no hubo ruptura sino fijaci\u00f3n de diferencias\", dijo Lavagna esta\u2026","rel":"","context":"En \u00abPol\u00edtica\u00bb","block_context":{"text":"Pol\u00edtica","link":"http:\/\/www.24baires.com\/?cat=51"},"img":{"alt_text":"","src":"https:\/\/i0.wp.com\/www.24baires.com\/wp-content\/uploads\/2013\/12\/lavagna-solo.jpg?resize=350%2C200","width":350,"height":200,"srcset":"https:\/\/i0.wp.com\/www.24baires.com\/wp-content\/uploads\/2013\/12\/lavagna-solo.jpg?resize=350%2C200 1x, https:\/\/i0.wp.com\/www.24baires.com\/wp-content\/uploads\/2013\/12\/lavagna-solo.jpg?resize=525%2C300 1.5x"},"classes":[]},{"id":101122,"url":"http:\/\/www.24baires.com\/?p=101122","url_meta":{"origin":76249,"position":1},"title":"Indagar\u00e1n a Scioli por irregularidades en la construcci\u00f3n de las UPA 24","author":"AF","date":"17\/03\/2018","format":false,"excerpt":"El ex gobernador Daniel Scioli y quien fuera su ministro de Salud, Alejandro Collia, fueron imputados y citados a prestar declaraci\u00f3n indagatoria en el marco de una causa que investiga presuntas irregularidades en la adjudicaci\u00f3n de ocho Unidades de Pronta Atenci\u00f3n (UPA 24) para las que se destinaron m\u00e1s de\u2026","rel":"","context":"En \u00abJUDICIALES\u00bb","block_context":{"text":"JUDICIALES","link":"http:\/\/www.24baires.com\/?cat=68"},"img":{"alt_text":"","src":"https:\/\/i0.wp.com\/www.24baires.com\/wp-content\/uploads\/2014\/05\/Daniel-Scioli.jpg?resize=350%2C200","width":350,"height":200,"srcset":"https:\/\/i0.wp.com\/www.24baires.com\/wp-content\/uploads\/2014\/05\/Daniel-Scioli.jpg?resize=350%2C200 1x, https:\/\/i0.wp.com\/www.24baires.com\/wp-content\/uploads\/2014\/05\/Daniel-Scioli.jpg?resize=525%2C300 1.5x"},"classes":[]},{"id":119053,"url":"http:\/\/www.24baires.com\/?p=119053","url_meta":{"origin":76249,"position":2},"title":"Los tres ejes que se propone Batakis para su gesti\u00f3n","author":"AF","date":"04\/07\/2022","format":false,"excerpt":"A los pocos minutos de jurar en su cargo, Batakis dijo que \"vamos a seguir el programa econ\u00f3mico del Presidente\". Tambi\u00e9n se\u00f1al\u00f3 que \"queremos una mirada federal, que incluya a todos y todas los argentinos y argentinas\". Los tres puntos principales que estableci\u00f3 para su gesti\u00f3n al frente de Econom\u00eda.\u2026","rel":"","context":"En \u00abEconom\u00eda\u00bb","block_context":{"text":"Econom\u00eda","link":"http:\/\/www.24baires.com\/?cat=45"},"img":{"alt_text":"","src":"https:\/\/i0.wp.com\/www.24baires.com\/wp-content\/uploads\/2022\/07\/Batakis-1.jpg?resize=350%2C200","width":350,"height":200,"srcset":"https:\/\/i0.wp.com\/www.24baires.com\/wp-content\/uploads\/2022\/07\/Batakis-1.jpg?resize=350%2C200 1x, https:\/\/i0.wp.com\/www.24baires.com\/wp-content\/uploads\/2022\/07\/Batakis-1.jpg?resize=525%2C300 1.5x, https:\/\/i0.wp.com\/www.24baires.com\/wp-content\/uploads\/2022\/07\/Batakis-1.jpg?resize=700%2C400 2x"},"classes":[]},{"id":108387,"url":"http:\/\/www.24baires.com\/?p=108387","url_meta":{"origin":76249,"position":3},"title":"Scioli ratific\u00f3 su candidatura presidencial","author":"GB","date":"25\/05\/2019","format":false,"excerpt":"El exgobernador de la Provincia de Buenos Aires particip\u00f3 del Congreso Educativo de Ajedrez que se realiz\u00f3 en la ciudad balnearia y manifest\u00f3 sus deseos de ser el primer mandatario del pa\u00eds despu\u00e9s del 10 de diciembre, sin embargo aclar\u00f3: \u201cVer\u00e9 como peronista en qu\u00e9 lugar puedo hacer mi mayor\u2026","rel":"","context":"En \u00abPol\u00edtica\u00bb","block_context":{"text":"Pol\u00edtica","link":"http:\/\/www.24baires.com\/?cat=51"},"img":{"alt_text":"","src":"https:\/\/i0.wp.com\/www.24baires.com\/wp-content\/uploads\/2019\/05\/scioli-mar-del.jpg?resize=350%2C200","width":350,"height":200,"srcset":"https:\/\/i0.wp.com\/www.24baires.com\/wp-content\/uploads\/2019\/05\/scioli-mar-del.jpg?resize=350%2C200 1x, https:\/\/i0.wp.com\/www.24baires.com\/wp-content\/uploads\/2019\/05\/scioli-mar-del.jpg?resize=525%2C300 1.5x"},"classes":[]},{"id":107620,"url":"http:\/\/www.24baires.com\/?p=107620","url_meta":{"origin":76249,"position":4},"title":"Cambiemos se re\u00fane en Casa Rosada para intentar frenar la inflaci\u00f3n","author":"GB","date":"11\/04\/2019","format":false,"excerpt":"Los gobernadores piden un programa de reactivaci\u00f3n. En el encuentro participar\u00e1n Frigerio, Pe\u00f1a, Vidal, Rodr\u00edguez Larreta y referentes radicales. El jefe de Gabinete, Marcos Pe\u00f1a, y el ministro del Interior, Obras P\u00fablicas y Vivienda, Rogelio Frigerio, se reunir\u00e1n este jueves en la Casa Rosada con los cinco gobernadores de Cambiemos\u2026","rel":"","context":"En \u00abPol\u00edtica\u00bb","block_context":{"text":"Pol\u00edtica","link":"http:\/\/www.24baires.com\/?cat=51"},"img":{"alt_text":"","src":"https:\/\/i0.wp.com\/www.24baires.com\/wp-content\/uploads\/2018\/10\/MACRI-IDEA.jpg?resize=350%2C200","width":350,"height":200,"srcset":"https:\/\/i0.wp.com\/www.24baires.com\/wp-content\/uploads\/2018\/10\/MACRI-IDEA.jpg?resize=350%2C200 1x, https:\/\/i0.wp.com\/www.24baires.com\/wp-content\/uploads\/2018\/10\/MACRI-IDEA.jpg?resize=525%2C300 1.5x"},"classes":[]},{"id":108201,"url":"http:\/\/www.24baires.com\/?p=108201","url_meta":{"origin":76249,"position":5},"title":"Frigerio dej\u00f3 abierta la posibilidad de que Macri vaya a una PASO","author":"GB","date":"16\/05\/2019","format":false,"excerpt":"El ministro del Interior, Rogelio Frigerio, destac\u00f3 la necesidad de que Cambiemos ampl\u00ede su base pol\u00edtica y dej\u00f3 abierta la posibilidad de que Mauricio Macri vaya a una PASO. \"El Presidente (Mauricio Macri) va a hacer lo mejor para la Argentina, y eso incluye cualquier cosa\", dijo. Al referirse al\u2026","rel":"","context":"En \u00abPol\u00edtica\u00bb","block_context":{"text":"Pol\u00edtica","link":"http:\/\/www.24baires.com\/?cat=51"},"img":{"alt_text":"","src":"https:\/\/i0.wp.com\/www.24baires.com\/wp-content\/uploads\/2016\/02\/frigerio.jpg?resize=350%2C200","width":350,"height":200,"srcset":"https:\/\/i0.wp.com\/www.24baires.com\/wp-content\/uploads\/2016\/02\/frigerio.jpg?resize=350%2C200 1x, https:\/\/i0.wp.com\/www.24baires.com\/wp-content\/uploads\/2016\/02\/frigerio.jpg?resize=525%2C300 1.5x"},"classes":[]}],"jetpack_sharing_enabled":true,"jetpack_likes_enabled":true,"jetpack_featured_media_url":"","_links":{"self":[{"href":"http:\/\/www.24baires.com\/index.php?rest_route=\/wp\/v2\/posts\/76249","targetHints":{"allow":["GET"]}}],"collection":[{"href":"http:\/\/www.24baires.com\/index.php?rest_route=\/wp\/v2\/posts"}],"about":[{"href":"http:\/\/www.24baires.com\/index.php?rest_route=\/wp\/v2\/types\/post"}],"author":[{"embeddable":true,"href":"http:\/\/www.24baires.com\/index.php?rest_route=\/wp\/v2\/users\/4"}],"replies":[{"embeddable":true,"href":"http:\/\/www.24baires.com\/index.php?rest_route=%2Fwp%2Fv2%2Fcomments&post=76249"}],"version-history":[{"count":1,"href":"http:\/\/www.24baires.com\/index.php?rest_route=\/wp\/v2\/posts\/76249\/revisions"}],"predecessor-version":[{"id":76251,"href":"http:\/\/www.24baires.com\/index.php?rest_route=\/wp\/v2\/posts\/76249\/revisions\/76251"}],"wp:attachment":[{"href":"http:\/\/www.24baires.com\/index.php?rest_route=%2Fwp%2Fv2%2Fmedia&parent=76249"}],"wp:term":[{"taxonomy":"category","embeddable":true,"href":"http:\/\/www.24baires.com\/index.php?rest_route=%2Fwp%2Fv2%2Fcategories&post=76249"},{"taxonomy":"post_tag","embeddable":true,"href":"http:\/\/www.24baires.com\/index.php?rest_route=%2Fwp%2Fv2%2Ftags&post=76249"}],"curies":[{"name":"wp","href":"https:\/\/api.w.org\/{rel}","templated":true}]}}