{"id":76222,"date":"2015-12-10T20:08:56","date_gmt":"2015-12-10T23:08:56","guid":{"rendered":"http:\/\/www.24baires.com\/?p=76222"},"modified":"2015-12-10T20:25:25","modified_gmt":"2015-12-10T23:25:25","slug":"mauricio-macri-le-tomo-juramento-a-su-gabinete","status":"publish","type":"post","link":"http:\/\/www.24baires.com\/?p=76222","title":{"rendered":"Mauricio Macri le tom\u00f3 juramento a su Gabinete"},"content":{"rendered":"<p><img data-recalc-dims=\"1\" loading=\"lazy\" decoding=\"async\" src=\"https:\/\/i0.wp.com\/www.24baires.com\/wp-content\/uploads\/2015\/12\/macri-gabinete.jpg?resize=560%2C262\" alt=\"macri gabinete\" width=\"560\" height=\"262\" class=\"aligncenter size-full wp-image-76226\" srcset=\"https:\/\/i0.wp.com\/www.24baires.com\/wp-content\/uploads\/2015\/12\/macri-gabinete.jpg?w=560 560w, https:\/\/i0.wp.com\/www.24baires.com\/wp-content\/uploads\/2015\/12\/macri-gabinete.jpg?resize=300%2C140 300w\" sizes=\"auto, (max-width: 560px) 100vw, 560px\" \/>El flamante presidente tom\u00f3 juramento a sus ministros y funcionarios. Los primeros en hacerlo fueron: Marcos Pe\u00f1a (Jefatura de Gabinete), Rogelio Frigerio (Interior, Obras P\u00fablicas y Vivienda) y Susana Malcorra (Relaciones Exteriores y Culto).<!--more--><\/p>\n<p>Tras el saludo a las delegaciones extranjeras en el Palacio de San Mart\u00edn y descansar en su casa, Macri encabez\u00f3 la ceremonia en la que tom\u00f3 juramento a sus funcionarios.<\/p>\n<p>El presidente Mauricio Macri le tom\u00f3 hoy juramente a los ministros de su gabinete Marcos Pe\u00f1a (Jefatura de Gabinete de Ministros), Rogelio Frigerio (Interior, Obras P\u00fablicas y Vivienda) y Susana Malcorra (Relaciones Exteriores y Culto).<\/p>\n<p>Marcos Pe\u00f1a fue el primero de los miembros del gobierno en prestar juramento frente al presidente Macri durante el acto realizado esta tarde en el Museo del Bicentenario de Casa de Gobierno.<\/p>\n<p>Luego lo hicieron Rogelio Frigerio, al frente del Ministerio de Interior , Obras P\u00fablicas y Vivienda, y en tercer lugar, Susana Malcorra, como canciller.<\/p>\n","protected":false},"excerpt":{"rendered":"<p>El flamante presidente tom\u00f3 juramento a sus ministros y funcionarios. Los primeros en hacerlo fueron: Marcos Pe\u00f1a (Jefatura de Gabinete), Rogelio Frigerio (Interior, Obras P\u00fablicas y Vivienda) y Susana Malcorra (Relaciones Exteriores y Culto).<\/p>\n","protected":false},"author":8,"featured_media":0,"comment_status":"open","ping_status":"open","sticky":false,"template":"","format":"standard","meta":{"_jetpack_newsletter_access":"","_jetpack_dont_email_post_to_subs":false,"_jetpack_newsletter_tier_id":0,"_jetpack_memberships_contains_paywalled_content":false,"_jetpack_memberships_contains_paid_content":false,"footnotes":""},"categories":[51],"tags":[],"class_list":["post-76222","post","type-post","status-publish","format-standard","hentry","category-politica"],"jetpack_shortlink":"https:\/\/wp.me\/p2JWE0-jPo","jetpack-related-posts":[{"id":100430,"url":"http:\/\/www.24baires.com\/?p=100430","url_meta":{"origin":76222,"position":0},"title":"El decreto de Macri contra el nepotismo apenas dej\u00f3 a 12 familiares afuera del Estado","author":"GB","date":"08\/02\/2018","format":false,"excerpt":"El anuncio del Presidente y el decreto 93\/2018 para que los familiares de los funcionarios abandonen sus cargos en el Estado termin\u00f3 solo en un mero anuncio ya que solo 12 accedieron a dejar sus cargos. La hermana de Frigerio, las primas de Stanley, Michetti y Laura Alonso por ejemplo,\u2026","rel":"","context":"En \u00abPol\u00edtica\u00bb","block_context":{"text":"Pol\u00edtica","link":"http:\/\/www.24baires.com\/?cat=51"},"img":{"alt_text":"","src":"https:\/\/i0.wp.com\/www.24baires.com\/wp-content\/uploads\/2017\/12\/mariana-triaca.jpg?resize=350%2C200","width":350,"height":200,"srcset":"https:\/\/i0.wp.com\/www.24baires.com\/wp-content\/uploads\/2017\/12\/mariana-triaca.jpg?resize=350%2C200 1x, https:\/\/i0.wp.com\/www.24baires.com\/wp-content\/uploads\/2017\/12\/mariana-triaca.jpg?resize=525%2C300 1.5x"},"classes":[]},{"id":107620,"url":"http:\/\/www.24baires.com\/?p=107620","url_meta":{"origin":76222,"position":1},"title":"Cambiemos se re\u00fane en Casa Rosada para intentar frenar la inflaci\u00f3n","author":"GB","date":"11\/04\/2019","format":false,"excerpt":"Los gobernadores piden un programa de reactivaci\u00f3n. En el encuentro participar\u00e1n Frigerio, Pe\u00f1a, Vidal, Rodr\u00edguez Larreta y referentes radicales. El jefe de Gabinete, Marcos Pe\u00f1a, y el ministro del Interior, Obras P\u00fablicas y Vivienda, Rogelio Frigerio, se reunir\u00e1n este jueves en la Casa Rosada con los cinco gobernadores de Cambiemos\u2026","rel":"","context":"En \u00abPol\u00edtica\u00bb","block_context":{"text":"Pol\u00edtica","link":"http:\/\/www.24baires.com\/?cat=51"},"img":{"alt_text":"","src":"https:\/\/i0.wp.com\/www.24baires.com\/wp-content\/uploads\/2018\/10\/MACRI-IDEA.jpg?resize=350%2C200","width":350,"height":200,"srcset":"https:\/\/i0.wp.com\/www.24baires.com\/wp-content\/uploads\/2018\/10\/MACRI-IDEA.jpg?resize=350%2C200 1x, https:\/\/i0.wp.com\/www.24baires.com\/wp-content\/uploads\/2018\/10\/MACRI-IDEA.jpg?resize=525%2C300 1.5x"},"classes":[]},{"id":102576,"url":"http:\/\/www.24baires.com\/?p=102576","url_meta":{"origin":76222,"position":2},"title":"Una encuesta asegura que la mayor\u00eda de los funcionarios de Macri tiene mala imagen","author":"AF","date":"06\/06\/2018","format":false,"excerpt":"Solo cuatro funcionarios de Cambiemos tienen m\u00e1s imagen positiva que negativa. Un Gobierno impopular con todas las letras. En medio de una inflaci\u00f3n que no cesa, salarios casi congelados, recortes a las jubilaciones y el ruego al FMI por algunos miles de millones de d\u00f3lares, el gobierno de Mauricio Macri\u2026","rel":"","context":"En \u00abPol\u00edtica\u00bb","block_context":{"text":"Pol\u00edtica","link":"http:\/\/www.24baires.com\/?cat=51"},"img":{"alt_text":"","src":"https:\/\/i0.wp.com\/www.24baires.com\/wp-content\/uploads\/2016\/09\/triaca.jpg?resize=350%2C200","width":350,"height":200,"srcset":"https:\/\/i0.wp.com\/www.24baires.com\/wp-content\/uploads\/2016\/09\/triaca.jpg?resize=350%2C200 1x, https:\/\/i0.wp.com\/www.24baires.com\/wp-content\/uploads\/2016\/09\/triaca.jpg?resize=525%2C300 1.5x"},"classes":[]},{"id":75698,"url":"http:\/\/www.24baires.com\/?p=75698","url_meta":{"origin":76222,"position":3},"title":"An\u00edbal Fern\u00e1ndez y Marcos Pe\u00f1a tuvieron un primer encuentro \u201cmuy positivo\u201d","author":"GB","date":"27\/11\/2015","format":false,"excerpt":"El jefe de Gabinete de Mauricio Macri se reuni\u00f3 esta ma\u00f1ana con su antecesor en Casa de Gobierno de cara al 10 de diciembre. \u201cFue una muy buena charla para trabajar en la transici\u00f3n que viene\u201d, asegur\u00f3. Los jefes de Gabinete saliente y entrante, An\u00edbal Fern\u00e1ndez y Marcos Pe\u00f1a, respectivamente,\u2026","rel":"","context":"En \u00abPol\u00edtica\u00bb","block_context":{"text":"Pol\u00edtica","link":"http:\/\/www.24baires.com\/?cat=51"},"img":{"alt_text":"pe\u00f1a","src":"https:\/\/i0.wp.com\/www.24baires.com\/wp-content\/uploads\/2015\/11\/pe%C3%B1a.jpg?resize=350%2C200","width":350,"height":200,"srcset":"https:\/\/i0.wp.com\/www.24baires.com\/wp-content\/uploads\/2015\/11\/pe%C3%B1a.jpg?resize=350%2C200 1x, https:\/\/i0.wp.com\/www.24baires.com\/wp-content\/uploads\/2015\/11\/pe%C3%B1a.jpg?resize=525%2C300 1.5x"},"classes":[]},{"id":111693,"url":"http:\/\/www.24baires.com\/?p=111693","url_meta":{"origin":76222,"position":4},"title":"Lacunza asumir\u00e1 este martes oficialmente como ministro de Hacienda","author":"AF","date":"19\/08\/2019","format":false,"excerpt":"Del acto de asunci\u00f3n participar\u00e1n adem\u00e1s el jefe de Gabinete, Marcos Pe\u00f1a, los ministros, y legisladores del oficialismo. El designado ministro de Hacienda, Hern\u00e1n Lacunza, asumir\u00e1 el martes por la ma\u00f1ana formalmente su cargo cuando preste juramento ante el presidente Mauricio Macri a las 8.30 en el Sal\u00f3n Blanco de\u2026","rel":"","context":"En \u00abPol\u00edtica\u00bb","block_context":{"text":"Pol\u00edtica","link":"http:\/\/www.24baires.com\/?cat=51"},"img":{"alt_text":"","src":"https:\/\/i0.wp.com\/www.24baires.com\/wp-content\/uploads\/2019\/08\/Lacunza.jpg?resize=350%2C200","width":350,"height":200,"srcset":"https:\/\/i0.wp.com\/www.24baires.com\/wp-content\/uploads\/2019\/08\/Lacunza.jpg?resize=350%2C200 1x, https:\/\/i0.wp.com\/www.24baires.com\/wp-content\/uploads\/2019\/08\/Lacunza.jpg?resize=525%2C300 1.5x"},"classes":[]},{"id":90461,"url":"http:\/\/www.24baires.com\/?p=90461","url_meta":{"origin":76222,"position":5},"title":"Econom\u00eda e Infraestructura, temas centrales del \u00abretiro espiritual\u00bb de Macri","author":"AF","date":"02\/12\/2016","format":false,"excerpt":"El retiro de trabajo encabezado por el presidente Mauricio Macri junto a todo su gabinete en el complejo tur\u00edstico de Chapadmalal comenz\u00f3 esta ma\u00f1ana con un repaso a los temas vinculados a econom\u00eda, obras p\u00fablicas e infraestructura, informaron voceros del Ejecutivo. En el primer bloque de trabajo del llamado \"retiro\u2026","rel":"","context":"En \u00abPol\u00edtica\u00bb","block_context":{"text":"Pol\u00edtica","link":"http:\/\/www.24baires.com\/?cat=51"},"img":{"alt_text":"","src":"https:\/\/i0.wp.com\/www.24baires.com\/wp-content\/uploads\/2016\/12\/ministros-macri-chapadmalal.jpg?resize=350%2C200","width":350,"height":200,"srcset":"https:\/\/i0.wp.com\/www.24baires.com\/wp-content\/uploads\/2016\/12\/ministros-macri-chapadmalal.jpg?resize=350%2C200 1x, https:\/\/i0.wp.com\/www.24baires.com\/wp-content\/uploads\/2016\/12\/ministros-macri-chapadmalal.jpg?resize=525%2C300 1.5x"},"classes":[]}],"jetpack_sharing_enabled":true,"jetpack_likes_enabled":true,"jetpack_featured_media_url":"","_links":{"self":[{"href":"http:\/\/www.24baires.com\/index.php?rest_route=\/wp\/v2\/posts\/76222","targetHints":{"allow":["GET"]}}],"collection":[{"href":"http:\/\/www.24baires.com\/index.php?rest_route=\/wp\/v2\/posts"}],"about":[{"href":"http:\/\/www.24baires.com\/index.php?rest_route=\/wp\/v2\/types\/post"}],"author":[{"embeddable":true,"href":"http:\/\/www.24baires.com\/index.php?rest_route=\/wp\/v2\/users\/8"}],"replies":[{"embeddable":true,"href":"http:\/\/www.24baires.com\/index.php?rest_route=%2Fwp%2Fv2%2Fcomments&post=76222"}],"version-history":[{"count":2,"href":"http:\/\/www.24baires.com\/index.php?rest_route=\/wp\/v2\/posts\/76222\/revisions"}],"predecessor-version":[{"id":76227,"href":"http:\/\/www.24baires.com\/index.php?rest_route=\/wp\/v2\/posts\/76222\/revisions\/76227"}],"wp:attachment":[{"href":"http:\/\/www.24baires.com\/index.php?rest_route=%2Fwp%2Fv2%2Fmedia&parent=76222"}],"wp:term":[{"taxonomy":"category","embeddable":true,"href":"http:\/\/www.24baires.com\/index.php?rest_route=%2Fwp%2Fv2%2Fcategories&post=76222"},{"taxonomy":"post_tag","embeddable":true,"href":"http:\/\/www.24baires.com\/index.php?rest_route=%2Fwp%2Fv2%2Ftags&post=76222"}],"curies":[{"name":"wp","href":"https:\/\/api.w.org\/{rel}","templated":true}]}}