{"id":76218,"date":"2015-12-10T19:33:31","date_gmt":"2015-12-10T22:33:31","guid":{"rendered":"http:\/\/www.24baires.com\/?p=76218"},"modified":"2015-12-10T19:33:31","modified_gmt":"2015-12-10T22:33:31","slug":"el-presidente-saludo-a-delegaciones-extranjeras-en-el-palacio-san-martin","status":"publish","type":"post","link":"http:\/\/www.24baires.com\/?p=76218","title":{"rendered":"El Presidente salud\u00f3 a delegaciones extranjeras en el Palacio San Mart\u00edn"},"content":{"rendered":"<p><img data-recalc-dims=\"1\" loading=\"lazy\" decoding=\"async\" src=\"https:\/\/i0.wp.com\/www.24baires.com\/wp-content\/uploads\/2015\/12\/macri-evo.jpg?resize=560%2C372\" alt=\"macri evo\" width=\"560\" height=\"372\" class=\"aligncenter size-full wp-image-76219\" srcset=\"https:\/\/i0.wp.com\/www.24baires.com\/wp-content\/uploads\/2015\/12\/macri-evo.jpg?w=560 560w, https:\/\/i0.wp.com\/www.24baires.com\/wp-content\/uploads\/2015\/12\/macri-evo.jpg?resize=300%2C199 300w\" sizes=\"auto, (max-width: 560px) 100vw, 560px\" \/>El presidente los recibi\u00f3 acompa\u00f1ado por la canciller Susana Malcorra y el jefe de Gabinete, Marcos Pe\u00f1a, en una ceremonia en el Palacio San Mart\u00edn, donde los flamantes funcionarios agradecieron la presencia de las delegaciones y brindaron el saludo de rigor.<!--more--><\/p>\n<p>Luego de haber recibido los atributos presidenciales en la Casa Rosada, el mandatario se traslad\u00f3 hasta la sede de Canciller\u00eda, a la que arrib\u00f3 pasadas las 14, donde adem\u00e1s de Pe\u00f1a y Malcorra, lo acompa\u00f1aban su esposa, Juliana Awada y la vicepresidenta, Gabriela Michetti.<\/p>\n<p>A las 14.30, el flamante presidente ingres\u00f3 al Sal\u00f3n Blanco del Palacio San Mart\u00edn, donde salud\u00f3 a los jefes de Estado y delegaciones extranjeras, entre los que se destacaban los presidentes de Colombia, Juan Manuel Santos; de Ecuador, Rafael Correa; de Bolivia, Evo Morales; de Per\u00fa, Ollanta Humala y del Uruguay, Tabar\u00e9 V\u00e1zquez.<\/p>\n<p>Fuentes oficiales confirmaron que adem\u00e1s de saludo formal de rigor, Macri realiz\u00f3 encuentros bilaterales con mandatarios de la regi\u00f3n, entre ellos de Per\u00fa, Colombia y Paraguay.<\/p>\n<p>En la reuni\u00f3n bilateral con los representantes de Per\u00fa estuvo presente el designado ministro de Econom\u00eda, Alfonso Prat Gay, que lleg\u00f3 al Palacio San Mart\u00edn pasadas las 15.10.<\/p>\n<p>Otra de las reuniones bilaterales fue la que mantuvieron los integrantes del gobierno nacional, Malcorra, Julio Pompeo (designado secretario de Asuntos estrat\u00e9gicos) y Pe\u00f1a, con representantes del gobierno de Estados Unidos como la subsecretaria de Estado para Asuntos del Hemisferio Occidental de ese pa\u00eds, Roberta Jacobson; el secretario de Transporte, Anthony Fox, entre otros miembros de la comitiva.<\/p>\n<p>Asimismo informaron que la flamante canciller mantuvo reuniones con funcionarios de Argelia, Nicaragua, Rep\u00fablica Dominicana y Cuba.<\/p>\n","protected":false},"excerpt":{"rendered":"<p>El presidente los recibi\u00f3 acompa\u00f1ado por la canciller Susana Malcorra y el jefe de Gabinete, Marcos Pe\u00f1a, en una ceremonia en el Palacio San Mart\u00edn, donde los flamantes funcionarios agradecieron la presencia de las delegaciones y brindaron el saludo de rigor.<\/p>\n","protected":false},"author":8,"featured_media":0,"comment_status":"open","ping_status":"open","sticky":false,"template":"","format":"standard","meta":{"_jetpack_newsletter_access":"","_jetpack_dont_email_post_to_subs":false,"_jetpack_newsletter_tier_id":0,"_jetpack_memberships_contains_paywalled_content":false,"_jetpack_memberships_contains_paid_content":false,"footnotes":""},"categories":[51],"tags":[],"class_list":["post-76218","post","type-post","status-publish","format-standard","hentry","category-politica"],"jetpack_shortlink":"https:\/\/wp.me\/p2JWE0-jPk","jetpack-related-posts":[{"id":89375,"url":"http:\/\/www.24baires.com\/?p=89375","url_meta":{"origin":76218,"position":0},"title":"Malcorra: \u00abSi gana Trump, nos tendremos que adaptar\u00bb","author":"AF","date":"02\/11\/2016","format":false,"excerpt":"La canciller afirm\u00f3 que la Argentina debe trabajar \"con la realidad del mundo\" al se\u00f1alar que si se impone Donald Trump en las elecciones de los Estados Unidos, el 8 de noviembre, el pa\u00eds mantendr\u00e1 \"la mejor relaci\u00f3n\". La canciller Susana Malcorra afirm\u00f3 que si el candidato republicano a la\u2026","rel":"","context":"En \u00abPol\u00edtica\u00bb","block_context":{"text":"Pol\u00edtica","link":"http:\/\/www.24baires.com\/?cat=51"},"img":{"alt_text":"malcorra","src":"https:\/\/i0.wp.com\/www.24baires.com\/wp-content\/uploads\/2016\/09\/malcorra..jpg?resize=350%2C200","width":350,"height":200,"srcset":"https:\/\/i0.wp.com\/www.24baires.com\/wp-content\/uploads\/2016\/09\/malcorra..jpg?resize=350%2C200 1x, https:\/\/i0.wp.com\/www.24baires.com\/wp-content\/uploads\/2016\/09\/malcorra..jpg?resize=525%2C300 1.5x"},"classes":[]},{"id":108590,"url":"http:\/\/www.24baires.com\/?p=108590","url_meta":{"origin":76218,"position":1},"title":"Bolsonaro llega a Argentina para reunirse con Macri y habr\u00e1 marchas en repudio","author":"AF","date":"05\/06\/2019","format":false,"excerpt":"Las movilizaciones ser\u00e1n en contra de la presencia del presidente de la Rep\u00fablica Federativa de Brasil en Casa Rosada, C\u00e1mara de Diputados y en la Corte Suprema de Justicia. El presidente Mauricio Macri recibir\u00e1 ma\u00f1ana en la Casa Rosada al presidente de la Rep\u00fablica Federativa de Brasil, Jair Bolsonaro, quien\u2026","rel":"","context":"En \u00abPol\u00edtica\u00bb","block_context":{"text":"Pol\u00edtica","link":"http:\/\/www.24baires.com\/?cat=51"},"img":{"alt_text":"","src":"https:\/\/i0.wp.com\/www.24baires.com\/wp-content\/uploads\/2019\/06\/bolsonaro.jpg?resize=350%2C200","width":350,"height":200,"srcset":"https:\/\/i0.wp.com\/www.24baires.com\/wp-content\/uploads\/2019\/06\/bolsonaro.jpg?resize=350%2C200 1x, https:\/\/i0.wp.com\/www.24baires.com\/wp-content\/uploads\/2019\/06\/bolsonaro.jpg?resize=525%2C300 1.5x"},"classes":[]},{"id":116115,"url":"http:\/\/www.24baires.com\/?p=116115","url_meta":{"origin":76218,"position":2},"title":"La adhesi\u00f3n al canje fue del 93,5% y el 99% de deuda fue reestructurada","author":"AF","date":"31\/08\/2020","format":false,"excerpt":"Acompa\u00f1ado por el ministro de Econom\u00eda Mart\u00edn Guzm\u00e1n y la vicepresidenta de la Naci\u00f3n Cristina Fern\u00e1ndez, Alberto Fern\u00e1ndez oficializ\u00f3 la finalizaci\u00f3n del proceso del canje de deuda. El presidente Alberto Fern\u00e1ndez y el ministro de Econom\u00eda, Mart\u00edn Guzm\u00e1n, anunciaron hoy que el canje de deuda alcanz\u00f3 un nivel de adhesi\u00f3n\u2026","rel":"","context":"En \u00abEconom\u00eda\u00bb","block_context":{"text":"Econom\u00eda","link":"http:\/\/www.24baires.com\/?cat=45"},"img":{"alt_text":"","src":"https:\/\/i0.wp.com\/www.24baires.com\/wp-content\/uploads\/2020\/08\/fern%C3%A1ndez-massa.jpg?resize=350%2C200","width":350,"height":200,"srcset":"https:\/\/i0.wp.com\/www.24baires.com\/wp-content\/uploads\/2020\/08\/fern%C3%A1ndez-massa.jpg?resize=350%2C200 1x, https:\/\/i0.wp.com\/www.24baires.com\/wp-content\/uploads\/2020\/08\/fern%C3%A1ndez-massa.jpg?resize=525%2C300 1.5x"},"classes":[]},{"id":80542,"url":"http:\/\/www.24baires.com\/?p=80542","url_meta":{"origin":76218,"position":3},"title":"Barack Obama homenaje\u00f3 a las v\u00edctimas de la AMIA","author":"GB","date":"23\/03\/2016","format":false,"excerpt":"El mandatario norteamericano estuvo acompa\u00f1ado por la canciller Susana Malcorra y lo esperaban el arzobispo, el rector y un reducido grupo de invitados, entre ellos, el secretario de Culto, Santiago de Estrada y los obispos auxiliares, Joaqu\u00edn Sucunza y Enrique Egu\u00eda Segu\u00ed. El presidente de Estados Unidos, Barack Obama fue\u2026","rel":"","context":"En \u00abPol\u00edtica\u00bb","block_context":{"text":"Pol\u00edtica","link":"http:\/\/www.24baires.com\/?cat=51"},"img":{"alt_text":"","src":"https:\/\/i0.wp.com\/www.24baires.com\/wp-content\/uploads\/2016\/03\/macri-amia.jpg?resize=350%2C200","width":350,"height":200,"srcset":"https:\/\/i0.wp.com\/www.24baires.com\/wp-content\/uploads\/2016\/03\/macri-amia.jpg?resize=350%2C200 1x, https:\/\/i0.wp.com\/www.24baires.com\/wp-content\/uploads\/2016\/03\/macri-amia.jpg?resize=525%2C300 1.5x"},"classes":[]},{"id":113318,"url":"http:\/\/www.24baires.com\/?p=113318","url_meta":{"origin":76218,"position":4},"title":"Alberto y Cristina asumen el mando del pa\u00eds con un festival en Plaza de Mayo","author":"GB","date":"10\/12\/2019","format":false,"excerpt":"Ambos prestar\u00e1n juramento en la Asamblea Legislativa en la que el presidente saliente entregar\u00e1 el poder. Este jueves 10 de diciembre quedar\u00e1 en la historia tras el regreso del peronismo al poder luego de cuatro a\u00f1os de gobierno de Mauricio Macri. El presidente electo, Alberto Fern\u00e1ndez, asumir\u00e1 junto a la\u2026","rel":"","context":"En \u00abPol\u00edtica\u00bb","block_context":{"text":"Pol\u00edtica","link":"http:\/\/www.24baires.com\/?cat=51"},"img":{"alt_text":"","src":"https:\/\/i0.wp.com\/www.24baires.com\/wp-content\/uploads\/2019\/11\/cfk-alberto.jpg?resize=350%2C200","width":350,"height":200,"srcset":"https:\/\/i0.wp.com\/www.24baires.com\/wp-content\/uploads\/2019\/11\/cfk-alberto.jpg?resize=350%2C200 1x, https:\/\/i0.wp.com\/www.24baires.com\/wp-content\/uploads\/2019\/11\/cfk-alberto.jpg?resize=525%2C300 1.5x"},"classes":[]},{"id":85894,"url":"http:\/\/www.24baires.com\/?p=85894","url_meta":{"origin":76218,"position":5},"title":"Kerry entreg\u00f3 a Macri \u00abuna primera tanda\u00bb de documentos desclasificados de la dictadura","author":"Grupo Sierra","date":"04\/08\/2016","format":false,"excerpt":"Cumpliendo un compromiso del presidente Barack Obama, el secretario de Estado estadounidense, John Kerry, entreg\u00f3 hoy al presidente Mauricio Macri la primera tanda de los nuevos archivos desclasificados en su pa\u00eds con informaci\u00f3n sobre delitos de lesa humanidad perpetrados durante la \u00faltima dictadura en la Argentina. En la audiencia que\u2026","rel":"","context":"En \u00abInternacionales\u00bb","block_context":{"text":"Internacionales","link":"http:\/\/www.24baires.com\/?cat=73"},"img":{"alt_text":"","src":"https:\/\/i0.wp.com\/www.24baires.com\/wp-content\/uploads\/2016\/08\/Kerry-Macri.jpg?resize=350%2C200","width":350,"height":200,"srcset":"https:\/\/i0.wp.com\/www.24baires.com\/wp-content\/uploads\/2016\/08\/Kerry-Macri.jpg?resize=350%2C200 1x, https:\/\/i0.wp.com\/www.24baires.com\/wp-content\/uploads\/2016\/08\/Kerry-Macri.jpg?resize=525%2C300 1.5x"},"classes":[]}],"jetpack_sharing_enabled":true,"jetpack_likes_enabled":true,"jetpack_featured_media_url":"","_links":{"self":[{"href":"http:\/\/www.24baires.com\/index.php?rest_route=\/wp\/v2\/posts\/76218","targetHints":{"allow":["GET"]}}],"collection":[{"href":"http:\/\/www.24baires.com\/index.php?rest_route=\/wp\/v2\/posts"}],"about":[{"href":"http:\/\/www.24baires.com\/index.php?rest_route=\/wp\/v2\/types\/post"}],"author":[{"embeddable":true,"href":"http:\/\/www.24baires.com\/index.php?rest_route=\/wp\/v2\/users\/8"}],"replies":[{"embeddable":true,"href":"http:\/\/www.24baires.com\/index.php?rest_route=%2Fwp%2Fv2%2Fcomments&post=76218"}],"version-history":[{"count":1,"href":"http:\/\/www.24baires.com\/index.php?rest_route=\/wp\/v2\/posts\/76218\/revisions"}],"predecessor-version":[{"id":76220,"href":"http:\/\/www.24baires.com\/index.php?rest_route=\/wp\/v2\/posts\/76218\/revisions\/76220"}],"wp:attachment":[{"href":"http:\/\/www.24baires.com\/index.php?rest_route=%2Fwp%2Fv2%2Fmedia&parent=76218"}],"wp:term":[{"taxonomy":"category","embeddable":true,"href":"http:\/\/www.24baires.com\/index.php?rest_route=%2Fwp%2Fv2%2Fcategories&post=76218"},{"taxonomy":"post_tag","embeddable":true,"href":"http:\/\/www.24baires.com\/index.php?rest_route=%2Fwp%2Fv2%2Ftags&post=76218"}],"curies":[{"name":"wp","href":"https:\/\/api.w.org\/{rel}","templated":true}]}}