{"id":76215,"date":"2015-12-10T19:01:19","date_gmt":"2015-12-10T22:01:19","guid":{"rendered":"http:\/\/www.24baires.com\/?p=76215"},"modified":"2015-12-10T19:01:19","modified_gmt":"2015-12-10T22:01:19","slug":"despues-de-32-anos-fayt-deja-su-cargo-en-la-corte-suprema","status":"publish","type":"post","link":"http:\/\/www.24baires.com\/?p=76215","title":{"rendered":"Despu\u00e9s de 32 a\u00f1os, Fayt deja su cargo en la Corte Suprema"},"content":{"rendered":"<p><img data-recalc-dims=\"1\" loading=\"lazy\" decoding=\"async\" src=\"https:\/\/i0.wp.com\/www.24baires.com\/wp-content\/uploads\/2014\/10\/fayt2.jpg?resize=560%2C311\" alt=\"fayt2\" width=\"560\" height=\"311\" class=\"aligncenter size-full wp-image-55296\" srcset=\"https:\/\/i0.wp.com\/www.24baires.com\/wp-content\/uploads\/2014\/10\/fayt2.jpg?w=560 560w, https:\/\/i0.wp.com\/www.24baires.com\/wp-content\/uploads\/2014\/10\/fayt2.jpg?resize=300%2C166 300w\" sizes=\"auto, (max-width: 560px) 100vw, 560px\" \/>El magistrado particip\u00f3 ayer del \u00faltimo acuerdo en el m\u00e1ximo tribunal del pa\u00eds. Su renuncia, presentada en septiembre, se har\u00e1 efectiva a partir de ma\u00f1ana. La Corte quedar\u00e1 conformada por tres miembros.<!--more--><\/p>\n<p>Despu\u00e9s de 32 a\u00f1os en el m\u00e1ximo tribunal del pa\u00eds, Carlos Fayt, de 97 a\u00f1os, dej\u00f3 su cargo en la Corte Suprema de Justicia de la Naci\u00f3n. Su renuncia la hab\u00eda presentado en septiembre pasado y ayer particip\u00f3 del \u00faltimo acuerdo en el tribunal, junto a sus colegas Ricardo Lorenzetti, Elena Higthon y Juan Maqueda.<br \/>\nA mediados de septiembre, Fayt hab\u00eda presentado su renuncia al cargo de la Corte ante la entonces presidenta de la Naci\u00f3n, Cristina Fern\u00e1ndez de Kirchner. La misma se har\u00e1 efectiva ma\u00f1ana, 11 de diciembre. Hoy es su \u00faltimo d\u00eda como juez supremo, cargo al que accedi\u00f3 en diciembre de 1983. Con su retiro, la Corte quedar\u00e1 integrada por tres jueces.<br \/>\nEl \u201cSal\u00f3n de Acuerdos\u201d fue testigo del \u00faltimo acuerdo del que particip\u00f3 ayer Fayt, una foto retrat\u00f3 el momento: los cuatro integrantes del m\u00e1ximo tribunal del pa\u00eds sentados alrededor de una mesa circular, donde a pocos pasos puede verse un retrato al \u00f3leo del ex presidente Bartolom\u00e9 Mitre, quien reuni\u00f3 a la primera Corte Suprema.<br \/>\nAbogado recibido en la Universidad de Buenos Aires (UBA), Fayt escribi\u00f3 m\u00e1s de 30 libros y hoy es profesor em\u00e9rito de esa casa de estudios y reconocido por otras universidades tambi\u00e9n. Su abogado, el ex presidente del Colegio P\u00fablico de Abogados de la Capital Federal (CPACF), cont\u00f3 por las redes sociales que se comunic\u00f3 con el longevo juez y que \u00e9ste \u201cle manda un abrazo a todos y cada uno de los argentinos\u201d.<br \/>\nCon los fallecimientos de los ministros Enrique Petracchi \u2013el 12 de octubre de 2014\u2013 y de Carmen Argibay \u2013que falleci\u00f3 meses antes, el 10 de mayo del mismo a\u00f1o\u2013, sumado a la renuncia que Eugenio Zaffaroni present\u00f3 a fines del a\u00f1o pasado, la Corte Suprema qued\u00f3 conformada por cuatro miembros. Ahora, con la renuncia de Fayt, la Corte quedar\u00e1 con tres miembros. <\/p>\n","protected":false},"excerpt":{"rendered":"<p>El magistrado particip\u00f3 ayer del \u00faltimo acuerdo en el m\u00e1ximo tribunal del pa\u00eds. Su renuncia, presentada en septiembre, se har\u00e1 efectiva a partir de ma\u00f1ana. La Corte quedar\u00e1 conformada por tres miembros.<\/p>\n","protected":false},"author":8,"featured_media":0,"comment_status":"open","ping_status":"open","sticky":false,"template":"","format":"standard","meta":{"_jetpack_newsletter_access":"","_jetpack_dont_email_post_to_subs":false,"_jetpack_newsletter_tier_id":0,"_jetpack_memberships_contains_paywalled_content":false,"_jetpack_memberships_contains_paid_content":false,"footnotes":""},"categories":[51],"tags":[],"class_list":["post-76215","post","type-post","status-publish","format-standard","hentry","category-politica"],"jetpack_shortlink":"https:\/\/wp.me\/p2JWE0-jPh","jetpack-related-posts":[{"id":93398,"url":"http:\/\/www.24baires.com\/?p=93398","url_meta":{"origin":76215,"position":0},"title":"Los jueces deber\u00e1n jubilarse a los 75 a\u00f1os","author":"GB","date":"28\/03\/2017","format":false,"excerpt":"En un hist\u00f3rica decisi\u00f3n, la Corte Suprema deja atr\u00e1s el \"Fallo Fayt\" y convalid\u00f3 la totalidad de las modificaciones impuestas en la reforma constitucional de 1994. M\u00e1s de 70 magistrados tendr\u00e1n que retirarse, incluida Mar\u00eda Romilda Servini que hace pocos meses denunci\u00f3 persecusi\u00f3n pol\u00edtica. En un fallo hist\u00f3rico, la Corte\u2026","rel":"","context":"En \u00abJUDICIALES\u00bb","block_context":{"text":"JUDICIALES","link":"http:\/\/www.24baires.com\/?cat=68"},"img":{"alt_text":"","src":"https:\/\/i0.wp.com\/www.24baires.com\/wp-content\/uploads\/2017\/03\/jueces.jpg?resize=350%2C200","width":350,"height":200,"srcset":"https:\/\/i0.wp.com\/www.24baires.com\/wp-content\/uploads\/2017\/03\/jueces.jpg?resize=350%2C200 1x, https:\/\/i0.wp.com\/www.24baires.com\/wp-content\/uploads\/2017\/03\/jueces.jpg?resize=525%2C300 1.5x"},"classes":[]},{"id":65676,"url":"http:\/\/www.24baires.com\/?p=65676","url_meta":{"origin":76215,"position":1},"title":"\u00abA Fayt lo est\u00e1n obligando a hacer cosas que no hubiera hecho en otro momento\u201d","author":"AF","date":"11\/05\/2015","format":false,"excerpt":"An\u00edbal Fern\u00e1ndez dijo que \"deber\u00edan dejar de torturar\" al juez de la Corte Suprema Carlos Fayt, al ser consultado por la situaci\u00f3n por la que atraviesa el alto Tribunal y el magistrado 97 a\u00f1os. \"Lo est\u00e1n obligando a hacer cosas que en otro momento, no har\u00eda. La acordada 11 (de\u2026","rel":"","context":"En \u00abJUDICIALES\u00bb","block_context":{"text":"JUDICIALES","link":"http:\/\/www.24baires.com\/?cat=68"},"img":{"alt_text":"","src":"","width":0,"height":0},"classes":[]},{"id":55295,"url":"http:\/\/www.24baires.com\/?p=55295","url_meta":{"origin":76215,"position":2},"title":"Fayt asegur\u00f3 que seguir\u00e1 \u00abun tiempo m\u00e1s\u00bb en la Corte Suprema","author":"AF","date":"13\/10\/2014","format":false,"excerpt":"El ministro del m\u00e1ximo tribunal, de 96 a\u00f1os, lament\u00f3 la muerte de su compa\u00f1ero, Enrique Petracchi, fallecido ayer a los 78 a\u00f1os, al tiempo que manifest\u00f3 que \u00e9l seguir\u00e1 cumpliendo sus funciones: \"Voy a seguir un tiempo m\u00e1s, no s\u00e9 cu\u00e1nto\", se\u00f1al\u00f3. Hablemos simplemente de un hombre que se va\u2026","rel":"","context":"En \u00abSociedad\u00bb","block_context":{"text":"Sociedad","link":"http:\/\/www.24baires.com\/?cat=1"},"img":{"alt_text":"","src":"https:\/\/i0.wp.com\/www.24baires.com\/wp-content\/uploads\/2014\/10\/fayt2.jpg?resize=350%2C200","width":350,"height":200,"srcset":"https:\/\/i0.wp.com\/www.24baires.com\/wp-content\/uploads\/2014\/10\/fayt2.jpg?resize=350%2C200 1x, https:\/\/i0.wp.com\/www.24baires.com\/wp-content\/uploads\/2014\/10\/fayt2.jpg?resize=525%2C300 1.5x"},"classes":[]},{"id":65862,"url":"http:\/\/www.24baires.com\/?p=65862","url_meta":{"origin":76215,"position":3},"title":"Con Fayt inclu\u00eddo, la Corte ratific\u00f3 la reelecci\u00f3n de Lorenzetti","author":"AF","date":"13\/05\/2015","format":false,"excerpt":"El m\u00e1ximo tribunal celebr\u00f3 un \u201cacuerdo extraordinario\u201d donde ratific\u00f3 la acordada 11 del 21 de abril \u00faltimo, que hab\u00eda aprobado la reelecci\u00f3n anticipada del presidente Ricardo Lorenzetti hasta el 2019 y que cont\u00f3 adem\u00e1s con la presencia del magistrado m\u00e1s veterano del cuerpo, el juez Carlos Fayt, quien hac\u00eda tiempo\u2026","rel":"","context":"En \u00abJUDICIALES\u00bb","block_context":{"text":"JUDICIALES","link":"http:\/\/www.24baires.com\/?cat=68"},"img":{"alt_text":"lorenzetti2","src":"https:\/\/i0.wp.com\/www.24baires.com\/wp-content\/uploads\/2015\/03\/lorenzetti2.jpg?resize=350%2C200","width":350,"height":200,"srcset":"https:\/\/i0.wp.com\/www.24baires.com\/wp-content\/uploads\/2015\/03\/lorenzetti2.jpg?resize=350%2C200 1x, https:\/\/i0.wp.com\/www.24baires.com\/wp-content\/uploads\/2015\/03\/lorenzetti2.jpg?resize=525%2C300 1.5x"},"classes":[]},{"id":65496,"url":"http:\/\/www.24baires.com\/?p=65496","url_meta":{"origin":76215,"position":4},"title":"\u00abSi Fayt se siente bien y sigue con vida, se va a quedar diez a\u00f1os m\u00e1s en la Corte\u00bb","author":"AF","date":"07\/05\/2015","format":false,"excerpt":"El abogado Jorge Rizzo, ex presidente del Colegio P\u00fablico de Abogados de la Capital Federal, asegur\u00f3 que \u201csi se siente bien y sigue con vida\u201d, el ministro de la Corte Suprema Carlos Fayt \u201cse va a quedar diez a\u00f1os m\u00e1s\u201d en el M\u00e1ximo Tribunal. En este marco, sostuvo que el\u2026","rel":"","context":"En \u00abJUDICIALES\u00bb","block_context":{"text":"JUDICIALES","link":"http:\/\/www.24baires.com\/?cat=68"},"img":{"alt_text":"","src":"","width":0,"height":0},"classes":[]},{"id":47206,"url":"http:\/\/www.24baires.com\/?p=47206","url_meta":{"origin":76215,"position":5},"title":"Prescribi\u00f3 causa contra Fayt por un libro sobre \u00abterrorismo sagrado\u00bb","author":"AF","date":"02\/06\/2014","format":false,"excerpt":"En 2001 el integrante de la Corte Suprema public\u00f3 un libro donde escribi\u00f3 sobre los atentados a la AMIA y a la embajada de Isarael. All\u00ed mencion\u00f3 a un exfuncionario iran\u00ed, quien lo demand\u00f3 por da\u00f1os y perjuicios. La Corte Suprema de Justicia de la Naci\u00f3n -en esta oportunidad, integrada\u2026","rel":"","context":"En \u00abJUDICIALES\u00bb","block_context":{"text":"JUDICIALES","link":"http:\/\/www.24baires.com\/?cat=68"},"img":{"alt_text":"","src":"https:\/\/i0.wp.com\/www.24baires.com\/wp-content\/uploads\/2014\/06\/fayt.jpg?resize=350%2C200","width":350,"height":200,"srcset":"https:\/\/i0.wp.com\/www.24baires.com\/wp-content\/uploads\/2014\/06\/fayt.jpg?resize=350%2C200 1x, https:\/\/i0.wp.com\/www.24baires.com\/wp-content\/uploads\/2014\/06\/fayt.jpg?resize=525%2C300 1.5x"},"classes":[]}],"jetpack_sharing_enabled":true,"jetpack_likes_enabled":true,"jetpack_featured_media_url":"","_links":{"self":[{"href":"http:\/\/www.24baires.com\/index.php?rest_route=\/wp\/v2\/posts\/76215","targetHints":{"allow":["GET"]}}],"collection":[{"href":"http:\/\/www.24baires.com\/index.php?rest_route=\/wp\/v2\/posts"}],"about":[{"href":"http:\/\/www.24baires.com\/index.php?rest_route=\/wp\/v2\/types\/post"}],"author":[{"embeddable":true,"href":"http:\/\/www.24baires.com\/index.php?rest_route=\/wp\/v2\/users\/8"}],"replies":[{"embeddable":true,"href":"http:\/\/www.24baires.com\/index.php?rest_route=%2Fwp%2Fv2%2Fcomments&post=76215"}],"version-history":[{"count":1,"href":"http:\/\/www.24baires.com\/index.php?rest_route=\/wp\/v2\/posts\/76215\/revisions"}],"predecessor-version":[{"id":76216,"href":"http:\/\/www.24baires.com\/index.php?rest_route=\/wp\/v2\/posts\/76215\/revisions\/76216"}],"wp:attachment":[{"href":"http:\/\/www.24baires.com\/index.php?rest_route=%2Fwp%2Fv2%2Fmedia&parent=76215"}],"wp:term":[{"taxonomy":"category","embeddable":true,"href":"http:\/\/www.24baires.com\/index.php?rest_route=%2Fwp%2Fv2%2Fcategories&post=76215"},{"taxonomy":"post_tag","embeddable":true,"href":"http:\/\/www.24baires.com\/index.php?rest_route=%2Fwp%2Fv2%2Ftags&post=76215"}],"curies":[{"name":"wp","href":"https:\/\/api.w.org\/{rel}","templated":true}]}}