{"id":76204,"date":"2015-12-10T16:37:39","date_gmt":"2015-12-10T19:37:39","guid":{"rendered":"http:\/\/www.24baires.com\/?p=76204"},"modified":"2015-12-10T16:37:39","modified_gmt":"2015-12-10T19:37:39","slug":"la-camara-de-diputados-bonaerense-aprobo-nueva-ley-de-ministerios","status":"publish","type":"post","link":"http:\/\/www.24baires.com\/?p=76204","title":{"rendered":"La C\u00e1mara de Diputados bonaerense aprob\u00f3 nueva ley de ministerios"},"content":{"rendered":"<p>La iniciativa, enviada por la gobernadora Mar\u00eda Eugenia Vidal, prev\u00e9 la eliminaci\u00f3n de la Jefatura de Gabinete, cuyas funciones pasar\u00e1n en su mayor\u00eda al ministerio de Coordinaci\u00f3n y Gesti\u00f3n P\u00fablica. El Senado analizar\u00e1 la reforma esta misma tarde.<!--more--><\/p>\n<p>La reforma de ministerios que impulsa la flamante gobernadora bonaerense, Mar\u00eda Eugenia Vidal, fue aprobada este jueves por la C\u00e1mara de Diputados provincial y esta tarde ser\u00e1 analizada por el Senado.<\/p>\n<p>La iniciativa fue acompa\u00f1ada por todas las bancadas pol\u00edticas y fue girada al Senado, que la sancionar\u00e1 esta misma tarde, ya que los miembros del Gabinete jurar\u00e1n ma\u00f1ana.<br \/>\nEl proyecto prev\u00e9 la eliminaci\u00f3n de la Jefatura de Gabinete, cuyas funciones pasar\u00e1n en su mayor\u00eda al ministerio de Coordinaci\u00f3n y Gesti\u00f3n P\u00fablica, que crea el proyecto.<\/p>\n<p>Adem\u00e1s, mantiene los ministerios de Gobierno, Asuntos Agrarios, Justicia, Trabajo, Seguridad y Econom\u00eda, mientras que Desarrollo Social absorbe la Secretar\u00eda de Ni\u00f1ez y Adolescencia y la de Deportes.<\/p>\n<p>En tanto, a cargo del Ministerio de Producci\u00f3n, Ciencia y Tecnolog\u00eda estar\u00e1 tambi\u00e9n lo referente a Turismo, que en la gesti\u00f3n de Daniel Scioli funcionaba como secretar\u00eda.<\/p>\n<p>El ministerio de Infraestructura incorpora tambi\u00e9n el \u00e1rea de Servicios P\u00fablicos, mientras que la flamante cartera de Coordinaci\u00f3n tendr\u00e1 tambi\u00e9n a su cargo el Organismo para el Desarrollo Sostenible (OPDS).<\/p>\n<p>El proyecto prev\u00e9 que el actual Instituto Cultural pasar\u00e1 a ser una Secretar\u00eda y se mantendr\u00e1n las secretar\u00edas de Derechos Humanos, la Legal y T\u00e9cnica, la General y habr\u00e1 una de Medios y otra de Comunicaci\u00f3n.<\/p>\n<p>En la sesi\u00f3n, la diputada del Frente para la Victoria Valeria Amendolara manifest\u00f3 su preocupaci\u00f3n por la situaci\u00f3n de los trabajadores estatales debido a que la norma \u00abmodifica la estructura del estado\u00bb y expres\u00f3 que \u00abhay supresi\u00f3n de algunas \u00e1reas de gobierno y secretar\u00edas, pero debemos garantizarles sus derechos a los trabajadores\u00bb.<\/p>\n<p>\u00abNo queda claro si se achican cargos pol\u00edticos o tambi\u00e9n los derechos, condiciones laborales y jerarqu\u00edas de los trabajadores. El proyecto propone que el Gobierno tiene 180 d\u00edas para reglamentar la dotaci\u00f3n de personal que se afecte, la transferencia de partidas presupuestarias, los cr\u00e9ditos, recursos humanos y materiales; creemos que habr\u00eda que convocar a los gremios para que participen de la reglamentaci\u00f3n de la ley\u00bb, concluy\u00f3.<\/p>\n<p>El diputado radical Jorge Silvestre respondi\u00f3, en ese sentido, que \u00abvamos a trabajar sin dejar de tener en cuenta la defensa de los trabajadores\u00bb.<\/p>\n","protected":false},"excerpt":{"rendered":"<p>La iniciativa, enviada por la gobernadora Mar\u00eda Eugenia Vidal, prev\u00e9 la eliminaci\u00f3n de la Jefatura de Gabinete, cuyas funciones pasar\u00e1n en su mayor\u00eda al ministerio de Coordinaci\u00f3n y Gesti\u00f3n P\u00fablica. El Senado analizar\u00e1 la reforma esta misma tarde.<\/p>\n","protected":false},"author":8,"featured_media":0,"comment_status":"open","ping_status":"open","sticky":false,"template":"","format":"standard","meta":{"_jetpack_newsletter_access":"","_jetpack_dont_email_post_to_subs":false,"_jetpack_newsletter_tier_id":0,"_jetpack_memberships_contains_paywalled_content":false,"_jetpack_memberships_contains_paid_content":false,"footnotes":""},"categories":[51],"tags":[],"class_list":["post-76204","post","type-post","status-publish","format-standard","hentry","category-politica"],"jetpack_shortlink":"https:\/\/wp.me\/p2JWE0-jP6","jetpack-related-posts":[{"id":113387,"url":"http:\/\/www.24baires.com\/?p=113387","url_meta":{"origin":76204,"position":0},"title":"Jura de ministros: Kicillof les pidi\u00f3 que sean \u201cmilitantes\u201d","author":"GB","date":"12\/12\/2019","format":false,"excerpt":"El gobernador bonaerense encabezar\u00e1 el acto protocolar que se llevar\u00e1 a cabo en La Plata para poner en funciones su equipo. Atr\u00e1s qued\u00f3 el gobierno de Mar\u00eda Eugenia Vidal en la provincia de Buenos Aires y desde el mi\u00e9rcoles tom\u00f3 las riendas Axel Kicillof luego de asumir su mandato en\u2026","rel":"","context":"En \u00abProvincia\u00bb","block_context":{"text":"Provincia","link":"http:\/\/www.24baires.com\/?cat=40"},"img":{"alt_text":"","src":"https:\/\/i0.wp.com\/www.24baires.com\/wp-content\/uploads\/2019\/11\/kicillof.jpg?resize=350%2C200","width":350,"height":200,"srcset":"https:\/\/i0.wp.com\/www.24baires.com\/wp-content\/uploads\/2019\/11\/kicillof.jpg?resize=350%2C200 1x, https:\/\/i0.wp.com\/www.24baires.com\/wp-content\/uploads\/2019\/11\/kicillof.jpg?resize=525%2C300 1.5x"},"classes":[]},{"id":90430,"url":"http:\/\/www.24baires.com\/?p=90430","url_meta":{"origin":76204,"position":1},"title":"Vidal ya tiene su tercera ley de ministerios","author":"AF","date":"01\/12\/2016","format":false,"excerpt":"La C\u00e1mara de Diputados de la provincia de Buenos Aires le otorg\u00f3 una nueva ley de ministerios a la gobernadora Mar\u00eda Eugenia Vidal que contempla la creaci\u00f3n de la Jefatura de Gabinete de Ministros. Es la tercera modificaci\u00f3n que sufre en menos de un a\u00f1o de gesti\u00f3n. Mediante esta reestructuraci\u00f3n\u2026","rel":"","context":"En \u00abProvincia\u00bb","block_context":{"text":"Provincia","link":"http:\/\/www.24baires.com\/?cat=40"},"img":{"alt_text":"vidal-arroyo","src":"https:\/\/i0.wp.com\/www.24baires.com\/wp-content\/uploads\/2016\/10\/vidal-arroyo.jpg?resize=350%2C200","width":350,"height":200,"srcset":"https:\/\/i0.wp.com\/www.24baires.com\/wp-content\/uploads\/2016\/10\/vidal-arroyo.jpg?resize=350%2C200 1x, https:\/\/i0.wp.com\/www.24baires.com\/wp-content\/uploads\/2016\/10\/vidal-arroyo.jpg?resize=525%2C300 1.5x"},"classes":[]},{"id":117594,"url":"http:\/\/www.24baires.com\/?p=117594","url_meta":{"origin":76204,"position":2},"title":"El Senado aprob\u00f3 el pedido de Provincia para empezar a negociar por vacunas","author":"GB","date":"19\/05\/2021","format":false,"excerpt":"Tras la sesi\u00f3n del d\u00eda de la fecha, la solicitud del Gobernador obtuvo la aprobaci\u00f3n de la c\u00e1mara alta y se convirti\u00f3 en ley. El Senado de la provincia de Buenos Aires aprob\u00f3 por unanimidad esta tarde la solicitud del gobernador Axel Kicillof para que el ejecutivo bonaerense est\u00e9 facultado\u2026","rel":"","context":"En \u00abProvincia\u00bb","block_context":{"text":"Provincia","link":"http:\/\/www.24baires.com\/?cat=40"},"img":{"alt_text":"","src":"https:\/\/i0.wp.com\/www.24baires.com\/wp-content\/uploads\/2021\/05\/la-vacuna-sinopharm-podria-producirse-argentina-300x225.jpg?resize=350%2C200","width":350,"height":200},"classes":[]},{"id":113344,"url":"http:\/\/www.24baires.com\/?p=113344","url_meta":{"origin":76204,"position":3},"title":"Kicillof asume el mando de la provincia de Buenos Aires con la presencia de Alberto y Cristina","author":"GB","date":"11\/12\/2019","format":false,"excerpt":"El Gobernador bonaerense jurar\u00e1 frente a la Asamblea Legislativa, con la presencia de Alberto Fern\u00e1ndez y Cristina Kirchner. Al gobernador electo de la provincia de Buenos Aires, Axel Kicillof, le espera este mi\u00e9rcoles una jornada bastante intensa: tiene jura, toma de posesi\u00f3n y seguimiento de la primera sesi\u00f3n extraordinaria, donde\u2026","rel":"","context":"En \u00abProvincia\u00bb","block_context":{"text":"Provincia","link":"http:\/\/www.24baires.com\/?cat=40"},"img":{"alt_text":"","src":"https:\/\/i0.wp.com\/www.24baires.com\/wp-content\/uploads\/2019\/11\/kicillof.jpg?resize=350%2C200","width":350,"height":200,"srcset":"https:\/\/i0.wp.com\/www.24baires.com\/wp-content\/uploads\/2019\/11\/kicillof.jpg?resize=350%2C200 1x, https:\/\/i0.wp.com\/www.24baires.com\/wp-content\/uploads\/2019\/11\/kicillof.jpg?resize=525%2C300 1.5x"},"classes":[]},{"id":101854,"url":"http:\/\/www.24baires.com\/?p=101854","url_meta":{"origin":76204,"position":4},"title":"Diputados aprob\u00f3 el proyecto que busca ponerle freno a Farmacity en la provincia","author":"GB","date":"27\/04\/2018","format":false,"excerpt":"La C\u00e1mara de Diputados aprob\u00f3 hoy el proyecto de ley que busca ponerle freno al desembarco de Farmacity en la provincia de Buenos Aires, pero todo indica que la iniciativa se trabar\u00e1 en el Senado. En ese marco, farmac\u00e9uticos bonaerenses realizaron hoy una masiva marcha en La Plata para protestar\u2026","rel":"","context":"En \u00abProvincia\u00bb","block_context":{"text":"Provincia","link":"http:\/\/www.24baires.com\/?cat=40"},"img":{"alt_text":"","src":"https:\/\/i0.wp.com\/www.24baires.com\/wp-content\/uploads\/2012\/12\/diputados-ba.jpg?resize=350%2C200","width":350,"height":200,"srcset":"https:\/\/i0.wp.com\/www.24baires.com\/wp-content\/uploads\/2012\/12\/diputados-ba.jpg?resize=350%2C200 1x, https:\/\/i0.wp.com\/www.24baires.com\/wp-content\/uploads\/2012\/12\/diputados-ba.jpg?resize=525%2C300 1.5x"},"classes":[]},{"id":98879,"url":"http:\/\/www.24baires.com\/?p=98879","url_meta":{"origin":76204,"position":5},"title":"Vidal buscar\u00e1 aprobar tres proyectos en el \u00faltimo tramo del a\u00f1o legislativo","author":"GB","date":"22\/11\/2017","format":false,"excerpt":"La Gobernadora intentar\u00e1 terminar con las jubilaciones de privilegio, reducir el \"gasto pol\u00edtico\" y lograr la adhesi\u00f3n de la Provincia a la ley de ART, resistida por la oposici\u00f3n en el Senado. Luego de la aprobaci\u00f3n del Presupuesto 2018, la gobernadora Mar\u00eda Eugenia Vidal encarar\u00e1 el \u00faltimo tramo del a\u00f1o\u2026","rel":"","context":"En \u00abProvincia\u00bb","block_context":{"text":"Provincia","link":"http:\/\/www.24baires.com\/?cat=40"},"img":{"alt_text":"","src":"https:\/\/i0.wp.com\/www.24baires.com\/wp-content\/uploads\/2017\/09\/vidal.jpg?resize=350%2C200","width":350,"height":200,"srcset":"https:\/\/i0.wp.com\/www.24baires.com\/wp-content\/uploads\/2017\/09\/vidal.jpg?resize=350%2C200 1x, https:\/\/i0.wp.com\/www.24baires.com\/wp-content\/uploads\/2017\/09\/vidal.jpg?resize=525%2C300 1.5x"},"classes":[]}],"jetpack_sharing_enabled":true,"jetpack_likes_enabled":true,"jetpack_featured_media_url":"","_links":{"self":[{"href":"http:\/\/www.24baires.com\/index.php?rest_route=\/wp\/v2\/posts\/76204","targetHints":{"allow":["GET"]}}],"collection":[{"href":"http:\/\/www.24baires.com\/index.php?rest_route=\/wp\/v2\/posts"}],"about":[{"href":"http:\/\/www.24baires.com\/index.php?rest_route=\/wp\/v2\/types\/post"}],"author":[{"embeddable":true,"href":"http:\/\/www.24baires.com\/index.php?rest_route=\/wp\/v2\/users\/8"}],"replies":[{"embeddable":true,"href":"http:\/\/www.24baires.com\/index.php?rest_route=%2Fwp%2Fv2%2Fcomments&post=76204"}],"version-history":[{"count":1,"href":"http:\/\/www.24baires.com\/index.php?rest_route=\/wp\/v2\/posts\/76204\/revisions"}],"predecessor-version":[{"id":76205,"href":"http:\/\/www.24baires.com\/index.php?rest_route=\/wp\/v2\/posts\/76204\/revisions\/76205"}],"wp:attachment":[{"href":"http:\/\/www.24baires.com\/index.php?rest_route=%2Fwp%2Fv2%2Fmedia&parent=76204"}],"wp:term":[{"taxonomy":"category","embeddable":true,"href":"http:\/\/www.24baires.com\/index.php?rest_route=%2Fwp%2Fv2%2Fcategories&post=76204"},{"taxonomy":"post_tag","embeddable":true,"href":"http:\/\/www.24baires.com\/index.php?rest_route=%2Fwp%2Fv2%2Ftags&post=76204"}],"curies":[{"name":"wp","href":"https:\/\/api.w.org\/{rel}","templated":true}]}}