{"id":76192,"date":"2015-12-10T12:18:46","date_gmt":"2015-12-10T15:18:46","guid":{"rendered":"http:\/\/www.24baires.com\/?p=76192"},"modified":"2015-12-11T10:54:40","modified_gmt":"2015-12-11T13:54:40","slug":"mauricio-macri-asumio-como-presidente","status":"publish","type":"post","link":"http:\/\/www.24baires.com\/?p=76192","title":{"rendered":"Mauricio Macri asumi\u00f3 como Presidente"},"content":{"rendered":"<p><img data-recalc-dims=\"1\" loading=\"lazy\" decoding=\"async\" class=\"aligncenter  wp-image-76198\" src=\"https:\/\/i0.wp.com\/www.24baires.com\/wp-content\/uploads\/2015\/12\/macri8.jpg?resize=561%2C373\" alt=\"macri8\" width=\"561\" height=\"373\" srcset=\"https:\/\/i0.wp.com\/www.24baires.com\/wp-content\/uploads\/2015\/12\/macri8.jpg?w=499 499w, https:\/\/i0.wp.com\/www.24baires.com\/wp-content\/uploads\/2015\/12\/macri8.jpg?resize=300%2C200 300w\" sizes=\"auto, (max-width: 561px) 100vw, 561px\" \/>En su mensaje ante la Asamblea Legislativa, el presidente de la Naci\u00f3n ratific\u00f3 que las tres ideas centrales de su gesti\u00f3n ser\u00e1n \u00abpobreza cero, derrotar el narcotr\u00e1fico y unir a los argentinos\u00bb al tiempo que prometi\u00f3 \u00abun pa\u00eds unido en la diversidad\u00bb. Gabriela Michetti jur\u00f3 como vicepresidenta.<!--more--><\/p>\n<p>El presidente de la Naci\u00f3n, Mauricio Macri, se comprometi\u00f3 a \u00abtrabajar incansablemente\u00bb durante los pr\u00f3ximos cuatro a\u00f1os para que \u00abtodos los argentinos\u00bb, especialmente los que m\u00e1s necesitan, al terminar su mandato, \u00abest\u00e9n viviendo mejor\u00bb, y les reiter\u00f3 su mensaje de \u00abconfianza\u00bb y de \u00abservir\u00bb a la sociedad.<\/p>\n<p>\u00abHoy se est\u00e1 cumpliendo un sue\u00f1o, termina una \u00e9poca completa sin violencias, y esto que parec\u00eda tan dif\u00edcil, se hizo realidad. Por eso, y mas que nunca, tenemos que ser optimistas respecto a nuestra esperanza y nuestro futuro. Este gobierno que iniciamos hoy va a trabajar incansablemente los pr\u00f3ximos cuatro a\u00f1os para que todos los argentinos, especialmente aquellos que m\u00e1s nos necesitan, al terminar est\u00e9n viviendo mejor\u00bb, dijo el flamante Jefe de Estado, en su mensaje a la Asamblea Legislativa tras la jura.<\/p>\n<p>Agreg\u00f3 que seguir\u00e1 \u00absiendo el mismo\u00bb, y estar\u00e1 \u00abcerca\u00bb de la gente, hablando \u00absencillo, con la verdad y compartiendo emociones\u00bb, sabiendo que no es \u00abinfalible\u00bb, sino un presidente que es \u00abun ciudadano con certezas, dudas, ideas, esperanzas y ganas de hacer\u00bb.<\/p>\n<p>En tanto, Macri ratific\u00f3 que las tres ideas centrales de su gesti\u00f3n ser\u00e1n \u00abpobreza cero, derrotar el narcotr\u00e1fico y unir a los argentinos\u00bb al tiempo que prometi\u00f3 \u00abun pa\u00eds unido en la diversidad\u00bb.<\/p>\n<p>\u00abEl pa\u00eds tiene sectores que piensan de diferentes maneras pero no est\u00e1 dividido, ya pasaron las elecciones, y ahora todos debemos unirnos para crecer y mejorar\u00bb, dijo al hablar ante la Asamblea reunida en el Congreso de la Naci\u00f3n, en un discurso en el que ratific\u00f3 las tres ideas centrales de su gobierno: \u00abpobreza cero, derrotar narcotr\u00e1fico y unir a los argentinos\u00bb.<\/p>\n<p>El flamante presidente de la Naci\u00f3n, Mauricio Macri, dijo que \u00abla pol\u00edtica no es un escenario para mentir a la gente con datos falsos, quiero que el lugar de encuentro sea la verdad para que juntos encontremos las mejores soluciones\u00bb.<\/p>\n<p>Luego de jurar como mandatario en la Asamblea Legislativa en el Congreso, Macri agreg\u00f3: \u00abVeo el pa\u00eds como un gran equipo conformado por millones de seres esperanzados y les comprometo mi esfuerzo\u00bb.<\/p>\n<p>\u00abEn el siglo pasado se buscaban genios que lo resolvieran todo solos\u00bb, apunt\u00f3, y continu\u00f3 con que \u00aba lo largo de mi vida pude armar buenos equipos que construyeron buenas soluciones y en este nuevo desaf\u00edo necesitamos armar equipos diversos\u00bb.<\/p>\n<p>El presidente Mauricio Macri prest\u00f3 juramento este mediod\u00eda ante la Asamblea Legislativa reunida en el Congreso de la Naci\u00f3n.<\/p>\n<p>Tras ser recibido el Sal\u00f3n Azul del Congreso, la vicepresidenta Gabriela Michetti presidi\u00f3 la ceremonia, en la que Macri jur\u00f3 por \u00abDios y los Santos Evangelios desempe\u00f1ar con lealtad y honestidad\u00bb el cargo de presidente de la Naci\u00f3n.<\/p>\n<p>La reuni\u00f3n plenaria de los legisladores, que se realiza en el recinto de la C\u00e1mara de Diputados, est\u00e1 presidida por el presidente provisional del Senado, Federico Pinedo.<\/p>\n<p>Macri y Gabriela Michetti asumieron la Presidencia de la Naci\u00f3n tras haber triunfado sobre el binomio Scioli-Zannini en la segunda vuelta electoral por el 51,34 contra 48,66 por ciento de los votos.<\/p>\n<p>La jura se realiza en una reuni\u00f3n plenaria de diputados y senadores que se efectuar\u00e1 en el recinto de la c\u00e1mara baja, donde asisten otros jefes de Estado, gobernadores, ministros de la Corte, jueces, y las m\u00e1ximas autoridades de las Fuerzas Armadas, entre otros invitados especiales.<\/p>\n<p>Esta Asamblea Legislativa tendr\u00e1 un suceso in\u00e9dito en estos 32 a\u00f1os de democracia, ya que la mayor\u00eda de los legisladores kirchneristas decidi\u00f3 no concurrir en rechazo a la sentencia judicial de la jueza Mar\u00eda Servini de Cubr\u00eda sobre la vigencia del mandato de la mandataria saliente Cristina Fern\u00e1ndez de Kirchner.<\/p>\n<p>El bloque de diputados del FPV resolvi\u00f3 no asistir a la Asamblea Legislativa \u00aben solidaridad con Cristina\u00bb ante el fallo de Servini que da por finalizado el mandato de la actual presidenta en las \u00faltimas horas de ayer.<\/p>\n<p>La bancada justicialista del Senado, donde el kircnerismo incondicional tiene menos presencia, otorg\u00f3 libertad de conciencia a sus integrantes para que resuelvan si asisten o no a la ceremonia.<\/p>\n<p>Tras su mensaje, Macri, junto a su esposa, se retirar\u00e1 del Congreso con destino a Casa de Gobierno traslad\u00e1ndose en un auto descapotado por Rivadavia y Avenida de Mayo, con la escolta del Regimiento de Granaderos a Caballo.<\/p>\n<p>A las 13.15, Macri ser\u00e1 recibido con honores militares en Casa de Gobierno, luego recibir\u00e1 el saludo del Jefe de Casa Militar de la Presidencia de la Naci\u00f3n y se dirigir\u00e1 al despacho presidencial para aguardar el inicio de la ceremonia de traspaso de la banda presidencial y el bast\u00f3n que se efectuar\u00e1 en el Sal\u00f3n Blanco, y en la que Pinedo ser\u00e1 el encargado de entregarle los atributos de mando.<\/p>\n","protected":false},"excerpt":{"rendered":"<p>En su mensaje ante la Asamblea Legislativa, el presidente de la Naci\u00f3n ratific\u00f3 que las tres ideas centrales de su gesti\u00f3n ser\u00e1n \u00abpobreza cero, derrotar el narcotr\u00e1fico y unir a los argentinos\u00bb al tiempo que prometi\u00f3 \u00abun pa\u00eds unido en la diversidad\u00bb. Gabriela Michetti jur\u00f3 como vicepresidenta.<\/p>\n","protected":false},"author":4,"featured_media":0,"comment_status":"open","ping_status":"open","sticky":false,"template":"","format":"standard","meta":{"_jetpack_newsletter_access":"","_jetpack_dont_email_post_to_subs":false,"_jetpack_newsletter_tier_id":0,"_jetpack_memberships_contains_paywalled_content":false,"_jetpack_memberships_contains_paid_content":false,"footnotes":""},"categories":[51],"tags":[],"class_list":["post-76192","post","type-post","status-publish","format-standard","hentry","category-politica"],"jetpack_shortlink":"https:\/\/wp.me\/p2JWE0-jOU","jetpack-related-posts":[{"id":100657,"url":"http:\/\/www.24baires.com\/?p=100657","url_meta":{"origin":76192,"position":0},"title":"Macri a Moyano: \u00abDebemos fortalecer el di\u00e1logo sin extorsiones y aprietes\u00bb","author":"GB","date":"21\/02\/2018","format":false,"excerpt":"El presidente de la Naci\u00f3n, Mauricio Macri, asegur\u00f3 hoy que \"debemos fortalecer el di\u00e1logo sin extorsiones y aprietes\", en un claro mensaje al dirigente sindical Hugo Moyano y los referentes que acompa\u00f1an la movilizaci\u00f3n. El presidente de la Naci\u00f3n, Mauricio Macri, inaugur\u00f3 hoy obras p\u00fablicas en la ciudad de Concordia,\u2026","rel":"","context":"En \u00abPol\u00edtica\u00bb","block_context":{"text":"Pol\u00edtica","link":"http:\/\/www.24baires.com\/?cat=51"},"img":{"alt_text":"","src":"https:\/\/i0.wp.com\/www.24baires.com\/wp-content\/uploads\/2017\/10\/mauricio-macri.jpg?resize=350%2C200","width":350,"height":200,"srcset":"https:\/\/i0.wp.com\/www.24baires.com\/wp-content\/uploads\/2017\/10\/mauricio-macri.jpg?resize=350%2C200 1x, https:\/\/i0.wp.com\/www.24baires.com\/wp-content\/uploads\/2017\/10\/mauricio-macri.jpg?resize=525%2C300 1.5x"},"classes":[]},{"id":113186,"url":"http:\/\/www.24baires.com\/?p=113186","url_meta":{"origin":76192,"position":1},"title":"Alberto y Macri compartir\u00e1n la misa por la \u00abunidad y la paz\u00bb en Luj\u00e1n","author":"AF","date":"28\/11\/2019","format":false,"excerpt":"Ser\u00e1 a las 11 del D\u00eda de la Inmaculada Concepci\u00f3n en la bas\u00edlica. Ser\u00e1 el segundo encuentro p\u00fablico despu\u00e9s las elecciones del 27 de octubre en las que el actual mandatario perdi\u00f3 en primera vuelta. El presidente electo Alberto Fern\u00e1ndez y el saliente Mauricio Macri compartir\u00e1n el 8 de diciembre,\u2026","rel":"","context":"En \u00abPol\u00edtica\u00bb","block_context":{"text":"Pol\u00edtica","link":"http:\/\/www.24baires.com\/?cat=51"},"img":{"alt_text":"","src":"https:\/\/i0.wp.com\/www.24baires.com\/wp-content\/uploads\/2019\/08\/fern%C3%A1ndez-alberto-macri.jpg?resize=350%2C200","width":350,"height":200,"srcset":"https:\/\/i0.wp.com\/www.24baires.com\/wp-content\/uploads\/2019\/08\/fern%C3%A1ndez-alberto-macri.jpg?resize=350%2C200 1x, https:\/\/i0.wp.com\/www.24baires.com\/wp-content\/uploads\/2019\/08\/fern%C3%A1ndez-alberto-macri.jpg?resize=525%2C300 1.5x"},"classes":[]},{"id":103494,"url":"http:\/\/www.24baires.com\/?p=103494","url_meta":{"origin":76192,"position":2},"title":"Repudian la modificaci\u00f3n para militarizar la seguridad interior","author":"AF","date":"23\/07\/2018","format":false,"excerpt":"Todo el abanico opositor se pronunci\u00f3 en contra de los cambios en la pol\u00edtica de defensa anunciada por el presidente Mauricio Macri, y reclamaron que el tema sea debatido en el Congreso. El bloque de Diputados del Frente para la Victoria consider\u00f3 hoy como una \"degradaci\u00f3n de la democracia y\u2026","rel":"","context":"En \u00abPol\u00edtica\u00bb","block_context":{"text":"Pol\u00edtica","link":"http:\/\/www.24baires.com\/?cat=51"},"img":{"alt_text":"","src":"https:\/\/i0.wp.com\/www.24baires.com\/wp-content\/uploads\/2018\/07\/congreso.jpg?resize=350%2C200","width":350,"height":200,"srcset":"https:\/\/i0.wp.com\/www.24baires.com\/wp-content\/uploads\/2018\/07\/congreso.jpg?resize=350%2C200 1x, https:\/\/i0.wp.com\/www.24baires.com\/wp-content\/uploads\/2018\/07\/congreso.jpg?resize=525%2C300 1.5x"},"classes":[]},{"id":116204,"url":"http:\/\/www.24baires.com\/?p=116204","url_meta":{"origin":76192,"position":3},"title":"De Pedro: \u00abSe recuperaron fondos que Macri transfiri\u00f3 de manera ileg\u00edtima\u00bb","author":"AF","date":"11\/09\/2020","format":false,"excerpt":"El ministro del Interior asegur\u00f3 que \"no se le sacaron fondos al Gobierno de la ciudad\", al brindar un mensaje grabado que se difundi\u00f3 desde Casa Rosada. El ministro del Interior, Eduardo \"Wado\" de Pedro, asegur\u00f3 esta noche que \"no se le sacaron fondos\" al Gobierno de la Ciudad, sino\u2026","rel":"","context":"En \u00abPol\u00edtica\u00bb","block_context":{"text":"Pol\u00edtica","link":"http:\/\/www.24baires.com\/?cat=51"},"img":{"alt_text":"","src":"https:\/\/i0.wp.com\/www.24baires.com\/wp-content\/uploads\/2015\/04\/WADO-DE-PEDRO.jpg?resize=350%2C200","width":350,"height":200,"srcset":"https:\/\/i0.wp.com\/www.24baires.com\/wp-content\/uploads\/2015\/04\/WADO-DE-PEDRO.jpg?resize=350%2C200 1x, https:\/\/i0.wp.com\/www.24baires.com\/wp-content\/uploads\/2015\/04\/WADO-DE-PEDRO.jpg?resize=525%2C300 1.5x"},"classes":[]},{"id":112208,"url":"http:\/\/www.24baires.com\/?p=112208","url_meta":{"origin":76192,"position":4},"title":"El FMI le deja en claro a Lacunza y Sandleris que no girar\u00e1n el \u00faltimo desembolso antes del 27 de octubre","author":"GB","date":"24\/09\/2019","format":false,"excerpt":"Lo escuchar\u00e1n del propio David Lipton cuando se re\u00fanan en Washington, consideran que Macri era el garante pol\u00edtico del acuerdo y que su derrota en las elecciones es motivo suficiente para esperar el cambio de autoridades y ah\u00ed desembolsar los 5400 millones de d\u00f3lares. El ministro de Hacienda Hern\u00e1n Lacunza\u2026","rel":"","context":"En \u00abPol\u00edtica\u00bb","block_context":{"text":"Pol\u00edtica","link":"http:\/\/www.24baires.com\/?cat=51"},"img":{"alt_text":"","src":"","width":0,"height":0},"classes":[]},{"id":111643,"url":"http:\/\/www.24baires.com\/?p=111643","url_meta":{"origin":76192,"position":5},"title":"\u00abCon la devaluaci\u00f3n se empobrecen miles de argentinos\u00bb","author":"AF","date":"15\/08\/2019","format":false,"excerpt":"El ganador de las PASO analiz\u00f3 que el valor al que lleg\u00f3 el d\u00f3lar tras la devaluaci\u00f3n posterior a las elecciones \u201ces razonable\u201d pero \"no tendr\u00edamos que dejar que se escape m\u00e1s\". Consider\u00f3 que no hay razones para que siga en aumento y advirti\u00f3 que Mauricio Macri debe cuidar las\u2026","rel":"","context":"En \u00abPol\u00edtica\u00bb","block_context":{"text":"Pol\u00edtica","link":"http:\/\/www.24baires.com\/?cat=51"},"img":{"alt_text":"","src":"https:\/\/i0.wp.com\/www.24baires.com\/wp-content\/uploads\/2019\/06\/alberto-fernandez.jpg?resize=350%2C200","width":350,"height":200,"srcset":"https:\/\/i0.wp.com\/www.24baires.com\/wp-content\/uploads\/2019\/06\/alberto-fernandez.jpg?resize=350%2C200 1x, https:\/\/i0.wp.com\/www.24baires.com\/wp-content\/uploads\/2019\/06\/alberto-fernandez.jpg?resize=525%2C300 1.5x"},"classes":[]}],"jetpack_sharing_enabled":true,"jetpack_likes_enabled":true,"jetpack_featured_media_url":"","_links":{"self":[{"href":"http:\/\/www.24baires.com\/index.php?rest_route=\/wp\/v2\/posts\/76192","targetHints":{"allow":["GET"]}}],"collection":[{"href":"http:\/\/www.24baires.com\/index.php?rest_route=\/wp\/v2\/posts"}],"about":[{"href":"http:\/\/www.24baires.com\/index.php?rest_route=\/wp\/v2\/types\/post"}],"author":[{"embeddable":true,"href":"http:\/\/www.24baires.com\/index.php?rest_route=\/wp\/v2\/users\/4"}],"replies":[{"embeddable":true,"href":"http:\/\/www.24baires.com\/index.php?rest_route=%2Fwp%2Fv2%2Fcomments&post=76192"}],"version-history":[{"count":3,"href":"http:\/\/www.24baires.com\/index.php?rest_route=\/wp\/v2\/posts\/76192\/revisions"}],"predecessor-version":[{"id":76200,"href":"http:\/\/www.24baires.com\/index.php?rest_route=\/wp\/v2\/posts\/76192\/revisions\/76200"}],"wp:attachment":[{"href":"http:\/\/www.24baires.com\/index.php?rest_route=%2Fwp%2Fv2%2Fmedia&parent=76192"}],"wp:term":[{"taxonomy":"category","embeddable":true,"href":"http:\/\/www.24baires.com\/index.php?rest_route=%2Fwp%2Fv2%2Fcategories&post=76192"},{"taxonomy":"post_tag","embeddable":true,"href":"http:\/\/www.24baires.com\/index.php?rest_route=%2Fwp%2Fv2%2Ftags&post=76192"}],"curies":[{"name":"wp","href":"https:\/\/api.w.org\/{rel}","templated":true}]}}