{"id":76189,"date":"2015-12-10T11:00:25","date_gmt":"2015-12-10T14:00:25","guid":{"rendered":"http:\/\/www.24baires.com\/?p=76189"},"modified":"2015-12-10T11:30:30","modified_gmt":"2015-12-10T14:30:30","slug":"urtubey-pidio-que-se-respeten-los-grandes-logros-del-gobierno-nacional-saliente","status":"publish","type":"post","link":"http:\/\/www.24baires.com\/?p=76189","title":{"rendered":"Urtubey pidi\u00f3 que se respeten \u00ablos grandes logros\u00bb del gobierno nacional saliente"},"content":{"rendered":"<p>El gobernado asumi\u00f3 hoy su tercer mandato tras jurar ante la Asamblea Legislativa provincial, y consider\u00f3 que la convivencia es \u00abuna obligaci\u00f3n\u00bb. \u00abNo hay enemigos en pol\u00edtica\u00bb, dijo.<!--more--><\/p>\n<p>El gobernador de Salta, Juan Manuel Urtubey, asumi\u00f3 hoy su tercer mandato tras jurar ante la Asamblea Legislativa provincial, y consider\u00f3 que la convivencia es \u00abuna obligaci\u00f3n\u00bb, al tiempo que pidi\u00f3 que se respeten \u00ablos grandes logros\u00bb del gobierno nacional saliente y manifest\u00f3 que \u00abno hay enemigos en pol\u00edtica\u00bb.<\/p>\n<p>\u00abHoy no es un d\u00eda como cualquier otro. Hoy asume un nuevo presidente. Quiero hacer una reflexi\u00f3n en voz alta. Siempre he dicho que la historia no comienza cuando nosotros llegamos, siempre hay mucho atr\u00e1s para construir hacia adelante y deseo que esto sea entendido por todos\u00bb, expres\u00f3 Urtubey.<\/p>\n<p>Ante la Asamblea Legislativa, Urtubey expres\u00f3 que \u00abel gobierno (nacional) saliente ha tenido grandes logros en el campo social, medidas trascendentes que combinaron audacia y coraje para decidirlas e implementarlas, medidas verdaderamente transformadoras de la realidad de los que menos tienen\u00bb.<\/p>\n<p>Luego, se\u00f1al\u00f3 que \u00abm\u00e1s all\u00e1 de ideolog\u00edas y posiciones pol\u00edticas, ser\u00eda bueno para todos los argentinos que esas medidas se respetaran y fueran la base para mejorar la situaci\u00f3n de los que m\u00e1s sufren\u00bb, y agreg\u00f3: \u00abconf\u00edo y espero humildemente que as\u00ed sea\u00bb.<\/p>\n<p>\u00abLa convivencia no es una opci\u00f3n ni una virtud, es una obligaci\u00f3n. Debemos entender, y me incluyo, que no hay enemigos en pol\u00edtica, o no deber\u00eda haberlos. El enemigo es el hambre, el atraso, la inequidad que aun persiste, la falta de oportunidades para muchos\u00bb, se\u00f1al\u00f3 el mandatario salte\u00f1o.<\/p>\n<p>Tras prestar juramento, Urtubey recibi\u00f3 los atributos del mando de manos de sus hijos, apenas despu\u00e9s del juramento del vicegobernador Miguel Isa, que hasta ayer fue el intendente de la ciudad de Salta.<\/p>\n<p>La asamblea fue presidida hasta ese momento por el vicegobernador saliente, Andr\u00e9s Zottos, quien se despidi\u00f3 tras dos per\u00edodos como compa\u00f1ero de f\u00f3rmula de Urtubey, y asumir\u00e1 ahora como senador provincial por el departamento San Mart\u00edn.<\/p>\n<p>\u00abUna persona que tiene el honor y la responsabilidad de representar a su pueblo no deber\u00eda perder el foco de lo importante.<\/p>\n<p>Debemos colaborar con el nuevo gobierno argentino. Lo haremos aun en el disenso y en las diferencias, porque estoy convencido que cuando la cr\u00edtica es fundada y de buena fe no destruye sino construye\u00bb, dijo.<\/p>\n<p>Posteriormente, se\u00f1al\u00f3 que \u00abquienes votaron al presidente (Mauricio) Macri merecen todo nuestro respeto, y quienes no lo votamos merecemos ser respetados\u00bb.<\/p>\n<p>\u00abDios me ha bendecido con la posibilidad de conocer nuestra provincia de punta a punta, acabadamente. He escuchado la voz de nuestros hermanos en ciudades, pueblos, parajes. He trabajado por y para ellos y los cambios est\u00e1n a la vista. Pero quien crea que estoy conforme no me conoce. Soy el mayor cr\u00edtico de mi gesti\u00f3n y se perfectamente todo lo que no se ha hecho\u00bb, afirm\u00f3.<\/p>\n<p>Asimismo, se\u00f1al\u00f3 que \u00aben cada lugar de la provincia todav\u00eda hay personas que sufren, hay productores con problemas, hay gente sin trabajo, hay f\u00e1bricas que nos necesitan, hay empresas que necesitamos\u00bb.<\/p>\n<p>\u00abPara eso estoy aqu\u00ed, para seguir con lo que hicimos bien m\u00e1s profunda y r\u00e1pidamente, para corregir errores, para luchar por la felicidad y el bienestar de los salte\u00f1os. Salta la linda no es todav\u00eda Salta la justa, pero estamos en camino\u00bb, sostuvo.<\/p>\n<p>Para Urtubey, queda \u00abun camino largo que nos necesita a todos, que excede mi mandato, que nos obliga siempre y a cada momento\u00bb y agreg\u00f3: \u00abtodos necesitamos mirar al futuro trabajando por este presente, y es nuestra historia heroica, ese legado recibido como un don, la que nos marca la ruta\u00bb.<\/p>\n<p>De la asunci\u00f3n de Urtubey participaron el arzobispo de Salta, monse\u00f1or Mario Cargnello; los miembros de la Corte de Justicia provincial; legisladores nacionales; el intendente de la capital salte\u00f1a, Gustavo S\u00e1enz; y el presidente de la C\u00e1mara de Diputados, Santiago Godoy; entre otras autoridades.<\/p>\n<p>Tras el discurso de Urtubey, se ley\u00f3 el acta de asunci\u00f3n y se arriaron las banderas de Salta y de Argentina, con lo que se cerr\u00f3 el acto.<\/p>\n","protected":false},"excerpt":{"rendered":"<p>El gobernado asumi\u00f3 hoy su tercer mandato tras jurar ante la Asamblea Legislativa provincial, y consider\u00f3 que la convivencia es \u00abuna obligaci\u00f3n\u00bb. \u00abNo hay enemigos en pol\u00edtica\u00bb, dijo.<\/p>\n","protected":false},"author":4,"featured_media":0,"comment_status":"open","ping_status":"open","sticky":false,"template":"","format":"standard","meta":{"_jetpack_newsletter_access":"","_jetpack_dont_email_post_to_subs":false,"_jetpack_newsletter_tier_id":0,"_jetpack_memberships_contains_paywalled_content":false,"_jetpack_memberships_contains_paid_content":false,"footnotes":""},"categories":[51],"tags":[],"class_list":["post-76189","post","type-post","status-publish","format-standard","hentry","category-politica"],"jetpack_shortlink":"https:\/\/wp.me\/p2JWE0-jOR","jetpack-related-posts":[{"id":107467,"url":"http:\/\/www.24baires.com\/?p=107467","url_meta":{"origin":76189,"position":0},"title":"Urtubey se despega de Macri y lo critic\u00f3 duramente","author":"AF","date":"01\/04\/2019","format":false,"excerpt":"El gobernador de Salta, Juan Manuel Urtubey, presidi\u00f3 hoy la \u00faltima ceremonia de apertura de sesiones de la Legislatura local con un mensaje atravesado de referencias a su objetivo pol\u00edtico: la candidatura a la presidencia de la Naci\u00f3n por Alternativa Federal, el espacio peronista en el que compite con Sergio\u2026","rel":"","context":"En \u00abPol\u00edtica\u00bb","block_context":{"text":"Pol\u00edtica","link":"http:\/\/www.24baires.com\/?cat=51"},"img":{"alt_text":"","src":"https:\/\/i0.wp.com\/www.24baires.com\/wp-content\/uploads\/2016\/09\/urtubey-vidal-macri.jpg?resize=350%2C200","width":350,"height":200,"srcset":"https:\/\/i0.wp.com\/www.24baires.com\/wp-content\/uploads\/2016\/09\/urtubey-vidal-macri.jpg?resize=350%2C200 1x, https:\/\/i0.wp.com\/www.24baires.com\/wp-content\/uploads\/2016\/09\/urtubey-vidal-macri.jpg?resize=525%2C300 1.5x"},"classes":[]},{"id":113318,"url":"http:\/\/www.24baires.com\/?p=113318","url_meta":{"origin":76189,"position":1},"title":"Alberto y Cristina asumen el mando del pa\u00eds con un festival en Plaza de Mayo","author":"GB","date":"10\/12\/2019","format":false,"excerpt":"Ambos prestar\u00e1n juramento en la Asamblea Legislativa en la que el presidente saliente entregar\u00e1 el poder. Este jueves 10 de diciembre quedar\u00e1 en la historia tras el regreso del peronismo al poder luego de cuatro a\u00f1os de gobierno de Mauricio Macri. El presidente electo, Alberto Fern\u00e1ndez, asumir\u00e1 junto a la\u2026","rel":"","context":"En \u00abPol\u00edtica\u00bb","block_context":{"text":"Pol\u00edtica","link":"http:\/\/www.24baires.com\/?cat=51"},"img":{"alt_text":"","src":"https:\/\/i0.wp.com\/www.24baires.com\/wp-content\/uploads\/2019\/11\/cfk-alberto.jpg?resize=350%2C200","width":350,"height":200,"srcset":"https:\/\/i0.wp.com\/www.24baires.com\/wp-content\/uploads\/2019\/11\/cfk-alberto.jpg?resize=350%2C200 1x, https:\/\/i0.wp.com\/www.24baires.com\/wp-content\/uploads\/2019\/11\/cfk-alberto.jpg?resize=525%2C300 1.5x"},"classes":[]},{"id":104409,"url":"http:\/\/www.24baires.com\/?p=104409","url_meta":{"origin":76189,"position":2},"title":"Macri no pudo consensuar con Gobernadores un plan de recorte","author":"AF","date":"11\/09\/2018","format":false,"excerpt":"Sin una declaraci\u00f3n contundente de los mandatarios, el debate por el Presupuesto 2019 en el Congreso se anticipa m\u00e1s que duro. Seguir\u00e1n negociando y llegar\u00e1 a Diputados el pr\u00f3ximo lunes. El ministro del Interior Rogelio Frigerio encabez\u00f3 este martes una conferencia de prensa en al que no tuvo nada para\u2026","rel":"","context":"En \u00abPol\u00edtica\u00bb","block_context":{"text":"Pol\u00edtica","link":"http:\/\/www.24baires.com\/?cat=51"},"img":{"alt_text":"","src":"https:\/\/i0.wp.com\/www.24baires.com\/wp-content\/uploads\/2018\/05\/macri.jpg?resize=350%2C200","width":350,"height":200,"srcset":"https:\/\/i0.wp.com\/www.24baires.com\/wp-content\/uploads\/2018\/05\/macri.jpg?resize=350%2C200 1x, https:\/\/i0.wp.com\/www.24baires.com\/wp-content\/uploads\/2018\/05\/macri.jpg?resize=525%2C300 1.5x"},"classes":[]},{"id":60527,"url":"http:\/\/www.24baires.com\/?p=60527","url_meta":{"origin":76189,"position":3},"title":"Evo Morales jur\u00f3 su tercer mandato consecutivo como presidente","author":"GB","date":"22\/01\/2015","format":false,"excerpt":"El presidente asumi\u00f3 por tercera vez consecutiva la Presidencia de Bolivia e inici\u00f3 un nuevo mandato para el periodo 2015-2020, en un acto al que asistieron los gobernantes de Brasil, Costa Rica, Ecuador, Paraguay, Trinidad y Tobago y Venezuela, entre otros invitados internacionales. Con este tercer per\u00edodo, el presidente boliviano\u2026","rel":"","context":"En \u00abInternacionales\u00bb","block_context":{"text":"Internacionales","link":"http:\/\/www.24baires.com\/?cat=73"},"img":{"alt_text":"evo091","src":"https:\/\/i0.wp.com\/www.24baires.com\/wp-content\/uploads\/2014\/07\/evo0911.jpg?resize=350%2C200","width":350,"height":200,"srcset":"https:\/\/i0.wp.com\/www.24baires.com\/wp-content\/uploads\/2014\/07\/evo0911.jpg?resize=350%2C200 1x, https:\/\/i0.wp.com\/www.24baires.com\/wp-content\/uploads\/2014\/07\/evo0911.jpg?resize=525%2C300 1.5x"},"classes":[]},{"id":76337,"url":"http:\/\/www.24baires.com\/?p=76337","url_meta":{"origin":76189,"position":4},"title":"Comienza la disputa por las comisiones en la C\u00e1mara de Senadores","author":"AF","date":"13\/12\/2015","format":false,"excerpt":"Cambiemos y el FpV comenzar\u00e1n a discutir el reparto de las comisiones que componen la C\u00e1mara alta, en la que el peronismo kirchnerista posee una amplia mayor\u00eda que sobrepasa el qu\u00f3rum propio. Las reuniones entre el macrismo y la bancada encabezada por el rionegrino Miguel \u00c1ngel Pichetto arrancar\u00e1n la semana\u2026","rel":"","context":"En \u00abPol\u00edtica\u00bb","block_context":{"text":"Pol\u00edtica","link":"http:\/\/www.24baires.com\/?cat=51"},"img":{"alt_text":"","src":"","width":0,"height":0},"classes":[]},{"id":120740,"url":"http:\/\/www.24baires.com\/?p=120740","url_meta":{"origin":76189,"position":5},"title":"Axel Kicillof asume su segundo mandato al frente de la provincia de Buenos Aires","author":"GB","date":"11\/12\/2023","format":false,"excerpt":"El acto se desarrollar\u00e1 desde las 18 ante los diputados y senadores de la provincia. El gobernador bonaerense, Axel Kicillof, y la vicegobernadora Ver\u00f3nica Magario jurar\u00e1n esta tarde nuevamente en esos cargos ante la Asamblea Legislativa reunida en la C\u00e1mara de Diputados de la provincia de Buenos Aires, con lo\u2026","rel":"","context":"En \u00abProvincia\u00bb","block_context":{"text":"Provincia","link":"http:\/\/www.24baires.com\/?cat=40"},"img":{"alt_text":"","src":"https:\/\/i0.wp.com\/www.24baires.com\/wp-content\/uploads\/2023\/09\/kici-mdp.webp?resize=350%2C200","width":350,"height":200,"srcset":"https:\/\/i0.wp.com\/www.24baires.com\/wp-content\/uploads\/2023\/09\/kici-mdp.webp?resize=350%2C200 1x, https:\/\/i0.wp.com\/www.24baires.com\/wp-content\/uploads\/2023\/09\/kici-mdp.webp?resize=525%2C300 1.5x, https:\/\/i0.wp.com\/www.24baires.com\/wp-content\/uploads\/2023\/09\/kici-mdp.webp?resize=700%2C400 2x"},"classes":[]}],"jetpack_sharing_enabled":true,"jetpack_likes_enabled":true,"jetpack_featured_media_url":"","_links":{"self":[{"href":"http:\/\/www.24baires.com\/index.php?rest_route=\/wp\/v2\/posts\/76189","targetHints":{"allow":["GET"]}}],"collection":[{"href":"http:\/\/www.24baires.com\/index.php?rest_route=\/wp\/v2\/posts"}],"about":[{"href":"http:\/\/www.24baires.com\/index.php?rest_route=\/wp\/v2\/types\/post"}],"author":[{"embeddable":true,"href":"http:\/\/www.24baires.com\/index.php?rest_route=\/wp\/v2\/users\/4"}],"replies":[{"embeddable":true,"href":"http:\/\/www.24baires.com\/index.php?rest_route=%2Fwp%2Fv2%2Fcomments&post=76189"}],"version-history":[{"count":1,"href":"http:\/\/www.24baires.com\/index.php?rest_route=\/wp\/v2\/posts\/76189\/revisions"}],"predecessor-version":[{"id":76190,"href":"http:\/\/www.24baires.com\/index.php?rest_route=\/wp\/v2\/posts\/76189\/revisions\/76190"}],"wp:attachment":[{"href":"http:\/\/www.24baires.com\/index.php?rest_route=%2Fwp%2Fv2%2Fmedia&parent=76189"}],"wp:term":[{"taxonomy":"category","embeddable":true,"href":"http:\/\/www.24baires.com\/index.php?rest_route=%2Fwp%2Fv2%2Fcategories&post=76189"},{"taxonomy":"post_tag","embeddable":true,"href":"http:\/\/www.24baires.com\/index.php?rest_route=%2Fwp%2Fv2%2Ftags&post=76189"}],"curies":[{"name":"wp","href":"https:\/\/api.w.org\/{rel}","templated":true}]}}