{"id":76185,"date":"2015-12-10T10:30:41","date_gmt":"2015-12-10T13:30:41","guid":{"rendered":"http:\/\/www.24baires.com\/?p=76185"},"modified":"2015-12-10T11:09:31","modified_gmt":"2015-12-10T14:09:31","slug":"marcos-pena-pidio-unidad-para-encarar-los-desafios","status":"publish","type":"post","link":"http:\/\/www.24baires.com\/?p=76185","title":{"rendered":"Marcos Pe\u00f1a pidi\u00f3 \u00abunidad para encarar los desaf\u00edos\u00bb"},"content":{"rendered":"<p><img data-recalc-dims=\"1\" loading=\"lazy\" decoding=\"async\" class=\"aligncenter size-full wp-image-76186\" src=\"https:\/\/i0.wp.com\/www.24baires.com\/wp-content\/uploads\/2015\/12\/marcos-pe%C3%B1a.jpg?resize=560%2C372\" alt=\"marcos pe\u00f1a\" width=\"560\" height=\"372\" srcset=\"https:\/\/i0.wp.com\/www.24baires.com\/wp-content\/uploads\/2015\/12\/marcos-pe%C3%B1a.jpg?w=560 560w, https:\/\/i0.wp.com\/www.24baires.com\/wp-content\/uploads\/2015\/12\/marcos-pe%C3%B1a.jpg?resize=300%2C199 300w\" sizes=\"auto, (max-width: 560px) 100vw, 560px\" \/>El futuro jefe de Gabinete, Marcos Pe\u00f1a, habl\u00f3 antes de la ceremonia de asunci\u00f3n del nuevo presidente. Llam\u00f3 a la uni\u00f3n y dijo que \u00abnada va a empa\u00f1ar esta fiesta de la democracia\u00bb.<!--more--><\/p>\n<p>El futuro jefe de Gabinete, Marcos Pe\u00f1a, destac\u00f3 esta ma\u00f1ana que \u00abtenemos que estar unidos\u00bb y que \u00abnada va a empa\u00f1ar esta fiesta de la democracia\u00bb.<\/p>\n<p>Al ingresar al Congreso Nacional para participar de la jura presidencial de Mauricio Macri, Pe\u00f1a convoc\u00f3 \u00aba todos los argentinos a que hoy disfrutemos profundamente de esta emoci\u00f3n de vivir en un pa\u00eds democr\u00e1tico y juntos para encarar los desaf\u00edos m\u00e1s all\u00e1 de los colores pol\u00edticos\u00bb.<\/p>\n","protected":false},"excerpt":{"rendered":"<p>El futuro jefe de Gabinete, Marcos Pe\u00f1a, habl\u00f3 antes de la ceremonia de asunci\u00f3n del nuevo presidente. Llam\u00f3 a la uni\u00f3n y dijo que \u00abnada va a empa\u00f1ar esta fiesta de la democracia\u00bb.<\/p>\n","protected":false},"author":4,"featured_media":0,"comment_status":"open","ping_status":"open","sticky":false,"template":"","format":"standard","meta":{"_jetpack_newsletter_access":"","_jetpack_dont_email_post_to_subs":false,"_jetpack_newsletter_tier_id":0,"_jetpack_memberships_contains_paywalled_content":false,"_jetpack_memberships_contains_paid_content":false,"footnotes":""},"categories":[51],"tags":[],"class_list":["post-76185","post","type-post","status-publish","format-standard","hentry","category-politica"],"jetpack_shortlink":"https:\/\/wp.me\/p2JWE0-jON","jetpack-related-posts":[{"id":93076,"url":"http:\/\/www.24baires.com\/?p=93076","url_meta":{"origin":76185,"position":0},"title":"Pe\u00f1a considera que un paro \u00abno va a mejorar la realidad de los trabajadores\u00bb","author":"AF","date":"15\/03\/2017","format":false,"excerpt":"El jefe de Gabinete, Marcos Pe\u00f1a, advirti\u00f3 que el paro que anticiparon las centrales sindicales \u201cno es necesario ni va a mejorar la realidad situaci\u00f3n de los trabajadores al d\u00eda siguiente\u201d. En una conferencia de prensa, al t\u00e9rmino del anuncio del acuerdo con el sector automotr\u00edz, el jefe de Gabinete,\u2026","rel":"","context":"En \u00abPol\u00edtica\u00bb","block_context":{"text":"Pol\u00edtica","link":"http:\/\/www.24baires.com\/?cat=51"},"img":{"alt_text":"","src":"https:\/\/i0.wp.com\/www.24baires.com\/wp-content\/uploads\/2016\/08\/marcos-pe%C3%B1a.jpg?resize=350%2C200","width":350,"height":200,"srcset":"https:\/\/i0.wp.com\/www.24baires.com\/wp-content\/uploads\/2016\/08\/marcos-pe%C3%B1a.jpg?resize=350%2C200 1x, https:\/\/i0.wp.com\/www.24baires.com\/wp-content\/uploads\/2016\/08\/marcos-pe%C3%B1a.jpg?resize=525%2C300 1.5x"},"classes":[]},{"id":110754,"url":"http:\/\/www.24baires.com\/?p=110754","url_meta":{"origin":76185,"position":1},"title":"Pe\u00f1a reconoci\u00f3 que Cambiemos ya no es m\u00e1s Cambiemos","author":"AF","date":"11\/06\/2019","format":false,"excerpt":"El jefe de Gabinete lo hizo en conferencia de prensa en Casa Rosada, tras el anuncio de la f\u00f3rmula oficialista para las pr\u00f3ximas elecciones. El jefe de Gabinete, Marcos Pe\u00f1a, admiti\u00f3 que \"es una posibilidad\" que se modifique el nombre de la alianza gubernamental Cambiemos, pero a\u00fan \"no est\u00e1 confirmado\",\u2026","rel":"","context":"En \u00abPol\u00edtica\u00bb","block_context":{"text":"Pol\u00edtica","link":"http:\/\/www.24baires.com\/?cat=51"},"img":{"alt_text":"","src":"https:\/\/i0.wp.com\/www.24baires.com\/wp-content\/uploads\/2018\/05\/pe%C3%B1a.jpg?resize=350%2C200","width":350,"height":200,"srcset":"https:\/\/i0.wp.com\/www.24baires.com\/wp-content\/uploads\/2018\/05\/pe%C3%B1a.jpg?resize=350%2C200 1x, https:\/\/i0.wp.com\/www.24baires.com\/wp-content\/uploads\/2018\/05\/pe%C3%B1a.jpg?resize=525%2C300 1.5x"},"classes":[]},{"id":102048,"url":"http:\/\/www.24baires.com\/?p=102048","url_meta":{"origin":76185,"position":2},"title":"Pe\u00f1a justific\u00f3 el acuerdo con el FMI","author":"AF","date":"09\/05\/2018","format":false,"excerpt":"El jefe de Gabinete neg\u00f3 que Macri tenga pensado un cambio de ministros. Dijo que el Gobierno recurri\u00f3 al Fondo Monetario Internacional en busca de \"un cr\u00e9dito que nos haga menos vulnerable\", sin precisar qu\u00e9 monto se solicitar\u00e1. \"No nos vamos a quedar en la mitad del camino\", dijo y\u2026","rel":"","context":"En \u00abPol\u00edtica\u00bb","block_context":{"text":"Pol\u00edtica","link":"http:\/\/www.24baires.com\/?cat=51"},"img":{"alt_text":"","src":"https:\/\/i0.wp.com\/www.24baires.com\/wp-content\/uploads\/2016\/08\/marcos-pe%C3%B1a.jpg?resize=350%2C200","width":350,"height":200,"srcset":"https:\/\/i0.wp.com\/www.24baires.com\/wp-content\/uploads\/2016\/08\/marcos-pe%C3%B1a.jpg?resize=350%2C200 1x, https:\/\/i0.wp.com\/www.24baires.com\/wp-content\/uploads\/2016\/08\/marcos-pe%C3%B1a.jpg?resize=525%2C300 1.5x"},"classes":[]},{"id":53182,"url":"http:\/\/www.24baires.com\/?p=53182","url_meta":{"origin":76185,"position":3},"title":"Unidos y Organizados, en un masivo acto en apoyo a Cristina","author":"Grupo Sierra","date":"06\/09\/2014","format":false,"excerpt":"LA PLATA- El Jefe de Gabinete de Ministros, Jorge Capitanich, asegur\u00f3 en el encuentro que \"la democracia es defender el poder del pueblo por sobre el de las corporaciones, porque, o gobierna la democracia a trav\u00e9s del voto popular o las corporaciones con el manejo de la econom\u00eda\". \"El poder\u2026","rel":"","context":"En \u00abPol\u00edtica\u00bb","block_context":{"text":"Pol\u00edtica","link":"http:\/\/www.24baires.com\/?cat=51"},"img":{"alt_text":"","src":"https:\/\/i0.wp.com\/www.24baires.com\/wp-content\/uploads\/2014\/09\/capitanich.jpg?resize=350%2C200","width":350,"height":200,"srcset":"https:\/\/i0.wp.com\/www.24baires.com\/wp-content\/uploads\/2014\/09\/capitanich.jpg?resize=350%2C200 1x, https:\/\/i0.wp.com\/www.24baires.com\/wp-content\/uploads\/2014\/09\/capitanich.jpg?resize=525%2C300 1.5x"},"classes":[]},{"id":103014,"url":"http:\/\/www.24baires.com\/?p=103014","url_meta":{"origin":76185,"position":4},"title":"El Gobierno reconoci\u00f3 que se vienen \u00abmeses\u00bb de recesi\u00f3n econ\u00f3mica","author":"GB","date":"27\/06\/2018","format":false,"excerpt":"El d\u00edas despu\u00e9s del masivo paro general encabezado por la CGT, el Gobierno reiter\u00f3 que no habr\u00e1 convocatoria a la c\u00fapula cegetista y s\u00ed debates \"sector por sector\" en la discusi\u00f3n paritaria. La preocupaci\u00f3n, hoy por hoy, pasa por la econom\u00eda, aunque el mismo jefe de gabinete Marcos Pe\u00f1a, reconoci\u00f3\u2026","rel":"","context":"En \u00abEconom\u00eda\u00bb","block_context":{"text":"Econom\u00eda","link":"http:\/\/www.24baires.com\/?cat=45"},"img":{"alt_text":"","src":"https:\/\/i0.wp.com\/www.24baires.com\/wp-content\/uploads\/2018\/05\/pe%C3%B1a.jpg?resize=350%2C200","width":350,"height":200,"srcset":"https:\/\/i0.wp.com\/www.24baires.com\/wp-content\/uploads\/2018\/05\/pe%C3%B1a.jpg?resize=350%2C200 1x, https:\/\/i0.wp.com\/www.24baires.com\/wp-content\/uploads\/2018\/05\/pe%C3%B1a.jpg?resize=525%2C300 1.5x"},"classes":[]},{"id":104759,"url":"http:\/\/www.24baires.com\/?p=104759","url_meta":{"origin":76185,"position":5},"title":"Pe\u00f1a ratific\u00f3 el Presupuesto y rechaz\u00f3 las cr\u00edticas","author":"AF","date":"03\/10\/2018","format":false,"excerpt":"Durante su primera aparici\u00f3n p\u00fablica tras la reestructuraci\u00f3n del gabinete y la firma del segundo acuerdo con el FMI en menos de tres meses, el ministro coordinador de la alianza gobernante rechaz\u00f3 reformular la iniciativa oficial. El ex ministro de Econom\u00eda Axel Kicillof, por su parte, advirti\u00f3 que el presupuesto\u2026","rel":"","context":"En \u00abPol\u00edtica\u00bb","block_context":{"text":"Pol\u00edtica","link":"http:\/\/www.24baires.com\/?cat=51"},"img":{"alt_text":"","src":"https:\/\/i0.wp.com\/www.24baires.com\/wp-content\/uploads\/2018\/05\/pe%C3%B1a.jpg?resize=350%2C200","width":350,"height":200,"srcset":"https:\/\/i0.wp.com\/www.24baires.com\/wp-content\/uploads\/2018\/05\/pe%C3%B1a.jpg?resize=350%2C200 1x, https:\/\/i0.wp.com\/www.24baires.com\/wp-content\/uploads\/2018\/05\/pe%C3%B1a.jpg?resize=525%2C300 1.5x"},"classes":[]}],"jetpack_sharing_enabled":true,"jetpack_likes_enabled":true,"jetpack_featured_media_url":"","_links":{"self":[{"href":"http:\/\/www.24baires.com\/index.php?rest_route=\/wp\/v2\/posts\/76185","targetHints":{"allow":["GET"]}}],"collection":[{"href":"http:\/\/www.24baires.com\/index.php?rest_route=\/wp\/v2\/posts"}],"about":[{"href":"http:\/\/www.24baires.com\/index.php?rest_route=\/wp\/v2\/types\/post"}],"author":[{"embeddable":true,"href":"http:\/\/www.24baires.com\/index.php?rest_route=\/wp\/v2\/users\/4"}],"replies":[{"embeddable":true,"href":"http:\/\/www.24baires.com\/index.php?rest_route=%2Fwp%2Fv2%2Fcomments&post=76185"}],"version-history":[{"count":1,"href":"http:\/\/www.24baires.com\/index.php?rest_route=\/wp\/v2\/posts\/76185\/revisions"}],"predecessor-version":[{"id":76187,"href":"http:\/\/www.24baires.com\/index.php?rest_route=\/wp\/v2\/posts\/76185\/revisions\/76187"}],"wp:attachment":[{"href":"http:\/\/www.24baires.com\/index.php?rest_route=%2Fwp%2Fv2%2Fmedia&parent=76185"}],"wp:term":[{"taxonomy":"category","embeddable":true,"href":"http:\/\/www.24baires.com\/index.php?rest_route=%2Fwp%2Fv2%2Fcategories&post=76185"},{"taxonomy":"post_tag","embeddable":true,"href":"http:\/\/www.24baires.com\/index.php?rest_route=%2Fwp%2Fv2%2Ftags&post=76185"}],"curies":[{"name":"wp","href":"https:\/\/api.w.org\/{rel}","templated":true}]}}