{"id":76176,"date":"2015-12-09T21:00:46","date_gmt":"2015-12-10T00:00:46","guid":{"rendered":"http:\/\/www.24baires.com\/?p=76176"},"modified":"2015-12-10T09:54:38","modified_gmt":"2015-12-10T12:54:38","slug":"lo-mas-grande-que-le-he-dado-al-pueblo-es-el-empoderamiento-popular","status":"publish","type":"post","link":"http:\/\/www.24baires.com\/?p=76176","title":{"rendered":"\u00abLo m\u00e1s grande que le he dado al pueblo es el empoderamiento popular\u00bb"},"content":{"rendered":"<p><img data-recalc-dims=\"1\" loading=\"lazy\" decoding=\"async\" class=\"alignleft size-medium wp-image-76177\" src=\"https:\/\/i0.wp.com\/www.24baires.com\/wp-content\/uploads\/2015\/12\/cfk.jpg?resize=300%2C199\" alt=\"cfk\" width=\"300\" height=\"199\" srcset=\"https:\/\/i0.wp.com\/www.24baires.com\/wp-content\/uploads\/2015\/12\/cfk.jpg?resize=300%2C199 300w, https:\/\/i0.wp.com\/www.24baires.com\/wp-content\/uploads\/2015\/12\/cfk.jpg?w=330 330w\" sizes=\"auto, (max-width: 300px) 100vw, 300px\" \/>\u00abQueridos compatriotas, quiero decirles que yo tambi\u00e9n los escuch\u00e9, los escucho y los voy a escuchar siempre\u00bb, dijo la Presidenta, frente a m\u00e1s de 700 mil personas que la acompa\u00f1aron en Plaza de Mayo.<!--more--><\/p>\n<p>La presidenta de la Naci\u00f3n Cristina Fern\u00e1ndez de Kirchner agradeci\u00f3 el acompa\u00f1amiento de los cientos de miles de argentinos que colmaron Plaza de Mayo y alrededores, a quienes les pidi\u00f3 que \u00abcuando sientan que aquellos en los que confi\u00f3 y deposit\u00f3 sus votos lo traicionaron, tomen su bandera y sepan que son los dirigentes de sus destinos\u00bb, al tiempo que afirm\u00f3 que \u00ablo m\u00e1s grande que le he dado al pueblo es el empoderamiento popular\u00bb.<\/p>\n<p>Desde el escenario montado en la Plaza de Mayo, donde brind\u00f3 su \u00faltimo discurso como mandataria, Cristina ponder\u00f3 que \u00ablo m\u00e1s grande que le he dado al pueblo es el empoderamiento popular\u00bb, al mismo tiempo que afirm\u00f3 que espera que \u00abquienes nos sucedan por imperio de la voluntad popular, puedan dentro de cuatro a\u00f1os pararse frente una plaza como esta y mirarlos a los ojos, como la hacemos nosotros\u00bb.<\/p>\n<p>\u00abQueridos compatriotas, cada uno de ustedes tiene un dirigente adentro, y cuando sienta que aquellos en los que confi\u00f3 y deposit\u00f3 sus votos lo traicionaron, tome sus banderas y sepa que cada uno es el dirigente de su destino y el constructor de su vida\u00bb.<\/p>\n","protected":false},"excerpt":{"rendered":"<p>\u00abQueridos compatriotas, quiero decirles que yo tambi\u00e9n los escuch\u00e9, los escucho y los voy a escuchar siempre\u00bb, dijo la Presidenta, frente a m\u00e1s de 700 mil personas que la acompa\u00f1aron en Plaza de Mayo.<\/p>\n","protected":false},"author":4,"featured_media":0,"comment_status":"open","ping_status":"open","sticky":false,"template":"","format":"standard","meta":{"_jetpack_newsletter_access":"","_jetpack_dont_email_post_to_subs":false,"_jetpack_newsletter_tier_id":0,"_jetpack_memberships_contains_paywalled_content":false,"_jetpack_memberships_contains_paid_content":false,"footnotes":""},"categories":[51],"tags":[],"class_list":["post-76176","post","type-post","status-publish","format-standard","hentry","category-politica"],"jetpack_shortlink":"https:\/\/wp.me\/p2JWE0-jOE","jetpack-related-posts":[{"id":24363,"url":"http:\/\/www.24baires.com\/?p=24363","url_meta":{"origin":76176,"position":0},"title":"Cristina: \u00abPor mal que les pese a algunos, \u00e9sta fue una d\u00e9cada ganada por el pueblo\u00bb","author":"Grupo Sierra","date":"25\/05\/2013","format":false,"excerpt":"Cristina Fern\u00e1ndez de Kirchner encabez\u00f3 el acto popular en la Plaza de Mayo, al cumplirse diez a\u00f1os de la gesti\u00f3n iniciada por N\u00e9stor Kirchner. \"Es necesario empoderar a la sociedad de estas reformas y conquistas\"\u200b, dijo. \u201cYo no soy eterna y tampoco quiero serlo. Es necesario empoderar al pueblo, a\u2026","rel":"","context":"En \u00abPol\u00edtica\u00bb","block_context":{"text":"Pol\u00edtica","link":"http:\/\/www.24baires.com\/?cat=51"},"img":{"alt_text":"","src":"https:\/\/i0.wp.com\/www.24baires.com\/wp-content\/uploads\/2013\/05\/cristina-decada-ganada.jpg?resize=350%2C200","width":350,"height":200},"classes":[]},{"id":66639,"url":"http:\/\/www.24baires.com\/?p=66639","url_meta":{"origin":76176,"position":1},"title":"\u00abEste no fue otro 25 de Mayo m\u00e1s\u00bb asegur\u00f3 el titular de ARBIA","author":"Grupo Sierra","date":"27\/05\/2015","format":false,"excerpt":"El titular de ARBIA (Asociaci\u00f3n Radiodifusoras Bonaerenses y del Interior de Argentina), Osvaldo Franc\u00e9s, reflexion\u00f3 sobre la movilizaci\u00f3n del 25 de mayo pasado, en la que la asociaci\u00f3n de radiodifusoras m\u00e1s importante de la Provincia de Buenos Aires concurri\u00f3 con su propia columna. Otra vez quedo reflejado que la plaza\u2026","rel":"","context":"En \u00abMedios\u00bb","block_context":{"text":"Medios","link":"http:\/\/www.24baires.com\/?cat=54"},"img":{"alt_text":"","src":"https:\/\/i0.wp.com\/www.24baires.com\/wp-content\/uploads\/2015\/05\/arbia.jpg?resize=350%2C200","width":350,"height":200,"srcset":"https:\/\/i0.wp.com\/www.24baires.com\/wp-content\/uploads\/2015\/05\/arbia.jpg?resize=350%2C200 1x, https:\/\/i0.wp.com\/www.24baires.com\/wp-content\/uploads\/2015\/05\/arbia.jpg?resize=525%2C300 1.5x"},"classes":[]},{"id":46599,"url":"http:\/\/www.24baires.com\/?p=46599","url_meta":{"origin":76176,"position":2},"title":"Conti disip\u00f3 dudas sobre un posible cargo legislativo de Cristina","author":"Grupo Sierra","date":"23\/05\/2014","format":false,"excerpt":"La diputada por el FpV, Daiana Conti,contest\u00f3 los rumores sobre una supuesta participaci\u00f3n de la Presidenta en las elecciones 2015 pero advirti\u00f3 que la conducci\u00f3n \"va a ser siempre de Cristina\" porque \"ella va a seguir empoderada por el pueblo y esa conducci\u00f3n no est\u00e1 discutida, ni se va discutir\".\u2026","rel":"","context":"En \u00abElecciones 2015\u00bb","block_context":{"text":"Elecciones 2015","link":"http:\/\/www.24baires.com\/?cat=74"},"img":{"alt_text":"conti diana","src":"https:\/\/i0.wp.com\/www.24baires.com\/wp-content\/uploads\/2013\/01\/conti-diana-300x242.jpg?resize=350%2C200","width":350,"height":200},"classes":[]},{"id":113338,"url":"http:\/\/www.24baires.com\/?p=113338","url_meta":{"origin":76176,"position":3},"title":"Cristina en la Plaza: \u00abHan dejado tierra arrasada\u00bb","author":"AF","date":"10\/12\/2019","format":false,"excerpt":"La vicepresidenta pronunci\u00f3 un fuerte discurso ante centenares de miles de personas en el cierre del festival popular en Plaza de Mayo. Minutos despu\u00e9s de las 20 salieron al escenario que expand\u00eda varios metros a la Casa Rosada. En medio de gritos, c\u00e1nticos y los ecos de la m\u00fasica de\u2026","rel":"","context":"En \u00abPol\u00edtica\u00bb","block_context":{"text":"Pol\u00edtica","link":"http:\/\/www.24baires.com\/?cat=51"},"img":{"alt_text":"","src":"https:\/\/i0.wp.com\/www.24baires.com\/wp-content\/uploads\/2019\/12\/cristina-plaza.jpg?resize=350%2C200","width":350,"height":200,"srcset":"https:\/\/i0.wp.com\/www.24baires.com\/wp-content\/uploads\/2019\/12\/cristina-plaza.jpg?resize=350%2C200 1x, https:\/\/i0.wp.com\/www.24baires.com\/wp-content\/uploads\/2019\/12\/cristina-plaza.jpg?resize=525%2C300 1.5x"},"classes":[]},{"id":46726,"url":"http:\/\/www.24baires.com\/?p=46726","url_meta":{"origin":76176,"position":4},"title":"Cristina en la Fiesta Patria Popular: \u00abEl futuro vino y lleg\u00f3 para quedarse\u00bb","author":"AF","date":"25\/05\/2014","format":false,"excerpt":"Durante el discurso que pronunci\u00f3 durante los festejos por el 25 de Mayo que se celebraron en la Plaza de Mayo, la Presidenta afirm\u00f3: \"Tenemos fe y esperanzas en el futuro, pero tambi\u00e9n sabemos que tenemos que trabajar con m\u00e1s inclusi\u00f3n para cada vez m\u00e1s argentinos\". \"Quiero hacer hincapi\u00e9 en\u2026","rel":"","context":"En \u00abPol\u00edtica\u00bb","block_context":{"text":"Pol\u00edtica","link":"http:\/\/www.24baires.com\/?cat=51"},"img":{"alt_text":"","src":"https:\/\/i0.wp.com\/www.24baires.com\/wp-content\/uploads\/2014\/05\/plaza-25-mayo.jpg?resize=350%2C200","width":350,"height":200,"srcset":"https:\/\/i0.wp.com\/www.24baires.com\/wp-content\/uploads\/2014\/05\/plaza-25-mayo.jpg?resize=350%2C200 1x, https:\/\/i0.wp.com\/www.24baires.com\/wp-content\/uploads\/2014\/05\/plaza-25-mayo.jpg?resize=525%2C300 1.5x"},"classes":[]},{"id":58580,"url":"http:\/\/www.24baires.com\/?p=58580","url_meta":{"origin":76176,"position":5},"title":"A pesar de la lluvia, miles de personas celebran la Democracia","author":"Grupo Sierra","date":"13\/12\/2014","format":false,"excerpt":"Despu\u00e9s de soportar las primeras lluvias de la tarde y resguardarse en los laterales, los manifestantes vuelven a disfrutar de la jornada que ser\u00e1 cerrada cerca de las 20 con un discurso de la presidenta Cristina Fern\u00e1ndez de Kirchner. Miles de personas identificadas con banderas y pancartas de agrupaciones pol\u00edticas,\u2026","rel":"","context":"En \u00abSociedad\u00bb","block_context":{"text":"Sociedad","link":"http:\/\/www.24baires.com\/?cat=1"},"img":{"alt_text":"","src":"https:\/\/i0.wp.com\/www.24baires.com\/wp-content\/uploads\/2014\/12\/democracia-acto.jpg?resize=350%2C200","width":350,"height":200,"srcset":"https:\/\/i0.wp.com\/www.24baires.com\/wp-content\/uploads\/2014\/12\/democracia-acto.jpg?resize=350%2C200 1x, https:\/\/i0.wp.com\/www.24baires.com\/wp-content\/uploads\/2014\/12\/democracia-acto.jpg?resize=525%2C300 1.5x"},"classes":[]}],"jetpack_sharing_enabled":true,"jetpack_likes_enabled":true,"jetpack_featured_media_url":"","_links":{"self":[{"href":"http:\/\/www.24baires.com\/index.php?rest_route=\/wp\/v2\/posts\/76176","targetHints":{"allow":["GET"]}}],"collection":[{"href":"http:\/\/www.24baires.com\/index.php?rest_route=\/wp\/v2\/posts"}],"about":[{"href":"http:\/\/www.24baires.com\/index.php?rest_route=\/wp\/v2\/types\/post"}],"author":[{"embeddable":true,"href":"http:\/\/www.24baires.com\/index.php?rest_route=\/wp\/v2\/users\/4"}],"replies":[{"embeddable":true,"href":"http:\/\/www.24baires.com\/index.php?rest_route=%2Fwp%2Fv2%2Fcomments&post=76176"}],"version-history":[{"count":1,"href":"http:\/\/www.24baires.com\/index.php?rest_route=\/wp\/v2\/posts\/76176\/revisions"}],"predecessor-version":[{"id":76178,"href":"http:\/\/www.24baires.com\/index.php?rest_route=\/wp\/v2\/posts\/76176\/revisions\/76178"}],"wp:attachment":[{"href":"http:\/\/www.24baires.com\/index.php?rest_route=%2Fwp%2Fv2%2Fmedia&parent=76176"}],"wp:term":[{"taxonomy":"category","embeddable":true,"href":"http:\/\/www.24baires.com\/index.php?rest_route=%2Fwp%2Fv2%2Fcategories&post=76176"},{"taxonomy":"post_tag","embeddable":true,"href":"http:\/\/www.24baires.com\/index.php?rest_route=%2Fwp%2Fv2%2Ftags&post=76176"}],"curies":[{"name":"wp","href":"https:\/\/api.w.org\/{rel}","templated":true}]}}