{"id":76156,"date":"2015-12-09T16:00:35","date_gmt":"2015-12-09T19:00:35","guid":{"rendered":"http:\/\/www.24baires.com\/?p=76156"},"modified":"2015-12-09T16:12:29","modified_gmt":"2015-12-09T19:12:29","slug":"diputados-del-fpv-no-asistiran-a-la-jura-de-macri","status":"publish","type":"post","link":"http:\/\/www.24baires.com\/?p=76156","title":{"rendered":"Diputados del FpV no asistir\u00e1n a la jura de Macri"},"content":{"rendered":"<p><img data-recalc-dims=\"1\" loading=\"lazy\" decoding=\"async\" class=\"aligncenter size-full wp-image-76157\" src=\"https:\/\/i0.wp.com\/www.24baires.com\/wp-content\/uploads\/2015\/12\/diputados-fpv.jpg?resize=560%2C372\" alt=\"diputados fpv\" width=\"560\" height=\"372\" srcset=\"https:\/\/i0.wp.com\/www.24baires.com\/wp-content\/uploads\/2015\/12\/diputados-fpv.jpg?w=560 560w, https:\/\/i0.wp.com\/www.24baires.com\/wp-content\/uploads\/2015\/12\/diputados-fpv.jpg?resize=300%2C199 300w\" sizes=\"auto, (max-width: 560px) 100vw, 560px\" \/>El jefe de bloque de diputados del Frente para la Victoria, H\u00e9ctor Recalde asegur\u00f3 que los diputados de esa fuerza pol\u00edtica \u00aben solidaridad con la presidenta no bajar\u00e1n ma\u00f1ana al recinto\u00bb y destac\u00f3 que \u00abla asamblea\u00bb, en la que se har\u00e1 el traspaso presidencial y asumir\u00e1 el presidente electo Mauricio Macri, \u00abno necesita qu\u00f3rum y puede realizarse igual\u00bb.<!--more--><\/p>\n<p>En una conferencia de prensa, Recalde expres\u00f3 que \u00abla decisi\u00f3n de la Presidenta (de no asistir ma\u00f1ana al Congreso) fue de una dignidad absoluta\u00bb en referencia a lo decidido a la mandataria luego de conocerse la medida cautelar presentada por el macrismo que estableci\u00f3 que \u00abel mandato\u00bb de Cristina Fern\u00e1ndez de Kirchner finaliza el 9 de diciembre a las 23.59.<\/p>\n<p>Recalde precis\u00f3 que \u00aben solidaridad con la presidenta\u00bb los diputados del FpV no participar\u00e1n ma\u00f1ana de la Asamblea Parlamentaria.<\/p>\n","protected":false},"excerpt":{"rendered":"<p>El jefe de bloque de diputados del Frente para la Victoria, H\u00e9ctor Recalde asegur\u00f3 que los diputados de esa fuerza pol\u00edtica \u00aben solidaridad con la presidenta no bajar\u00e1n ma\u00f1ana al recinto\u00bb y destac\u00f3 que \u00abla asamblea\u00bb, en la que se har\u00e1 el traspaso presidencial y asumir\u00e1 el presidente electo Mauricio Macri, \u00abno necesita qu\u00f3rum y puede realizarse igual\u00bb.<\/p>\n","protected":false},"author":4,"featured_media":0,"comment_status":"open","ping_status":"open","sticky":false,"template":"","format":"standard","meta":{"_jetpack_newsletter_access":"","_jetpack_dont_email_post_to_subs":false,"_jetpack_newsletter_tier_id":0,"_jetpack_memberships_contains_paywalled_content":false,"_jetpack_memberships_contains_paid_content":false,"footnotes":""},"categories":[51],"tags":[],"class_list":["post-76156","post","type-post","status-publish","format-standard","hentry","category-politica"],"jetpack_shortlink":"https:\/\/wp.me\/p2JWE0-jOk","jetpack-related-posts":[{"id":85444,"url":"http:\/\/www.24baires.com\/?p=85444","url_meta":{"origin":76156,"position":0},"title":"Recalde adelant\u00f3 que el kirchnerismo se opondr\u00e1 a las leyes de flexibilizaci\u00f3n laboral","author":"Grupo Sierra","date":"25\/07\/2016","format":false,"excerpt":"El presidente del bloque del Frente para la Victoria-PJ, H\u00e9ctor Recalde, afirm\u00f3 hoy que esa bancada realizar\u00e1 un giro de corte laborista en su estrategia parlamentaria y sostendr\u00e1 una postura de oposici\u00f3n dura frente a lo que consider\u00f3 \"leyes de flexibilizaci\u00f3n laboral\" que impulsa el Gobierno de Mauricio Macri. \"Nos\u2026","rel":"","context":"En \u00abPol\u00edtica\u00bb","block_context":{"text":"Pol\u00edtica","link":"http:\/\/www.24baires.com\/?cat=51"},"img":{"alt_text":"hector recalde","src":"https:\/\/i0.wp.com\/www.24baires.com\/wp-content\/uploads\/2014\/11\/hector-recalde.jpg?resize=350%2C200","width":350,"height":200,"srcset":"https:\/\/i0.wp.com\/www.24baires.com\/wp-content\/uploads\/2014\/11\/hector-recalde.jpg?resize=350%2C200 1x, https:\/\/i0.wp.com\/www.24baires.com\/wp-content\/uploads\/2014\/11\/hector-recalde.jpg?resize=525%2C300 1.5x"},"classes":[]},{"id":74719,"url":"http:\/\/www.24baires.com\/?p=74719","url_meta":{"origin":76156,"position":1},"title":"Recalde advirti\u00f3 sobre el riesgo del \u00abticket canasta\u00bb","author":"AF","date":"06\/11\/2015","format":false,"excerpt":"El diputado nacional se refiri\u00f3 al posible retorno de los mismos como medio de pago a trabajadores. \u201cEl interbloque PRO, conducido por Mauricio Macri, seguramente por su posicionamiento ideol\u00f3gico, con su voto ratificaba una decisi\u00f3n del neoliberalismo de los 90 que concentraba los recursos en manos de unos pocos en\u2026","rel":"","context":"En \u00abEconom\u00eda\u00bb","block_context":{"text":"Econom\u00eda","link":"http:\/\/www.24baires.com\/?cat=45"},"img":{"alt_text":"hector recalde","src":"https:\/\/i0.wp.com\/www.24baires.com\/wp-content\/uploads\/2014\/11\/hector-recalde.jpg?resize=350%2C200","width":350,"height":200,"srcset":"https:\/\/i0.wp.com\/www.24baires.com\/wp-content\/uploads\/2014\/11\/hector-recalde.jpg?resize=350%2C200 1x, https:\/\/i0.wp.com\/www.24baires.com\/wp-content\/uploads\/2014\/11\/hector-recalde.jpg?resize=525%2C300 1.5x"},"classes":[]},{"id":82929,"url":"http:\/\/www.24baires.com\/?p=82929","url_meta":{"origin":76156,"position":2},"title":"Recalde sobre la ley antidespidos: \u00abEl veto podr\u00eda ser un abuso de derecho\u00bb","author":"GB","date":"19\/05\/2016","format":false,"excerpt":"El jefe del bloque de diputados del Frente para la Victoria se refiri\u00f3 a la inminente decisi\u00f3n del presidente Mauricio Macri. El jefe del bloque de Diputados del Frente para la Victoria, H\u00e9ctor Recalde, apunt\u00f3 a la decisi\u00f3n de Mauricio Macri de vetar la ley de emergencia laboral, m\u00e1s conocida\u2026","rel":"","context":"En \u00abPol\u00edtica\u00bb","block_context":{"text":"Pol\u00edtica","link":"http:\/\/www.24baires.com\/?cat=51"},"img":{"alt_text":"hector recalde","src":"https:\/\/i0.wp.com\/www.24baires.com\/wp-content\/uploads\/2014\/11\/hector-recalde.jpg?resize=350%2C200","width":350,"height":200,"srcset":"https:\/\/i0.wp.com\/www.24baires.com\/wp-content\/uploads\/2014\/11\/hector-recalde.jpg?resize=350%2C200 1x, https:\/\/i0.wp.com\/www.24baires.com\/wp-content\/uploads\/2014\/11\/hector-recalde.jpg?resize=525%2C300 1.5x"},"classes":[]},{"id":82488,"url":"http:\/\/www.24baires.com\/?p=82488","url_meta":{"origin":76156,"position":3},"title":"Recalde consider\u00f3 que es \u00abenga\u00f1oso\u00bb el acuerdo entre Macri y empresarios","author":"GB","date":"09\/05\/2016","format":false,"excerpt":"El diputado del FPV desafi\u00f3 al Gobierno \"a comprometerse tambi\u00e9n a no cesantear\". El jefe del bloque de diputados del Frente para la Victoria, H\u00e9ctor Recalde, sostuvo que el acuerdo entre el Gobierno y empresarios para frenar despidos \"es medio enga\u00f1oso\" porque \"una cosa es no reducir la plantilla y\u2026","rel":"","context":"En \u00abPol\u00edtica\u00bb","block_context":{"text":"Pol\u00edtica","link":"http:\/\/www.24baires.com\/?cat=51"},"img":{"alt_text":"recalde padre","src":"https:\/\/i0.wp.com\/www.24baires.com\/wp-content\/uploads\/2012\/12\/recalde-padre-300x180.jpg?resize=350%2C200","width":350,"height":200},"classes":[]},{"id":9409,"url":"http:\/\/www.24baires.com\/?p=9409","url_meta":{"origin":76156,"position":4},"title":"H\u00e9ctor Recalde avalar\u00eda una reforma constitucional","author":"Grupo Sierra","date":"16\/12\/2012","format":false,"excerpt":"El ex abogado de la CGT de Hugo Moyano y diputado nacional por el FpV, H\u00e9ctor Recalde, se manifest\u00f3 a favor de una eventual modificaci\u00f3n de la Constituci\u00f3n argentina que le permita un tercer mandato a la presidenta Cristina Fern\u00e1ndez de Kirchner. No obstante, aclar\u00f3 que hay que contar con\u2026","rel":"","context":"En \u00abPol\u00edtica\u00bb","block_context":{"text":"Pol\u00edtica","link":"http:\/\/www.24baires.com\/?cat=51"},"img":{"alt_text":"recalde padre","src":"https:\/\/i0.wp.com\/www.24baires.com\/wp-content\/uploads\/2012\/12\/recalde-padre-300x180.jpg?resize=350%2C200","width":350,"height":200},"classes":[]},{"id":12950,"url":"http:\/\/www.24baires.com\/?p=12950","url_meta":{"origin":76156,"position":5},"title":"El Diputado Recalde tiene \u00abmil motivos\u00bb para apoyar una eventual re-reelecci\u00f3n","author":"Grupo Sierra","date":"20\/01\/2013","format":false,"excerpt":"El diputado nacional del FpV manifest\u00f3 que \"lo importante es lo que decida el pueblo en su momento y que la presidenta acepte\". Tambi\u00e9n llam\u00f3 a \"profundizar el modelo de pol\u00edticas de inclusi\u00f3n y recuperaci\u00f3n de los derechos de los trabajadores\". El diputado nacional del Frente para la Victoria, H\u00e9ctor\u2026","rel":"","context":"En \u00abPol\u00edtica\u00bb","block_context":{"text":"Pol\u00edtica","link":"http:\/\/www.24baires.com\/?cat=51"},"img":{"alt_text":"","src":"","width":0,"height":0},"classes":[]}],"jetpack_sharing_enabled":true,"jetpack_likes_enabled":true,"jetpack_featured_media_url":"","_links":{"self":[{"href":"http:\/\/www.24baires.com\/index.php?rest_route=\/wp\/v2\/posts\/76156","targetHints":{"allow":["GET"]}}],"collection":[{"href":"http:\/\/www.24baires.com\/index.php?rest_route=\/wp\/v2\/posts"}],"about":[{"href":"http:\/\/www.24baires.com\/index.php?rest_route=\/wp\/v2\/types\/post"}],"author":[{"embeddable":true,"href":"http:\/\/www.24baires.com\/index.php?rest_route=\/wp\/v2\/users\/4"}],"replies":[{"embeddable":true,"href":"http:\/\/www.24baires.com\/index.php?rest_route=%2Fwp%2Fv2%2Fcomments&post=76156"}],"version-history":[{"count":1,"href":"http:\/\/www.24baires.com\/index.php?rest_route=\/wp\/v2\/posts\/76156\/revisions"}],"predecessor-version":[{"id":76158,"href":"http:\/\/www.24baires.com\/index.php?rest_route=\/wp\/v2\/posts\/76156\/revisions\/76158"}],"wp:attachment":[{"href":"http:\/\/www.24baires.com\/index.php?rest_route=%2Fwp%2Fv2%2Fmedia&parent=76156"}],"wp:term":[{"taxonomy":"category","embeddable":true,"href":"http:\/\/www.24baires.com\/index.php?rest_route=%2Fwp%2Fv2%2Fcategories&post=76156"},{"taxonomy":"post_tag","embeddable":true,"href":"http:\/\/www.24baires.com\/index.php?rest_route=%2Fwp%2Fv2%2Ftags&post=76156"}],"curies":[{"name":"wp","href":"https:\/\/api.w.org\/{rel}","templated":true}]}}