{"id":76147,"date":"2015-12-09T13:00:41","date_gmt":"2015-12-09T16:00:41","guid":{"rendered":"http:\/\/www.24baires.com\/?p=76147"},"modified":"2015-12-09T13:00:10","modified_gmt":"2015-12-09T16:00:10","slug":"la-presidenta-inaugura-un-busto-de-nestor-kirchner-en-casa-rosada","status":"publish","type":"post","link":"http:\/\/www.24baires.com\/?p=76147","title":{"rendered":"La Presidenta inaugura un busto de N\u00e9stor Kirchner en Casa Rosada"},"content":{"rendered":"<p><img data-recalc-dims=\"1\" loading=\"lazy\" decoding=\"async\" class=\"aligncenter size-full wp-image-70904\" src=\"https:\/\/i0.wp.com\/www.24baires.com\/wp-content\/uploads\/2015\/08\/cristina-cadena.jpg?resize=560%2C313\" alt=\"cristina cadena\" width=\"560\" height=\"313\" srcset=\"https:\/\/i0.wp.com\/www.24baires.com\/wp-content\/uploads\/2015\/08\/cristina-cadena.jpg?w=560 560w, https:\/\/i0.wp.com\/www.24baires.com\/wp-content\/uploads\/2015\/08\/cristina-cadena.jpg?resize=300%2C168 300w\" sizes=\"auto, (max-width: 560px) 100vw, 560px\" \/>El busto ser\u00e1 inaugurado desde las 18 en el Sal\u00f3n de los Bustos de la Casa Rosada, en lo que se traducir\u00e1 en el \u00faltimo acto de gobierno de la mandataria tras ocho a\u00f1os de gesti\u00f3n.<!--more--><\/p>\n<p>El acto est\u00e1 previsto para las 18 y se anunci\u00f3 la colocaci\u00f3n de pantallas gigantes en Plaza de Mayo para que la ciudadan\u00eda pueda seguir de cerca la ceremonia.<\/p>\n<p>El busto del presidente que gobern\u00f3 la Argentina entre el 25 de mayo de 2003 y el 10 de diciembre de 2007 quedar\u00e1 incorporado a la Galer\u00eda ubicada en la planta baja de la Casa Rosada, en el Hall de Honor que sirve de escenario para recibir visitas ilustres.<\/p>\n<p>Ser\u00e1 la tercera vez que la jefa de Estado inaugure un busto de un ex presidente. En 2008 inaugur\u00f3 el de las figuras de H\u00e9ctor C\u00e1mpora (25 de mayo a 13 de julio de 1973); y de Ra\u00fal Alfons\u00edn (10 de diciembre de 1983 \u2013 8 de julio de 1989).<\/p>\n<p>En el caso de Alfons\u00edn, el acto se realiz\u00f3 con la asistencia del dirigente radical, quien en una emotiva ceremonia confes\u00f3: \u00abDespu\u00e9s de todos los honores y privilegios que me dio la vida, jam\u00e1s hubiera imaginado presenciar la inauguraci\u00f3n de un monumento a mi persona\u00bb.<\/p>\n<p>\u00abNo se sienta en la obligaci\u00f3n de tener que dar explicaciones de esta estatua, es cierto que es un homenaje a estos 25 a\u00f1os de democracia, pero tambi\u00e9n es un homenaje a usted como persona porque lleg\u00f3 a Presidente luego de una larga vida de militante y dirigente pol\u00edtico\u00bb, le dijo Cristina aquel 1 de octubre de 2008, para luego definirlo: \u00abUsted es el s\u00edmbolo del retorno a la democracia\u00bb.<\/p>\n<p>Semanas m\u00e1s tarde, el 13 de noviembre de ese a\u00f1o, la jefa de Estado encabez\u00f3 el acto de colocaci\u00f3n del busto de C\u00e1mpora, un nombre \u00abque fue sin\u00f3nimo de la lealtad a Per\u00f3n\u00bb, asever\u00f3 la presidenta.<\/p>\n<p>\u00abVenimos nada m\u00e1s que a reconocerlo y a ponerlo en el lugar donde debe estar\u00bb, dijo Cristina ya que \u00abeste hombre, que signific\u00f3 la identidad de toda su vida en un ideario, su lealtad a quien fuera tres veces presidente de los argentinos y liderara el movimiento pol\u00edtico m\u00e1s importante, tal vez el que m\u00e1s perdura de toda Latinoam\u00e9rica, merec\u00eda este homenaje, porque el otro, el de la memoria y el de la historia ya se lo hab\u00eda ganado \u00e9l solito\u00bb.<\/p>\n<p>En el sal\u00f3n est\u00e1n retratados en m\u00e1rmol de carrera casi todos los mandatarios argentinos hasta 1983.<\/p>\n<p>N\u00e9stor Carlos Kirchner naci\u00f3 en R\u00edo Gallegos el 25 de febrero de 1950 y lleg\u00f3 al poder con s\u00f3lo el 22,24 por ciento de los votos (Frente para la Victoria) luego de que su oponente, el ex mandatario Carlos Menem, renunciara a la segunda vuelta electoral.<\/p>\n<p>Intendente de R\u00edo Gallegos y tres veces gobernador de Santa Cruz, Kirchner inici\u00f3 su mandato a cargo de la magistratura el 25 de mayo de 2003 con un discurso ante la Asamblea Legislativa en el que prometi\u00f3 no dejar sus convicciones \u00aben la puerta de la Casa Rosada\u00bb.<\/p>\n<p>Durante su gobierno, se redujeron los niveles de pobreza, indigencia y desempleo a partir del crecimiento del empleo y del aumento del salario m\u00ednimo y de las jubilaciones, se renov\u00f3 la Corte Suprema de Justicia, y se promovieron los juicios por delitos de lesa humanidad.<\/p>\n<p>Tambi\u00e9n renegoci\u00f3 la deuda externa y cancel\u00f3 los compromisos con el Fondo Monetario Internacional (FMI), a la vez que impuls\u00f3 un proceso hist\u00f3rico de integraci\u00f3n regional acompa\u00f1ado por los presidentes Lula Da Silva (Brasil), Hugo Ch\u00e1vez (Venezuela), Tabar\u00e9 V\u00e1zquez (Uruguay) y luego Evo Morales (Bolivia) y Rafael Correa (Ecuador).<\/p>\n<p>En las elecciones de 2009 obtuvo una banca en la C\u00e1mara de Diputados, por la provincia de Buenos Aires. Ese a\u00f1o tambi\u00e9n fue electo presidente del Partido Justicialista. Durante la primera presidencia de su esposa acompa\u00f1\u00f3 como legislador y referente pol\u00edtico sus decisiones de gobierno. Tambi\u00e9n fue electo como primer Secretario general de la Unasur.<\/p>\n<p>En febrero de 2010 fue operado de la car\u00f3tida y en septiembre debi\u00f3 ser sometido a una angioplastia donde se le coloc\u00f3 un stent. Sus m\u00e9dicos le recomendaron que cambiara su estilo de vida debido al estr\u00e9s pero luego de unas semanas de reposo volvi\u00f3 a la actividad pol\u00edtica. Falleci\u00f3 a los 60 a\u00f1os de un paro cardiorrespiratorio no traum\u00e1tico el 27 de octubre de 2010 y su sepelio en la Casa de Gobierno convoc\u00f3 a miles de argentinos.<\/p>\n","protected":false},"excerpt":{"rendered":"<p>El busto ser\u00e1 inaugurado desde las 18 en el Sal\u00f3n de los Bustos de la Casa Rosada, en lo que se traducir\u00e1 en el \u00faltimo acto de gobierno de la mandataria tras ocho a\u00f1os de gesti\u00f3n.<\/p>\n","protected":false},"author":8,"featured_media":0,"comment_status":"open","ping_status":"open","sticky":false,"template":"","format":"standard","meta":{"_jetpack_newsletter_access":"","_jetpack_dont_email_post_to_subs":false,"_jetpack_newsletter_tier_id":0,"_jetpack_memberships_contains_paywalled_content":false,"_jetpack_memberships_contains_paid_content":false,"footnotes":""},"categories":[51],"tags":[],"class_list":["post-76147","post","type-post","status-publish","format-standard","hentry","category-politica"],"jetpack_shortlink":"https:\/\/wp.me\/p2JWE0-jOb","jetpack-related-posts":[{"id":24198,"url":"http:\/\/www.24baires.com\/?p=24198","url_meta":{"origin":76147,"position":0},"title":"Descubrir\u00e1n un busto en homenaje a N\u00e9stor Kirchner en la Plaza de Brandsen","author":"Grupo Sierra","date":"23\/05\/2013","format":false,"excerpt":"Con motivo de conmemorarse diez a\u00f1os de la asunci\u00f3n a la presidencia de la Naci\u00f3n de N\u00e9stor Kirchner, la Agrupaci\u00f3n Kolina-Brandsen inaugurar\u00e1 un busto en su homenaje este viernes 24 de mayo a las 19 horas. La obra fue realizada por el artista local Francisco \u201cPancho\u201d Rodr\u00edguez y ser\u00e1 colocada\u2026","rel":"","context":"En \u00abPol\u00edtica\u00bb","block_context":{"text":"Pol\u00edtica","link":"http:\/\/www.24baires.com\/?cat=51"},"img":{"alt_text":"","src":"","width":0,"height":0},"classes":[]},{"id":248,"url":"http:\/\/www.24baires.com\/?p=248","url_meta":{"origin":76147,"position":1},"title":"Inauguran la \u00abPlaza Rucci\u00bb en La Matanza","author":"Grupo Sierra","date":"24\/09\/2012","format":false,"excerpt":"Al cumplirse 39 a\u00f1os de la desaparici\u00f3n f\u00edsica del sindicalista metal\u00fargico Jos\u00e9 Ignacio Rucci, el Intendente Fernando Espinoza presidir\u00e1 el acto de inauguraci\u00f3n de una plaza que llevar\u00e1 su nombre. Ser\u00e1 este martes 25 de septiembre a las 17 hs. en Villa Celina, Avelino D\u00edaz al 500, barrio Vicente L\u00f3pez.\u2026","rel":"","context":"En \u00abMunicipios\u00bb","block_context":{"text":"Municipios","link":"http:\/\/www.24baires.com\/?cat=44"},"img":{"alt_text":"","src":"","width":0,"height":0},"classes":[]},{"id":118991,"url":"http:\/\/www.24baires.com\/?p=118991","url_meta":{"origin":76147,"position":2},"title":"Colocar\u00e1n un busto en honor a Julio L\u00f3pez a 16 a\u00f1os de su desaparici\u00f3n","author":"GB","date":"21\/06\/2022","format":false,"excerpt":"Rub\u00e9n L\u00f3pez, hijo de Julio L\u00f3pez comunic\u00f3 el homenaje que se llevar\u00e1 a cabo la semana entrante en Los Hornos. El pr\u00f3ximo 28 de junio se colocar\u00e1 un busto en Los Hornos en conmemoraci\u00f3n a los 16 a\u00f1os de la declaraci\u00f3n de Jorge Julio L\u00f3pez en el juicio que investigaba\u2026","rel":"","context":"En \u00abMemoria\u00bb","block_context":{"text":"Memoria","link":"http:\/\/www.24baires.com\/?cat=50"},"img":{"alt_text":"","src":"https:\/\/i0.wp.com\/www.24baires.com\/wp-content\/uploads\/2022\/06\/julio-lopez-e1505734058986-1280x720jpg.jpg?resize=350%2C200","width":350,"height":200},"classes":[]},{"id":33434,"url":"http:\/\/www.24baires.com\/?p=33434","url_meta":{"origin":76147,"position":3},"title":"Nueva unidad de pronta atenci\u00f3n para Los Hornos","author":"AF","date":"12\/10\/2013","format":false,"excerpt":"Los m\u00e1s de cien mil vecinos de la localidad platense de Los Hornos, la localidad m\u00e1s populosa del partido de La Plata, cuenta desde este viernes con la flamante sexta Unidad de Pronta Atenci\u00f3n (UPA) de la provincia de Buenos Aires.\u00a0 La UPA fue inaugurada esta ma\u00f1ana por el gobernador\u2026","rel":"","context":"En \u00abLocales\u00bb","block_context":{"text":"Locales","link":"http:\/\/www.24baires.com\/?cat=38"},"img":{"alt_text":"","src":"","width":0,"height":0},"classes":[]},{"id":16323,"url":"http:\/\/www.24baires.com\/?p=16323","url_meta":{"origin":76147,"position":4},"title":"Construir\u00e1n en Mar del Plata un monumento por los 30 a\u00f1os de Democracia","author":"AF","date":"21\/02\/2013","format":false,"excerpt":"En la sesi\u00f3n del Honorable Concejo Deliberante de General Pueyrredon llevada a cabo en el d\u00eda de hoy, se vot\u00f3 afirmativamente por unanimidad un Proyecto de Ordenanza presentado por el Concejal Mario Rodr\u00edguez (UCR), por el cual se autoriza al Departamento Ejecutivo a emplazar un monumento en homenaje a los\u2026","rel":"","context":"En \u00abMemoria\u00bb","block_context":{"text":"Memoria","link":"http:\/\/www.24baires.com\/?cat=50"},"img":{"alt_text":"","src":"","width":0,"height":0},"classes":[]},{"id":44297,"url":"http:\/\/www.24baires.com\/?p=44297","url_meta":{"origin":76147,"position":5},"title":"Rauch celebra su 142\u00b0  aniversario","author":"GB","date":"20\/04\/2014","format":false,"excerpt":"El acto central ser\u00e1 este domingo a las 16.00 y estar\u00e1 encabezado por el Intendente Jorge Mario Ugarte. Habr\u00e1 un homenaje al exintendente Pedro Horacio Petreigne y una ofrenda floral al pie del busto del Coronel Federico Rauch. A las 17.00, Antonio Tarrago Ros se presentar\u00e1 en el Anfiteatro Municipal.\u2026","rel":"","context":"En \u00abMunicipios\u00bb","block_context":{"text":"Municipios","link":"http:\/\/www.24baires.com\/?cat=44"},"img":{"alt_text":"rauch","src":"https:\/\/i0.wp.com\/www.24baires.com\/wp-content\/uploads\/2014\/04\/rauch.jpg?resize=350%2C200","width":350,"height":200},"classes":[]}],"jetpack_sharing_enabled":true,"jetpack_likes_enabled":true,"jetpack_featured_media_url":"","_links":{"self":[{"href":"http:\/\/www.24baires.com\/index.php?rest_route=\/wp\/v2\/posts\/76147","targetHints":{"allow":["GET"]}}],"collection":[{"href":"http:\/\/www.24baires.com\/index.php?rest_route=\/wp\/v2\/posts"}],"about":[{"href":"http:\/\/www.24baires.com\/index.php?rest_route=\/wp\/v2\/types\/post"}],"author":[{"embeddable":true,"href":"http:\/\/www.24baires.com\/index.php?rest_route=\/wp\/v2\/users\/8"}],"replies":[{"embeddable":true,"href":"http:\/\/www.24baires.com\/index.php?rest_route=%2Fwp%2Fv2%2Fcomments&post=76147"}],"version-history":[{"count":1,"href":"http:\/\/www.24baires.com\/index.php?rest_route=\/wp\/v2\/posts\/76147\/revisions"}],"predecessor-version":[{"id":76148,"href":"http:\/\/www.24baires.com\/index.php?rest_route=\/wp\/v2\/posts\/76147\/revisions\/76148"}],"wp:attachment":[{"href":"http:\/\/www.24baires.com\/index.php?rest_route=%2Fwp%2Fv2%2Fmedia&parent=76147"}],"wp:term":[{"taxonomy":"category","embeddable":true,"href":"http:\/\/www.24baires.com\/index.php?rest_route=%2Fwp%2Fv2%2Fcategories&post=76147"},{"taxonomy":"post_tag","embeddable":true,"href":"http:\/\/www.24baires.com\/index.php?rest_route=%2Fwp%2Fv2%2Ftags&post=76147"}],"curies":[{"name":"wp","href":"https:\/\/api.w.org\/{rel}","templated":true}]}}