{"id":76144,"date":"2015-12-09T12:14:33","date_gmt":"2015-12-09T15:14:33","guid":{"rendered":"http:\/\/www.24baires.com\/?p=76144"},"modified":"2015-12-10T09:54:34","modified_gmt":"2015-12-10T12:54:34","slug":"el-mandato-de-cristina-fernandez-de-kirchner-termina-hoy-a-la-medianoche","status":"publish","type":"post","link":"http:\/\/www.24baires.com\/?p=76144","title":{"rendered":"El mandato de Cristina Fern\u00e1ndez de Kirchner termina hoy a la medianoche"},"content":{"rendered":"<p><img data-recalc-dims=\"1\" loading=\"lazy\" decoding=\"async\" class=\"aligncenter size-full wp-image-71658\" src=\"https:\/\/i0.wp.com\/www.24baires.com\/wp-content\/uploads\/2015\/09\/cristina-energia.jpg?resize=560%2C373\" alt=\"cristina energia\" width=\"560\" height=\"373\" srcset=\"https:\/\/i0.wp.com\/www.24baires.com\/wp-content\/uploads\/2015\/09\/cristina-energia.jpg?w=560 560w, https:\/\/i0.wp.com\/www.24baires.com\/wp-content\/uploads\/2015\/09\/cristina-energia.jpg?resize=300%2C200 300w\" sizes=\"auto, (max-width: 560px) 100vw, 560px\" \/>La jueza federal, Servini de Cubr\u00eda confirm\u00f3 que el mandato de Cristina Kircnher termina a las a 23: 59. Se pronunci\u00f3 en similar sentido al dictamen del fiscal federal Jorge Di Lello al hacer lugar a una medida cautelar solicitada por la coalici\u00f3n Cambiemos.<!--more--><\/p>\n<p>La jueza federal con competencia electoral Mar\u00eda Romilda Servini de Cubr\u00eda resolvi\u00f3 hoy que el mandato del presidente electo, Mauricio Macri, comenzar\u00e1 \u00aba las 0 horas del d\u00eda 10 de diciembre\u00bb.<br \/>\nLa jueza fall\u00f3 en sinton\u00eda con el dictamen del fiscal Jorge Di Lello, seg\u00fan anunci\u00f3 el Centro de Informaci\u00f3n Judicial (CIJ).<\/p>\n","protected":false},"excerpt":{"rendered":"<p>La jueza federal, Servini de Cubr\u00eda confirm\u00f3 que el mandato de Cristina Kircnher termina a las a 23: 59. Se pronunci\u00f3 en similar sentido al dictamen del fiscal federal Jorge Di Lello al hacer lugar a una medida cautelar solicitada por la coalici\u00f3n Cambiemos.<\/p>\n","protected":false},"author":8,"featured_media":0,"comment_status":"open","ping_status":"open","sticky":false,"template":"","format":"standard","meta":{"_jetpack_newsletter_access":"","_jetpack_dont_email_post_to_subs":false,"_jetpack_newsletter_tier_id":0,"_jetpack_memberships_contains_paywalled_content":false,"_jetpack_memberships_contains_paid_content":false,"footnotes":""},"categories":[51],"tags":[],"class_list":["post-76144","post","type-post","status-publish","format-standard","hentry","category-politica"],"jetpack_shortlink":"https:\/\/wp.me\/p2JWE0-jO8","jetpack-related-posts":[{"id":102333,"url":"http:\/\/www.24baires.com\/?p=102333","url_meta":{"origin":76144,"position":0},"title":"El fiscal Di Lello solicit\u00f3 dar marcha atr\u00e1s con la intervenci\u00f3n del PJ","author":"GB","date":"24\/05\/2018","format":false,"excerpt":"En el mismo dictamen le pide a la C\u00e1mara Nacional Electoral que declare nulo todo lo determinado por Luis Barrionuevo desde su asunci\u00f3n al frente de la intervenci\u00f3n. El fiscal federal con competencia electoral, Jorge Di Lello, pidi\u00f3 que se revoque la decisi\u00f3n de la jueza Mar\u00eda Romilda Servini de\u2026","rel":"","context":"En \u00abPol\u00edtica\u00bb","block_context":{"text":"Pol\u00edtica","link":"http:\/\/www.24baires.com\/?cat=51"},"img":{"alt_text":"","src":"https:\/\/i0.wp.com\/www.24baires.com\/wp-content\/uploads\/2014\/04\/barrionuevo.jpg?resize=350%2C200","width":350,"height":200,"srcset":"https:\/\/i0.wp.com\/www.24baires.com\/wp-content\/uploads\/2014\/04\/barrionuevo.jpg?resize=350%2C200 1x, https:\/\/i0.wp.com\/www.24baires.com\/wp-content\/uploads\/2014\/04\/barrionuevo.jpg?resize=525%2C300 1.5x"},"classes":[]},{"id":76136,"url":"http:\/\/www.24baires.com\/?p=76136","url_meta":{"origin":76144,"position":1},"title":"\u201cLa opini\u00f3n de Di Lello no tiene ninguna validez\u201d","author":"GB","date":"09\/12\/2015","format":false,"excerpt":"El abogado constitucionalista Eduardo Barcesat se\u00f1al\u00f3 que, seg\u00fan la Constituci\u00f3n Nacional y el C\u00f3digo Civil, el gobierno saliente concluye sus funciones ma\u00f1ana. \u201cEs una situaci\u00f3n absolutamente ins\u00f3lita donde la opini\u00f3n del fiscal Di Lello no tiene ninguna validez\u201d, dijo Barcesat en declaraciones a radio Belgrano, en las que a\u00f1adi\u00f3 que\u2026","rel":"","context":"En \u00abPol\u00edtica\u00bb","block_context":{"text":"Pol\u00edtica","link":"http:\/\/www.24baires.com\/?cat=51"},"img":{"alt_text":"","src":"","width":0,"height":0},"classes":[]},{"id":69776,"url":"http:\/\/www.24baires.com\/?p=69776","url_meta":{"origin":76144,"position":2},"title":"Imputan a Menem y a Bolocco por no declarar el depto donde vivieron Jelinek y Fari\u00f1a","author":"AF","date":"30\/07\/2015","format":false,"excerpt":"El fiscal federal Jorge Di Lello impuls\u00f3 la denuncia e imput\u00f3 a Menem, Bolocco y a otros mencionados por el traspaso dudoso del departamento de avenida Del Libertador 2423 piso 23, en el que vivieron Leonardo Fari\u00f1a y la modelo Karina Jelinek. El fiscal federal Jorge Di Lello imput\u00f3 al\u2026","rel":"","context":"En \u00abJUDICIALES\u00bb","block_context":{"text":"JUDICIALES","link":"http:\/\/www.24baires.com\/?cat=68"},"img":{"alt_text":"menem","src":"https:\/\/i0.wp.com\/www.24baires.com\/wp-content\/uploads\/2015\/07\/menem-300x200.jpg?resize=350%2C200","width":350,"height":200},"classes":[]},{"id":96081,"url":"http:\/\/www.24baires.com\/?p=96081","url_meta":{"origin":76144,"position":3},"title":"Bloquearon los aportes p\u00fablicos para varios partidos por irregularidades","author":"AF","date":"21\/07\/2017","format":false,"excerpt":"As\u00ed lo dictamin\u00f3 la jueza federal con competencia electoral Mar\u00eda Servini de Cubr\u00eda. Cambiemos, FPV, UNA y Compromiso Federal son los principales observados. Todos a la misma bolsa. A la hora de recibir plata, pareciera no haber diferencias. Por eso, la jueza federal con competencia electoral Mar\u00eda Servini de Cubr\u00eda\u2026","rel":"","context":"En \u00abPol\u00edtica\u00bb","block_context":{"text":"Pol\u00edtica","link":"http:\/\/www.24baires.com\/?cat=51"},"img":{"alt_text":"","src":"https:\/\/i0.wp.com\/www.24baires.com\/wp-content\/uploads\/2013\/08\/urna3.jpg?resize=350%2C200","width":350,"height":200,"srcset":"https:\/\/i0.wp.com\/www.24baires.com\/wp-content\/uploads\/2013\/08\/urna3.jpg?resize=350%2C200 1x, https:\/\/i0.wp.com\/www.24baires.com\/wp-content\/uploads\/2013\/08\/urna3.jpg?resize=525%2C300 1.5x"},"classes":[]},{"id":76125,"url":"http:\/\/www.24baires.com\/?p=76125","url_meta":{"origin":76144,"position":4},"title":"\u00abNo est\u00e1n dadas las condiciones para que Cristina concurra al Congreso\u00bb","author":"GB","date":"08\/12\/2015","format":false,"excerpt":"La reuni\u00f3n para ultimar detalles para el traspaso de mando no lleg\u00f3 a buen puerto luego de que Cambiemos implementara una medida cautelar para que el mandato de la Presidenta concluya en el primer minuto del jueves 10. \"Entre esto y un golpe de Estado no hay pr\u00e1cticamente diferencias\", expres\u00f3\u2026","rel":"","context":"En \u00abPol\u00edtica\u00bb","block_context":{"text":"Pol\u00edtica","link":"http:\/\/www.24baires.com\/?cat=51"},"img":{"alt_text":"oscar parrilli","src":"https:\/\/i0.wp.com\/www.24baires.com\/wp-content\/uploads\/2014\/04\/oscar-parrilli.jpg?resize=350%2C200","width":350,"height":200,"srcset":"https:\/\/i0.wp.com\/www.24baires.com\/wp-content\/uploads\/2014\/04\/oscar-parrilli.jpg?resize=350%2C200 1x, https:\/\/i0.wp.com\/www.24baires.com\/wp-content\/uploads\/2014\/04\/oscar-parrilli.jpg?resize=525%2C300 1.5x"},"classes":[]},{"id":70942,"url":"http:\/\/www.24baires.com\/?p=70942","url_meta":{"origin":76144,"position":5},"title":"Di Lello le pidi\u00f3 al juez electoral de La Plata que analice si deben abrirse las urnas","author":"AF","date":"21\/08\/2015","format":false,"excerpt":"El fiscal federal con competencia electoral hizo el pedido para \"disipar o aclarar\" las dudas planteadas respecto a las urnas cuestionadas por el candidato a gobernador bonaerense (UNA) Felipe Sol\u00e1. Lo hizo en un dictamen firmado hoy y que fue enviado al juez federal con competencia electoral platense Laureano Dur\u00e1n,\u2026","rel":"","context":"En \u00abElecciones 2015\u00bb","block_context":{"text":"Elecciones 2015","link":"http:\/\/www.24baires.com\/?cat=74"},"img":{"alt_text":"escrutinio","src":"https:\/\/i0.wp.com\/www.24baires.com\/wp-content\/uploads\/2013\/08\/escrutinio.jpg?resize=350%2C200","width":350,"height":200,"srcset":"https:\/\/i0.wp.com\/www.24baires.com\/wp-content\/uploads\/2013\/08\/escrutinio.jpg?resize=350%2C200 1x, https:\/\/i0.wp.com\/www.24baires.com\/wp-content\/uploads\/2013\/08\/escrutinio.jpg?resize=525%2C300 1.5x"},"classes":[]}],"jetpack_sharing_enabled":true,"jetpack_likes_enabled":true,"jetpack_featured_media_url":"","_links":{"self":[{"href":"http:\/\/www.24baires.com\/index.php?rest_route=\/wp\/v2\/posts\/76144","targetHints":{"allow":["GET"]}}],"collection":[{"href":"http:\/\/www.24baires.com\/index.php?rest_route=\/wp\/v2\/posts"}],"about":[{"href":"http:\/\/www.24baires.com\/index.php?rest_route=\/wp\/v2\/types\/post"}],"author":[{"embeddable":true,"href":"http:\/\/www.24baires.com\/index.php?rest_route=\/wp\/v2\/users\/8"}],"replies":[{"embeddable":true,"href":"http:\/\/www.24baires.com\/index.php?rest_route=%2Fwp%2Fv2%2Fcomments&post=76144"}],"version-history":[{"count":1,"href":"http:\/\/www.24baires.com\/index.php?rest_route=\/wp\/v2\/posts\/76144\/revisions"}],"predecessor-version":[{"id":76145,"href":"http:\/\/www.24baires.com\/index.php?rest_route=\/wp\/v2\/posts\/76144\/revisions\/76145"}],"wp:attachment":[{"href":"http:\/\/www.24baires.com\/index.php?rest_route=%2Fwp%2Fv2%2Fmedia&parent=76144"}],"wp:term":[{"taxonomy":"category","embeddable":true,"href":"http:\/\/www.24baires.com\/index.php?rest_route=%2Fwp%2Fv2%2Fcategories&post=76144"},{"taxonomy":"post_tag","embeddable":true,"href":"http:\/\/www.24baires.com\/index.php?rest_route=%2Fwp%2Fv2%2Ftags&post=76144"}],"curies":[{"name":"wp","href":"https:\/\/api.w.org\/{rel}","templated":true}]}}