{"id":76139,"date":"2015-12-09T12:00:37","date_gmt":"2015-12-09T15:00:37","guid":{"rendered":"http:\/\/www.24baires.com\/?p=76139"},"modified":"2015-12-10T09:54:30","modified_gmt":"2015-12-10T12:54:30","slug":"maximo-kirchner-el-poder-judicial-se-esta-convirtiendo-en-el-bufete-del-presidente-electo","status":"publish","type":"post","link":"http:\/\/www.24baires.com\/?p=76139","title":{"rendered":"M\u00e1ximo Kirchner: \u00abEl Poder Judicial se est\u00e1 convirtiendo en el bufete del presidente electo\u00bb"},"content":{"rendered":"<p><img data-recalc-dims=\"1\" loading=\"lazy\" decoding=\"async\" src=\"https:\/\/i0.wp.com\/www.24baires.com\/wp-content\/uploads\/2015\/07\/m%C3%A1ximo-kirchner.jpg?resize=560%2C314\" alt=\"m\u00e1ximo kirchner\" width=\"560\" height=\"314\" class=\"aligncenter size-full wp-image-69855\" srcset=\"https:\/\/i0.wp.com\/www.24baires.com\/wp-content\/uploads\/2015\/07\/m%C3%A1ximo-kirchner.jpg?w=560 560w, https:\/\/i0.wp.com\/www.24baires.com\/wp-content\/uploads\/2015\/07\/m%C3%A1ximo-kirchner.jpg?resize=300%2C168 300w\" sizes=\"auto, (max-width: 560px) 100vw, 560px\" \/>El diputado electo M\u00e1ximo Kirchner se refiri\u00f3 al fallo del fiscal Jorge Di Lello, que determin\u00f3 que el mandato de Cristina Kirchner termina este mi\u00e9rcoles a la medianoche, y dijo que \u00abel Poder Judicial se est\u00e1 convirtiendo en el bufete del presidente electo\u00bb. <!--more--><\/p>\n<p>\u00abLa oposici\u00f3n dijo alguna vez que el Congreso se hab\u00eda convertido en una escriban\u00eda. Si es as\u00ed entonces el poder judicial es el estudio jur\u00eddico, o mejor como tiene tantos gerentes en su gobierno, el bufete del presidente electo\u00bb, afirm\u00f3 M\u00e1ximo en di\u00e1logo con el programa radial de V\u00edctor Hugo Morales. <\/p>\n<p>En tanto, tambi\u00e9n se refiri\u00f3 al supuesto llamado en que Macri le grit\u00f3 a Cristina: \u00abYo escuch\u00e9 y Wado de Pedro tambi\u00e9n el trato dispensado por el presidente electo a Cristina y no s\u00f3lo es una falta de respeto a ella sino a qui\u00e9nes la votaron en dos oportunidades. Si quer\u00eda oponerse a ella se hubiera postulado en 2011 pero no llegaba con los votos. A pesar de ser electo uno esperaba que se comportara como ganador. Da pena. \u00c9l mismo dijo que iba a hacer el traspaso en el Congreso. Hay como un delay en \u00e9l, va cambiando de ideas como si alguien le dijera qu\u00e9 decir\u00bb. <\/p>\n<p>Por otro lado, dijo que no sabe si los diputados del FpV estar\u00e1n en el Congreso ma\u00f1ana sino que lo decidir\u00e1 el bloque. \u00abLo decidir\u00e1 el bloque pero yo no tengo problema. No me molesta el resultado electoral, cuando uno se somete a la voluntad popular, se acepta. El bloque define. Es muy extra\u00f1o para la pol\u00edtica cuando un fiscal dice c\u00f3mo, d\u00f3nde y cu\u00e1ndo termina un mandato\u00bb. <\/p>\n<p>\u00abM\u00e1s all\u00e1 de qui\u00e9n sea el presidente durante esas 12 horas creo que la desprolijidad a la que someten a todos los argentinos es un sin sentido. Se est\u00e1 discutiendo si hay tres bastones, dos bandas, o si entra en un auto descapotable. Uno quisiera que las cosas fueran distintas para una presidenta que trabaj\u00f3 mucho durante 8 a\u00f1os y perdi\u00f3 a su compa\u00f1ero en el camino\u00bb, agreg\u00f3. <\/p>\n","protected":false},"excerpt":{"rendered":"<p>El diputado electo M\u00e1ximo Kirchner se refiri\u00f3 al fallo del fiscal Jorge Di Lello, que determin\u00f3 que el mandato de Cristina Kirchner termina este mi\u00e9rcoles a la medianoche, y dijo que \u00abel Poder Judicial se est\u00e1 convirtiendo en el bufete del presidente electo\u00bb.<\/p>\n","protected":false},"author":8,"featured_media":0,"comment_status":"open","ping_status":"open","sticky":false,"template":"","format":"standard","meta":{"_jetpack_newsletter_access":"","_jetpack_dont_email_post_to_subs":false,"_jetpack_newsletter_tier_id":0,"_jetpack_memberships_contains_paywalled_content":false,"_jetpack_memberships_contains_paid_content":false,"footnotes":""},"categories":[51],"tags":[],"class_list":["post-76139","post","type-post","status-publish","format-standard","hentry","category-politica"],"jetpack_shortlink":"https:\/\/wp.me\/p2JWE0-jO3","jetpack-related-posts":[{"id":112783,"url":"http:\/\/www.24baires.com\/?p=112783","url_meta":{"origin":76139,"position":0},"title":"Alberto Fern\u00e1ndez se reunir\u00e1 con Susana Trimarco para impulsar la lucha contra la trata","author":"AF","date":"30\/10\/2019","format":false,"excerpt":"La madre de Marita Ver\u00f3n se reuni\u00f3 con el miembro del equipo de transici\u00f3n Santiago Cafiero y revel\u00f3 que la semana que viene se ver\u00e1 con el presidente electo. El presidente electo, Alberto Fern\u00e1ndez, recibir\u00e1 la semana que viene a Susana Trimarco, madre de Marita Ver\u00f3n, secuestrada en abril de\u2026","rel":"","context":"En \u00abSociedad\u00bb","block_context":{"text":"Sociedad","link":"http:\/\/www.24baires.com\/?cat=1"},"img":{"alt_text":"","src":"https:\/\/i0.wp.com\/www.24baires.com\/wp-content\/uploads\/2015\/07\/trimarco3.jpg?resize=350%2C200","width":350,"height":200,"srcset":"https:\/\/i0.wp.com\/www.24baires.com\/wp-content\/uploads\/2015\/07\/trimarco3.jpg?resize=350%2C200 1x, https:\/\/i0.wp.com\/www.24baires.com\/wp-content\/uploads\/2015\/07\/trimarco3.jpg?resize=525%2C300 1.5x"},"classes":[]},{"id":112765,"url":"http:\/\/www.24baires.com\/?p=112765","url_meta":{"origin":76139,"position":1},"title":"La Justicia revoc\u00f3 dos procesamientos de Cristina Kirchner vinculadas a los cuadernos","author":"AF","date":"29\/10\/2019","format":false,"excerpt":"Se trata de las causas en la que la vicepresidente electa est\u00e1 investigada por supuestas coimas en los corredores viales, y por el gas licuado. La C\u00e1mara Federal revoc\u00f3 este martes el procesamiento de la vicepresidenta electa Cristina Kirchner en dos causas vinculadas a las de los cuadernos: una la\u2026","rel":"","context":"En \u00abJUDICIALES\u00bb","block_context":{"text":"JUDICIALES","link":"http:\/\/www.24baires.com\/?cat=68"},"img":{"alt_text":"","src":"https:\/\/i0.wp.com\/www.24baires.com\/wp-content\/uploads\/2019\/08\/cristina-bancaria.jpg?resize=350%2C200","width":350,"height":200,"srcset":"https:\/\/i0.wp.com\/www.24baires.com\/wp-content\/uploads\/2019\/08\/cristina-bancaria.jpg?resize=350%2C200 1x, https:\/\/i0.wp.com\/www.24baires.com\/wp-content\/uploads\/2019\/08\/cristina-bancaria.jpg?resize=525%2C300 1.5x"},"classes":[]},{"id":113318,"url":"http:\/\/www.24baires.com\/?p=113318","url_meta":{"origin":76139,"position":2},"title":"Alberto y Cristina asumen el mando del pa\u00eds con un festival en Plaza de Mayo","author":"GB","date":"10\/12\/2019","format":false,"excerpt":"Ambos prestar\u00e1n juramento en la Asamblea Legislativa en la que el presidente saliente entregar\u00e1 el poder. Este jueves 10 de diciembre quedar\u00e1 en la historia tras el regreso del peronismo al poder luego de cuatro a\u00f1os de gobierno de Mauricio Macri. El presidente electo, Alberto Fern\u00e1ndez, asumir\u00e1 junto a la\u2026","rel":"","context":"En \u00abPol\u00edtica\u00bb","block_context":{"text":"Pol\u00edtica","link":"http:\/\/www.24baires.com\/?cat=51"},"img":{"alt_text":"","src":"https:\/\/i0.wp.com\/www.24baires.com\/wp-content\/uploads\/2019\/11\/cfk-alberto.jpg?resize=350%2C200","width":350,"height":200,"srcset":"https:\/\/i0.wp.com\/www.24baires.com\/wp-content\/uploads\/2019\/11\/cfk-alberto.jpg?resize=350%2C200 1x, https:\/\/i0.wp.com\/www.24baires.com\/wp-content\/uploads\/2019\/11\/cfk-alberto.jpg?resize=525%2C300 1.5x"},"classes":[]},{"id":120679,"url":"http:\/\/www.24baires.com\/?p=120679","url_meta":{"origin":76139,"position":3},"title":"Cristina recibir\u00e1 a la vicepresidenta electa Victoria Villarruel","author":"AF","date":"21\/11\/2023","format":false,"excerpt":"La Presidencia de la c\u00e1mara alta anunci\u00f3 la reuni\u00f3n, prevista para las 17, la cual continuar\u00e1 el proceso de transici\u00f3n que iniciaron este martes el presidente Alberto Fern\u00e1ndez y el electo Javier Milei con un encuentro de dos horas y media que mantuvieron en la residencia de Olivos. La vicepresidenta\u2026","rel":"","context":"En \u00abPol\u00edtica\u00bb","block_context":{"text":"Pol\u00edtica","link":"http:\/\/www.24baires.com\/?cat=51"},"img":{"alt_text":"","src":"https:\/\/i0.wp.com\/www.24baires.com\/wp-content\/uploads\/2023\/11\/WhatsApp-Image-2023-11-21-at-23.37.46.jpeg?resize=350%2C200","width":350,"height":200,"srcset":"https:\/\/i0.wp.com\/www.24baires.com\/wp-content\/uploads\/2023\/11\/WhatsApp-Image-2023-11-21-at-23.37.46.jpeg?resize=350%2C200 1x, https:\/\/i0.wp.com\/www.24baires.com\/wp-content\/uploads\/2023\/11\/WhatsApp-Image-2023-11-21-at-23.37.46.jpeg?resize=525%2C300 1.5x, https:\/\/i0.wp.com\/www.24baires.com\/wp-content\/uploads\/2023\/11\/WhatsApp-Image-2023-11-21-at-23.37.46.jpeg?resize=700%2C400 2x, https:\/\/i0.wp.com\/www.24baires.com\/wp-content\/uploads\/2023\/11\/WhatsApp-Image-2023-11-21-at-23.37.46.jpeg?resize=1050%2C600 3x"},"classes":[]},{"id":113229,"url":"http:\/\/www.24baires.com\/?p=113229","url_meta":{"origin":76139,"position":4},"title":"Kicillof asumir\u00e1 el 11 de diciembre, un d\u00eda despu\u00e9s que Alberto","author":"GB","date":"03\/12\/2019","format":false,"excerpt":"El gobernador electo bonaerense pospuso un d\u00eda su asunci\u00f3n para que no se cruce con la de los Fern\u00e1ndez en Naci\u00f3n. Tambi\u00e9n anunciar\u00e1 su Gabinete luego que el presidente electo. Axel Kicillof asumir\u00e1 la Gobernaci\u00f3n bonaerense el 11 de diciembre, un d\u00eda despu\u00e9s que Alberto Fern\u00e1ndez y Cristina Fern\u00e1ndez de\u2026","rel":"","context":"En \u00abProvincia\u00bb","block_context":{"text":"Provincia","link":"http:\/\/www.24baires.com\/?cat=40"},"img":{"alt_text":"","src":"https:\/\/i0.wp.com\/www.24baires.com\/wp-content\/uploads\/2019\/11\/kicillof.jpg?resize=350%2C200","width":350,"height":200,"srcset":"https:\/\/i0.wp.com\/www.24baires.com\/wp-content\/uploads\/2019\/11\/kicillof.jpg?resize=350%2C200 1x, https:\/\/i0.wp.com\/www.24baires.com\/wp-content\/uploads\/2019\/11\/kicillof.jpg?resize=525%2C300 1.5x"},"classes":[]},{"id":113218,"url":"http:\/\/www.24baires.com\/?p=113218","url_meta":{"origin":76139,"position":5},"title":"Cristina: \u00abA m\u00ed me va a absolver la historia\u00bb","author":"AF","date":"02\/12\/2019","format":false,"excerpt":"\"Seguramente la condena est\u00e1 escrita, pero a m\u00ed me absolvi\u00f3 la historia y me va a absolver la historia\", dijo la vicepresidenta electa al cerrar su declaraci\u00f3n ante el Tribunal Oral Federal 2. Cristina Kirchner pidi\u00f3 una botella de agua, la que acostumbra a tomar de bajo contenido en sodio,\u2026","rel":"","context":"En \u00abJUDICIALES\u00bb","block_context":{"text":"JUDICIALES","link":"http:\/\/www.24baires.com\/?cat=68"},"img":{"alt_text":"","src":"https:\/\/i0.wp.com\/www.24baires.com\/wp-content\/uploads\/2019\/12\/cfk-py.jpg?resize=350%2C200","width":350,"height":200,"srcset":"https:\/\/i0.wp.com\/www.24baires.com\/wp-content\/uploads\/2019\/12\/cfk-py.jpg?resize=350%2C200 1x, https:\/\/i0.wp.com\/www.24baires.com\/wp-content\/uploads\/2019\/12\/cfk-py.jpg?resize=525%2C300 1.5x"},"classes":[]}],"jetpack_sharing_enabled":true,"jetpack_likes_enabled":true,"jetpack_featured_media_url":"","_links":{"self":[{"href":"http:\/\/www.24baires.com\/index.php?rest_route=\/wp\/v2\/posts\/76139","targetHints":{"allow":["GET"]}}],"collection":[{"href":"http:\/\/www.24baires.com\/index.php?rest_route=\/wp\/v2\/posts"}],"about":[{"href":"http:\/\/www.24baires.com\/index.php?rest_route=\/wp\/v2\/types\/post"}],"author":[{"embeddable":true,"href":"http:\/\/www.24baires.com\/index.php?rest_route=\/wp\/v2\/users\/8"}],"replies":[{"embeddable":true,"href":"http:\/\/www.24baires.com\/index.php?rest_route=%2Fwp%2Fv2%2Fcomments&post=76139"}],"version-history":[{"count":2,"href":"http:\/\/www.24baires.com\/index.php?rest_route=\/wp\/v2\/posts\/76139\/revisions"}],"predecessor-version":[{"id":76143,"href":"http:\/\/www.24baires.com\/index.php?rest_route=\/wp\/v2\/posts\/76139\/revisions\/76143"}],"wp:attachment":[{"href":"http:\/\/www.24baires.com\/index.php?rest_route=%2Fwp%2Fv2%2Fmedia&parent=76139"}],"wp:term":[{"taxonomy":"category","embeddable":true,"href":"http:\/\/www.24baires.com\/index.php?rest_route=%2Fwp%2Fv2%2Fcategories&post=76139"},{"taxonomy":"post_tag","embeddable":true,"href":"http:\/\/www.24baires.com\/index.php?rest_route=%2Fwp%2Fv2%2Ftags&post=76139"}],"curies":[{"name":"wp","href":"https:\/\/api.w.org\/{rel}","templated":true}]}}