{"id":76136,"date":"2015-12-09T11:30:53","date_gmt":"2015-12-09T14:30:53","guid":{"rendered":"http:\/\/www.24baires.com\/?p=76136"},"modified":"2015-12-09T11:16:09","modified_gmt":"2015-12-09T14:16:09","slug":"la-opinion-de-di-lello-no-tiene-ninguna-validez","status":"publish","type":"post","link":"http:\/\/www.24baires.com\/?p=76136","title":{"rendered":"\u201cLa opini\u00f3n de Di Lello no tiene ninguna validez\u201d"},"content":{"rendered":"<p>El abogado constitucionalista Eduardo Barcesat se\u00f1al\u00f3 que, seg\u00fan la Constituci\u00f3n Nacional y el C\u00f3digo Civil, el gobierno saliente concluye sus funciones ma\u00f1ana.<!--more--><\/p>\n<p>\u201cEs una situaci\u00f3n absolutamente ins\u00f3lita donde la opini\u00f3n del fiscal Di Lello no tiene ninguna validez\u201d, dijo Barcesat en declaraciones a radio Belgrano, en las que a\u00f1adi\u00f3 que \u00abes un tema que debiera resolverse en el \u00e1mbito jur\u00eddico pero tenemos un fiscal que da un dictamen, no una resoluci\u00f3n\u00bb.<\/p>\n<p>Barcesat se refiri\u00f3, as\u00ed, al dictamen de Di Lello, conocido el martes en respuesta a una medida cautelar presentada para que se determine que el mandato de la Presidenta saliente termina en la medianoche del mi\u00e9rcoles.<\/p>\n<p>El constitucionalista asever\u00f3 que \u00abla Constituci\u00f3n es clar\u00edsima y se corresponde con el C\u00f3digo Civil, que determinan que el mandato termina el 10 de diciembre\u00bb.<\/p>\n<p>Barcesat indic\u00f3, adem\u00e1s, que \u00abse ha hecho del traspaso un tema gigante, cuando lo importante son otros temas de envergadura que pasan a un segundo plano, como la negociaci\u00f3n con los fondos buitre\u00bb y critic\u00f3 el hecho de que la decisi\u00f3n de un fiscal \u00abpotenciado por algunos medios, se tome como la \u00faltima palabra\u00bb, cuando falta la decisi\u00f3n de la jueza electoral Mar\u00eda Servini de Cubr\u00eda.<\/p>\n<p>En cuanto a la ausencia de la mandataria saliente en el Congreso, el abogado indic\u00f3 que \u00abser\u00eda importante que est\u00e9 presente, pero no afecta la validez de la jura\u00bb.<\/p>\n","protected":false},"excerpt":{"rendered":"<p>El abogado constitucionalista Eduardo Barcesat se\u00f1al\u00f3 que, seg\u00fan la Constituci\u00f3n Nacional y el C\u00f3digo Civil, el gobierno saliente concluye sus funciones ma\u00f1ana.<\/p>\n","protected":false},"author":8,"featured_media":0,"comment_status":"open","ping_status":"open","sticky":false,"template":"","format":"standard","meta":{"_jetpack_newsletter_access":"","_jetpack_dont_email_post_to_subs":false,"_jetpack_newsletter_tier_id":0,"_jetpack_memberships_contains_paywalled_content":false,"_jetpack_memberships_contains_paid_content":false,"footnotes":""},"categories":[51],"tags":[],"class_list":["post-76136","post","type-post","status-publish","format-standard","hentry","category-politica"],"jetpack_shortlink":"https:\/\/wp.me\/p2JWE0-jO0","jetpack-related-posts":[{"id":76144,"url":"http:\/\/www.24baires.com\/?p=76144","url_meta":{"origin":76136,"position":0},"title":"El mandato de Cristina Fern\u00e1ndez de Kirchner termina hoy a la medianoche","author":"GB","date":"09\/12\/2015","format":false,"excerpt":"La jueza federal, Servini de Cubr\u00eda confirm\u00f3 que el mandato de Cristina Kircnher termina a las a 23: 59. Se pronunci\u00f3 en similar sentido al dictamen del fiscal federal Jorge Di Lello al hacer lugar a una medida cautelar solicitada por la coalici\u00f3n Cambiemos. La jueza federal con competencia electoral\u2026","rel":"","context":"En \u00abPol\u00edtica\u00bb","block_context":{"text":"Pol\u00edtica","link":"http:\/\/www.24baires.com\/?cat=51"},"img":{"alt_text":"cristina energia","src":"https:\/\/i0.wp.com\/www.24baires.com\/wp-content\/uploads\/2015\/09\/cristina-energia.jpg?resize=350%2C200","width":350,"height":200,"srcset":"https:\/\/i0.wp.com\/www.24baires.com\/wp-content\/uploads\/2015\/09\/cristina-energia.jpg?resize=350%2C200 1x, https:\/\/i0.wp.com\/www.24baires.com\/wp-content\/uploads\/2015\/09\/cristina-energia.jpg?resize=525%2C300 1.5x"},"classes":[]},{"id":102333,"url":"http:\/\/www.24baires.com\/?p=102333","url_meta":{"origin":76136,"position":1},"title":"El fiscal Di Lello solicit\u00f3 dar marcha atr\u00e1s con la intervenci\u00f3n del PJ","author":"GB","date":"24\/05\/2018","format":false,"excerpt":"En el mismo dictamen le pide a la C\u00e1mara Nacional Electoral que declare nulo todo lo determinado por Luis Barrionuevo desde su asunci\u00f3n al frente de la intervenci\u00f3n. El fiscal federal con competencia electoral, Jorge Di Lello, pidi\u00f3 que se revoque la decisi\u00f3n de la jueza Mar\u00eda Romilda Servini de\u2026","rel":"","context":"En \u00abPol\u00edtica\u00bb","block_context":{"text":"Pol\u00edtica","link":"http:\/\/www.24baires.com\/?cat=51"},"img":{"alt_text":"","src":"https:\/\/i0.wp.com\/www.24baires.com\/wp-content\/uploads\/2014\/04\/barrionuevo.jpg?resize=350%2C200","width":350,"height":200,"srcset":"https:\/\/i0.wp.com\/www.24baires.com\/wp-content\/uploads\/2014\/04\/barrionuevo.jpg?resize=350%2C200 1x, https:\/\/i0.wp.com\/www.24baires.com\/wp-content\/uploads\/2014\/04\/barrionuevo.jpg?resize=525%2C300 1.5x"},"classes":[]},{"id":113006,"url":"http:\/\/www.24baires.com\/?p=113006","url_meta":{"origin":76136,"position":2},"title":"Imputaron a Macri por ceder soberan\u00eda en las Islas Malvinas","author":"AF","date":"14\/11\/2019","format":false,"excerpt":"El fiscal Jorge Di Lello impuls\u00f3 la investigaci\u00f3n por la autorizaci\u00f3n de vuelos al archipi\u00e9lago y la exploraci\u00f3n petrolera por parte de empresas extranjeras. El fiscal federal Jorge Di Lello inici\u00f3 una investigaci\u00f3n contra Mauricio Macri y un pu\u00f1ado de sus funcionarios por ceder soberan\u00eda en las islas Malvinas. Como\u2026","rel":"","context":"En \u00abJUDICIALES\u00bb","block_context":{"text":"JUDICIALES","link":"http:\/\/www.24baires.com\/?cat=68"},"img":{"alt_text":"","src":"https:\/\/i0.wp.com\/www.24baires.com\/wp-content\/uploads\/2018\/09\/macri.jpg?resize=350%2C200","width":350,"height":200,"srcset":"https:\/\/i0.wp.com\/www.24baires.com\/wp-content\/uploads\/2018\/09\/macri.jpg?resize=350%2C200 1x, https:\/\/i0.wp.com\/www.24baires.com\/wp-content\/uploads\/2018\/09\/macri.jpg?resize=525%2C300 1.5x"},"classes":[]},{"id":111367,"url":"http:\/\/www.24baires.com\/?p=111367","url_meta":{"origin":76136,"position":3},"title":"La Justicia le pidi\u00f3 a Macri que deje de inaugurar obras porque rige la veda electoral","author":"AF","date":"29\/07\/2019","format":false,"excerpt":"El Presidente sigue su derrotero por el interior del pa\u00eds para inaugurar obras p\u00fablicas y otros escenarios, pero desde la fiscal\u00eda de Jorge Di Lello remarcaron los l\u00edmites de la campa\u00f1a electoral. Un comunicado de la Fiscal\u00eda federal con competencia electoral que encabeza Jorge Di Lello delimit\u00f3 de manera expl\u00edcita\u2026","rel":"","context":"En \u00abPol\u00edtica\u00bb","block_context":{"text":"Pol\u00edtica","link":"http:\/\/www.24baires.com\/?cat=51"},"img":{"alt_text":"","src":"https:\/\/i0.wp.com\/www.24baires.com\/wp-content\/uploads\/2018\/10\/maCri-rawson.jpg?resize=350%2C200","width":350,"height":200,"srcset":"https:\/\/i0.wp.com\/www.24baires.com\/wp-content\/uploads\/2018\/10\/maCri-rawson.jpg?resize=350%2C200 1x, https:\/\/i0.wp.com\/www.24baires.com\/wp-content\/uploads\/2018\/10\/maCri-rawson.jpg?resize=525%2C300 1.5x"},"classes":[]},{"id":104481,"url":"http:\/\/www.24baires.com\/?p=104481","url_meta":{"origin":76136,"position":4},"title":"Avanza la denuncia contra Macri por acuerdo con el FMI","author":"AF","date":"14\/09\/2018","format":false,"excerpt":"Ocurre tras la apelaci\u00f3n del fiscal Di Lello, quien desestim\u00f3 la decisi\u00f3n del juez Ercolini. El magistrado hab\u00eda sostenido que no correspond\u00eda la denuncia contra el Presidente. El fiscal Jorge Di Lello pidi\u00f3 que se revoque la desestimaci\u00f3n que hizo el juez Juli\u00e1n Ercolini y que se abra la causa\u2026","rel":"","context":"En \u00abJUDICIALES\u00bb","block_context":{"text":"JUDICIALES","link":"http:\/\/www.24baires.com\/?cat=68"},"img":{"alt_text":"","src":"https:\/\/i0.wp.com\/www.24baires.com\/wp-content\/uploads\/2018\/02\/macri.jpg?resize=350%2C200","width":350,"height":200,"srcset":"https:\/\/i0.wp.com\/www.24baires.com\/wp-content\/uploads\/2018\/02\/macri.jpg?resize=350%2C200 1x, https:\/\/i0.wp.com\/www.24baires.com\/wp-content\/uploads\/2018\/02\/macri.jpg?resize=525%2C300 1.5x"},"classes":[]},{"id":70942,"url":"http:\/\/www.24baires.com\/?p=70942","url_meta":{"origin":76136,"position":5},"title":"Di Lello le pidi\u00f3 al juez electoral de La Plata que analice si deben abrirse las urnas","author":"AF","date":"21\/08\/2015","format":false,"excerpt":"El fiscal federal con competencia electoral hizo el pedido para \"disipar o aclarar\" las dudas planteadas respecto a las urnas cuestionadas por el candidato a gobernador bonaerense (UNA) Felipe Sol\u00e1. Lo hizo en un dictamen firmado hoy y que fue enviado al juez federal con competencia electoral platense Laureano Dur\u00e1n,\u2026","rel":"","context":"En \u00abElecciones 2015\u00bb","block_context":{"text":"Elecciones 2015","link":"http:\/\/www.24baires.com\/?cat=74"},"img":{"alt_text":"escrutinio","src":"https:\/\/i0.wp.com\/www.24baires.com\/wp-content\/uploads\/2013\/08\/escrutinio.jpg?resize=350%2C200","width":350,"height":200,"srcset":"https:\/\/i0.wp.com\/www.24baires.com\/wp-content\/uploads\/2013\/08\/escrutinio.jpg?resize=350%2C200 1x, https:\/\/i0.wp.com\/www.24baires.com\/wp-content\/uploads\/2013\/08\/escrutinio.jpg?resize=525%2C300 1.5x"},"classes":[]}],"jetpack_sharing_enabled":true,"jetpack_likes_enabled":true,"jetpack_featured_media_url":"","_links":{"self":[{"href":"http:\/\/www.24baires.com\/index.php?rest_route=\/wp\/v2\/posts\/76136","targetHints":{"allow":["GET"]}}],"collection":[{"href":"http:\/\/www.24baires.com\/index.php?rest_route=\/wp\/v2\/posts"}],"about":[{"href":"http:\/\/www.24baires.com\/index.php?rest_route=\/wp\/v2\/types\/post"}],"author":[{"embeddable":true,"href":"http:\/\/www.24baires.com\/index.php?rest_route=\/wp\/v2\/users\/8"}],"replies":[{"embeddable":true,"href":"http:\/\/www.24baires.com\/index.php?rest_route=%2Fwp%2Fv2%2Fcomments&post=76136"}],"version-history":[{"count":1,"href":"http:\/\/www.24baires.com\/index.php?rest_route=\/wp\/v2\/posts\/76136\/revisions"}],"predecessor-version":[{"id":76137,"href":"http:\/\/www.24baires.com\/index.php?rest_route=\/wp\/v2\/posts\/76136\/revisions\/76137"}],"wp:attachment":[{"href":"http:\/\/www.24baires.com\/index.php?rest_route=%2Fwp%2Fv2%2Fmedia&parent=76136"}],"wp:term":[{"taxonomy":"category","embeddable":true,"href":"http:\/\/www.24baires.com\/index.php?rest_route=%2Fwp%2Fv2%2Fcategories&post=76136"},{"taxonomy":"post_tag","embeddable":true,"href":"http:\/\/www.24baires.com\/index.php?rest_route=%2Fwp%2Fv2%2Ftags&post=76136"}],"curies":[{"name":"wp","href":"https:\/\/api.w.org\/{rel}","templated":true}]}}