{"id":76128,"date":"2015-12-09T10:30:36","date_gmt":"2015-12-09T13:30:36","guid":{"rendered":"http:\/\/www.24baires.com\/?p=76128"},"modified":"2015-12-09T10:05:28","modified_gmt":"2015-12-09T13:05:28","slug":"anibal-la-discusion-no-es-politica-sino-de-imagen-si-la-presidenta-esta-o-no","status":"publish","type":"post","link":"http:\/\/www.24baires.com\/?p=76128","title":{"rendered":"An\u00edbal: \u201cLa discusi\u00f3n no es pol\u00edtica sino de imagen, si la Presidenta est\u00e1 o no\u201d"},"content":{"rendered":"<p><img data-recalc-dims=\"1\" loading=\"lazy\" decoding=\"async\" src=\"https:\/\/i0.wp.com\/www.24baires.com\/wp-content\/uploads\/2015\/11\/an%C3%ADbal-fern%C3%A1ndezz.jpg?resize=560%2C372\" alt=\"an\u00edbal fern\u00e1ndezz\" width=\"560\" height=\"372\" class=\"aligncenter size-full wp-image-75470\" srcset=\"https:\/\/i0.wp.com\/www.24baires.com\/wp-content\/uploads\/2015\/11\/an%C3%ADbal-fern%C3%A1ndezz.jpg?w=560 560w, https:\/\/i0.wp.com\/www.24baires.com\/wp-content\/uploads\/2015\/11\/an%C3%ADbal-fern%C3%A1ndezz.jpg?resize=300%2C199 300w\" sizes=\"auto, (max-width: 560px) 100vw, 560px\" \/>El jefe de Gabinete, An\u00edbal Fern\u00e1ndez, asegur\u00f3 que la \u00abhistoria los va a maltratar\u00bb por la medida cautelar presentada por el macrismo para \u00abpretender cambiar la forma de la entrega del mando\u00bb.<!--more--><\/p>\n<p>En la \u00faltima conferencia de prensa que brind\u00f3 el funcionario en Casa de Gobierno, Fern\u00e1ndez agreg\u00f3 que \u00abpara colmo, un fiscal pretende meter la cuchara y la obligan a la Presidenta a tomar decisiones al respecto porque luego termina una denuncia contra denuncia por usurpaci\u00f3n de honores y cosas que no corresponden\u00bb.<\/p>\n<p>Despu\u00e9s de la medida cautelar, la Presidenta decidi\u00f3 no asistir a la jura del jefe de Estado electo en el Congreso, para evitar ser acusada de usurpaci\u00f3n de t\u00edtulo, luego de que se conociera el dictamen del fiscal Jorge Di Lello que establece que el mandato de la Jefa de Estado concluye el 9 de diciembre a las 23.59.<\/p>\n<p>Para el jefe de ministros, \u00aba estas cosas le asigna el valor que tiene que tener y es simb\u00f3lico en t\u00e9rminos del respeto por la democracia por eso es que conmueve que se haya presentado una medida cautelar para determinar esa cosa\u201d.<\/p>\n<p>Aseguro que la jefa de Estado \u201cno est\u00e1 golpeada\u201d por no asistir al acto de traspaso presidencial y acus\u00f3 a la oposici\u00f3n de haber hecho \u201ccualquier cosa\u201d para que no concurra \u201cuna Presidenta que ha torcido la historia de los argentinos para bien\u201d y remarc\u00f3 que \u201cel manoseo es suficiente para que quite la garant\u00eda que tiene que tener una ceremonia de esta caracter\u00edstica y para que la Presidenta no \u00e9ste presente. \u00bfQui\u00e9n va a arriesgarse a un hecho de estas caracter\u00edsticas para que despu\u00e9s tenga consecuencias? Ya hay una posici\u00f3n asumida por parte de la Presidenta\u201d.<\/p>\n<p>Calific\u00f3 de \u201cincomprensible\u201d la actitud de Mauricio Macri \u201cluego que en la c\u00e1mara de Diputados, siendo la primera minor\u00eda nuestro grupo pol\u00edtico y en el Senado donde somos mayor\u00eda amplia, donde pudimos elegir nuestras autoridades, se abri\u00f3 a que se eligieran sus autoridades por respeto democr\u00e1tico. Pareciera ser que esas cosas no tienen valor y entramos en una situaci\u00f3n desagradable que no tiene soluci\u00f3n criteriosa y responsable y malogra todo lo que viene siendo un desarrollo inteligente y consolidado de la democracia\u201d.<\/p>\n","protected":false},"excerpt":{"rendered":"<p>El jefe de Gabinete, An\u00edbal Fern\u00e1ndez, asegur\u00f3 que la \u00abhistoria los va a maltratar\u00bb por la medida cautelar presentada por el macrismo para \u00abpretender cambiar la forma de la entrega del mando\u00bb.<\/p>\n","protected":false},"author":8,"featured_media":0,"comment_status":"open","ping_status":"open","sticky":false,"template":"","format":"standard","meta":{"_jetpack_newsletter_access":"","_jetpack_dont_email_post_to_subs":false,"_jetpack_newsletter_tier_id":0,"_jetpack_memberships_contains_paywalled_content":false,"_jetpack_memberships_contains_paid_content":false,"footnotes":""},"categories":[51],"tags":[],"class_list":["post-76128","post","type-post","status-publish","format-standard","hentry","category-politica"],"jetpack_shortlink":"https:\/\/wp.me\/p2JWE0-jNS","jetpack-related-posts":[{"id":116926,"url":"http:\/\/www.24baires.com\/?p=116926","url_meta":{"origin":76128,"position":0},"title":"Alberto Fern\u00e1ndez, sobre la segunda ola de contagios: \u00abHay que estar preparados para lo que se viene\u00bb","author":"AF","date":"22\/12\/2020","format":false,"excerpt":"El Presidente asegur\u00f3 que \"estamos terminando un a\u00f1o muy dif\u00edcil para todos. Tenemos que saber que el riesgo no ha terminado, tenemos que cuidarnos, ser cautelosos\". Alberto Fern\u00e1ndez remarc\u00f3 este martes que \"hay que estar preparados para lo que se viene\" con la segunda ola de casos de coronavirus, ante\u2026","rel":"","context":"En \u00abSociedad\u00bb","block_context":{"text":"Sociedad","link":"http:\/\/www.24baires.com\/?cat=1"},"img":{"alt_text":"","src":"https:\/\/i0.wp.com\/www.24baires.com\/wp-content\/uploads\/2020\/08\/alberto-anuncio.jpg?resize=350%2C200","width":350,"height":200,"srcset":"https:\/\/i0.wp.com\/www.24baires.com\/wp-content\/uploads\/2020\/08\/alberto-anuncio.jpg?resize=350%2C200 1x, https:\/\/i0.wp.com\/www.24baires.com\/wp-content\/uploads\/2020\/08\/alberto-anuncio.jpg?resize=525%2C300 1.5x"},"classes":[]},{"id":63624,"url":"http:\/\/www.24baires.com\/?p=63624","url_meta":{"origin":76128,"position":1},"title":"An\u00edbal Fern\u00e1ndez calific\u00f3 a la denuncia de Nisman como \u00abuna verg\u00fcenza\u00bb","author":"AF","date":"27\/03\/2015","format":false,"excerpt":"El jefe de Gabinete volvi\u00f3 a cuestionar la denuncia del fallecido fiscal, desestimada ayer por la C\u00e1mara Federal. Afirm\u00f3, adem\u00e1s, que el camarista Jorge Ballestero dijo \"frases dur\u00edsimas\" en el fallo. El jefe de Gabinete, An\u00edbal Fern\u00e1ndez, volvi\u00f3 a cuestionar hoy la denuncia del fallecido fiscal Alberto Nisman contra la\u2026","rel":"","context":"En \u00abJUDICIALES\u00bb","block_context":{"text":"JUDICIALES","link":"http:\/\/www.24baires.com\/?cat=68"},"img":{"alt_text":"anibal","src":"https:\/\/i0.wp.com\/www.24baires.com\/wp-content\/uploads\/2015\/01\/anibal.jpg?resize=350%2C200","width":350,"height":200,"srcset":"https:\/\/i0.wp.com\/www.24baires.com\/wp-content\/uploads\/2015\/01\/anibal.jpg?resize=350%2C200 1x, https:\/\/i0.wp.com\/www.24baires.com\/wp-content\/uploads\/2015\/01\/anibal.jpg?resize=525%2C300 1.5x"},"classes":[]},{"id":62362,"url":"http:\/\/www.24baires.com\/?p=62362","url_meta":{"origin":76128,"position":2},"title":"A. Fern\u00e1ndez: \u201cNo hay otra forma de explicar la resoluci\u00f3n de Rafecas que el derecho\u201d","author":"AF","date":"27\/02\/2015","format":false,"excerpt":"El jefe de Gabinete, An\u00edbal Fern\u00e1ndez, se refiri\u00f3 as\u00ed a la desestimaci\u00f3n de la denuncia de Nisman por parte del magistrado. \u201cEra tan burda que parece hecha por alguien que no conoce de derecho\u201d, se\u00f1al\u00f3. El flamante jefe de Gabinete se\u00f1al\u00f3 adem\u00e1s que \"seguramente\" la C\u00e1mara Federal \"se va a\u2026","rel":"","context":"En \u00abJUDICIALES\u00bb","block_context":{"text":"JUDICIALES","link":"http:\/\/www.24baires.com\/?cat=68"},"img":{"alt_text":"anibal","src":"https:\/\/i0.wp.com\/www.24baires.com\/wp-content\/uploads\/2015\/01\/anibal.jpg?resize=350%2C200","width":350,"height":200,"srcset":"https:\/\/i0.wp.com\/www.24baires.com\/wp-content\/uploads\/2015\/01\/anibal.jpg?resize=350%2C200 1x, https:\/\/i0.wp.com\/www.24baires.com\/wp-content\/uploads\/2015\/01\/anibal.jpg?resize=525%2C300 1.5x"},"classes":[]},{"id":119690,"url":"http:\/\/www.24baires.com\/?p=119690","url_meta":{"origin":76128,"position":3},"title":"Fern\u00e1ndez asegur\u00f3 que la usurpaci\u00f3n de Malvinas \u00abdeber\u00eda avergonzar a todo el mundo\u00bb","author":"AF","date":"03\/01\/2023","format":false,"excerpt":"El Presidente encabez\u00f3 la inauguraci\u00f3n, junto al ministro de Defensa, Jorge Taiana, de un monumento conmemorativo de las Malvinas construido por el Astillero Tandanor frente al Edificio Libertador. El presidente Alberto Fern\u00e1ndez advirti\u00f3 hoy que la usurpaci\u00f3n de las Islas Malvinas por parte del Reino Unido \"deber\u00eda avergonzar a todo\u2026","rel":"","context":"En \u00abSociedad\u00bb","block_context":{"text":"Sociedad","link":"http:\/\/www.24baires.com\/?cat=1"},"img":{"alt_text":"","src":"https:\/\/i0.wp.com\/www.24baires.com\/wp-content\/uploads\/2023\/01\/malvinas.jpg?resize=350%2C200","width":350,"height":200,"srcset":"https:\/\/i0.wp.com\/www.24baires.com\/wp-content\/uploads\/2023\/01\/malvinas.jpg?resize=350%2C200 1x, https:\/\/i0.wp.com\/www.24baires.com\/wp-content\/uploads\/2023\/01\/malvinas.jpg?resize=525%2C300 1.5x, https:\/\/i0.wp.com\/www.24baires.com\/wp-content\/uploads\/2023\/01\/malvinas.jpg?resize=700%2C400 2x, https:\/\/i0.wp.com\/www.24baires.com\/wp-content\/uploads\/2023\/01\/malvinas.jpg?resize=1050%2C600 3x"},"classes":[]},{"id":60483,"url":"http:\/\/www.24baires.com\/?p=60483","url_meta":{"origin":76128,"position":4},"title":"El juez Lijo orden\u00f3 custodia a dos presuntos esp\u00edas denunciados por Nisman","author":"GB","date":"21\/01\/2015","format":false,"excerpt":"El juez federal Ariel Lijo dispuso custodia sobre los dos presuntos esp\u00edas denunciados por el fallecido fiscal Alberto Nisman, luego de que la Secretar\u00eda de Inteligencia (SI) revelara que no son agentes ni fueron contratados por ese organismo. Se trata de H\u00e9ctor Yrimia y Ramon Allan Bogado, quienes seg\u00fan la\u2026","rel":"","context":"En \u00abPol\u00edtica\u00bb","block_context":{"text":"Pol\u00edtica","link":"http:\/\/www.24baires.com\/?cat=51"},"img":{"alt_text":"ariel lijo","src":"https:\/\/i0.wp.com\/www.24baires.com\/wp-content\/uploads\/2015\/01\/ariel-lijo.jpg?resize=350%2C200","width":350,"height":200,"srcset":"https:\/\/i0.wp.com\/www.24baires.com\/wp-content\/uploads\/2015\/01\/ariel-lijo.jpg?resize=350%2C200 1x, https:\/\/i0.wp.com\/www.24baires.com\/wp-content\/uploads\/2015\/01\/ariel-lijo.jpg?resize=525%2C300 1.5x"},"classes":[]},{"id":61387,"url":"http:\/\/www.24baires.com\/?p=61387","url_meta":{"origin":76128,"position":5},"title":"An\u00edbal destac\u00f3 que hayan citado a declarar al ex agente de Inteligencia","author":"GB","date":"07\/02\/2015","format":false,"excerpt":"El secretario general de la Presidencia, An\u00edbal Fern\u00e1ndez, apunt\u00f3 contra \u00e9l en Radio 10 al considerarlo el autor de la \"bochornosa denuncia\" por encubrimiento que present\u00f3 el fallecido fiscal Alberto Nisman. El secretario general de la Presidencia, An\u00edbal Fern\u00e1ndez, sostuvo este s\u00e1bado que el ex agente de Inteligencia Antonio \"Jaime\"\u2026","rel":"","context":"En \u00abPol\u00edtica\u00bb","block_context":{"text":"Pol\u00edtica","link":"http:\/\/www.24baires.com\/?cat=51"},"img":{"alt_text":"anibal","src":"https:\/\/i0.wp.com\/www.24baires.com\/wp-content\/uploads\/2015\/01\/anibal.jpg?resize=350%2C200","width":350,"height":200,"srcset":"https:\/\/i0.wp.com\/www.24baires.com\/wp-content\/uploads\/2015\/01\/anibal.jpg?resize=350%2C200 1x, https:\/\/i0.wp.com\/www.24baires.com\/wp-content\/uploads\/2015\/01\/anibal.jpg?resize=525%2C300 1.5x"},"classes":[]}],"jetpack_sharing_enabled":true,"jetpack_likes_enabled":true,"jetpack_featured_media_url":"","_links":{"self":[{"href":"http:\/\/www.24baires.com\/index.php?rest_route=\/wp\/v2\/posts\/76128","targetHints":{"allow":["GET"]}}],"collection":[{"href":"http:\/\/www.24baires.com\/index.php?rest_route=\/wp\/v2\/posts"}],"about":[{"href":"http:\/\/www.24baires.com\/index.php?rest_route=\/wp\/v2\/types\/post"}],"author":[{"embeddable":true,"href":"http:\/\/www.24baires.com\/index.php?rest_route=\/wp\/v2\/users\/8"}],"replies":[{"embeddable":true,"href":"http:\/\/www.24baires.com\/index.php?rest_route=%2Fwp%2Fv2%2Fcomments&post=76128"}],"version-history":[{"count":1,"href":"http:\/\/www.24baires.com\/index.php?rest_route=\/wp\/v2\/posts\/76128\/revisions"}],"predecessor-version":[{"id":76129,"href":"http:\/\/www.24baires.com\/index.php?rest_route=\/wp\/v2\/posts\/76128\/revisions\/76129"}],"wp:attachment":[{"href":"http:\/\/www.24baires.com\/index.php?rest_route=%2Fwp%2Fv2%2Fmedia&parent=76128"}],"wp:term":[{"taxonomy":"category","embeddable":true,"href":"http:\/\/www.24baires.com\/index.php?rest_route=%2Fwp%2Fv2%2Fcategories&post=76128"},{"taxonomy":"post_tag","embeddable":true,"href":"http:\/\/www.24baires.com\/index.php?rest_route=%2Fwp%2Fv2%2Ftags&post=76128"}],"curies":[{"name":"wp","href":"https:\/\/api.w.org\/{rel}","templated":true}]}}