{"id":76125,"date":"2015-12-08T19:29:53","date_gmt":"2015-12-08T22:29:53","guid":{"rendered":"http:\/\/www.24baires.com\/?p=76125"},"modified":"2015-12-09T11:43:37","modified_gmt":"2015-12-09T14:43:37","slug":"no-estan-dadas-las-condiciones-para-que-cristina-concurra-al-congreso","status":"publish","type":"post","link":"http:\/\/www.24baires.com\/?p=76125","title":{"rendered":"\u00abNo est\u00e1n dadas las condiciones para que Cristina concurra al Congreso\u00bb"},"content":{"rendered":"<p><img data-recalc-dims=\"1\" loading=\"lazy\" decoding=\"async\" class=\"aligncenter size-full wp-image-44877\" src=\"https:\/\/i0.wp.com\/www.24baires.com\/wp-content\/uploads\/2014\/04\/oscar-parrilli.jpg?resize=560%2C307\" alt=\"oscar parrilli\" width=\"560\" height=\"307\" srcset=\"https:\/\/i0.wp.com\/www.24baires.com\/wp-content\/uploads\/2014\/04\/oscar-parrilli.jpg?w=560 560w, https:\/\/i0.wp.com\/www.24baires.com\/wp-content\/uploads\/2014\/04\/oscar-parrilli.jpg?resize=300%2C164 300w\" sizes=\"auto, (max-width: 560px) 100vw, 560px\" \/>La reuni\u00f3n para ultimar detalles para el traspaso de mando no lleg\u00f3 a buen puerto luego de que Cambiemos implementara una medida cautelar para que el mandato de la Presidenta concluya en el primer minuto del jueves 10. \u00abEntre esto y un golpe de Estado no hay pr\u00e1cticamente diferencias\u00bb, expres\u00f3 Oscar Parrilli.<!--more--><\/p>\n<p>El titular de la Agencia Federal de Investigaciones (AFI), Oscar Parrilli, inform\u00f3 este martes por la tarde que la presidenta Cristina Kirchner no concurrir\u00e1 al Congreso nacional para la jura de Mauricio Macri como nuevo Jefe de Estado.<\/p>\n<p>\u00abDamos por concluida esta discusi\u00f3n, la Presidenta de la Naci\u00f3n en estas condiciones no va a concurrir al Congreso\u00bb, inform\u00f3 Parrilli, tras argumentar que \u00abante este dictamen del fiscal (Jorge Di Lello) que dice que el mandato termina a las 24 del d\u00eda 9 la Presidenta no puede concurrir un d\u00eda despu\u00e9s\u00bb.<\/p>\n<p>&nbsp;<\/p>\n<p>&nbsp;<\/p>\n<p>&nbsp;<\/p>\n<p>&nbsp;<\/p>\n<p>&nbsp;<\/p>\n<p>&nbsp;<\/p>\n<p>&nbsp;<\/p>\n<p>&nbsp;<\/p>\n<p>&nbsp;<\/p>\n<p>&nbsp;<\/p>\n<p>&nbsp;<\/p>\n","protected":false},"excerpt":{"rendered":"<p>La reuni\u00f3n para ultimar detalles para el traspaso de mando no lleg\u00f3 a buen puerto luego de que Cambiemos implementara una medida cautelar para que el mandato de la Presidenta concluya en el primer minuto del jueves 10. \u00abEntre esto y un golpe de Estado no hay pr\u00e1cticamente diferencias\u00bb, expres\u00f3 Oscar Parrilli.<\/p>\n","protected":false},"author":8,"featured_media":0,"comment_status":"open","ping_status":"open","sticky":false,"template":"","format":"standard","meta":{"_jetpack_newsletter_access":"","_jetpack_dont_email_post_to_subs":false,"_jetpack_newsletter_tier_id":0,"_jetpack_memberships_contains_paywalled_content":false,"_jetpack_memberships_contains_paid_content":false,"footnotes":""},"categories":[51],"tags":[],"class_list":["post-76125","post","type-post","status-publish","format-standard","hentry","category-politica"],"jetpack_shortlink":"https:\/\/wp.me\/p2JWE0-jNP","jetpack-related-posts":[{"id":104581,"url":"http:\/\/www.24baires.com\/?p=104581","url_meta":{"origin":76125,"position":0},"title":"Parrilli: \u00abBonadio es un protegido de Pichetto\u00bb","author":"AF","date":"20\/09\/2018","format":false,"excerpt":"El ex secretario general de la Presidencia critic\u00f3 al juez federal que lleva adelante la causa de las fotocopias y ratific\u00f3 que es \u201cabsolutamente falso el relato de Centeno\". \"Ni la ex Presidenta ni yo recibimos dinero ilegal\u201d, dijo. El ex secretario general de la Presidencia, Oscar Parrilli, critic\u00f3 duramente\u2026","rel":"","context":"En \u00abPol\u00edtica\u00bb","block_context":{"text":"Pol\u00edtica","link":"http:\/\/www.24baires.com\/?cat=51"},"img":{"alt_text":"","src":"https:\/\/i0.wp.com\/www.24baires.com\/wp-content\/uploads\/2014\/04\/oscar-parrilli.jpg?resize=350%2C200","width":350,"height":200,"srcset":"https:\/\/i0.wp.com\/www.24baires.com\/wp-content\/uploads\/2014\/04\/oscar-parrilli.jpg?resize=350%2C200 1x, https:\/\/i0.wp.com\/www.24baires.com\/wp-content\/uploads\/2014\/04\/oscar-parrilli.jpg?resize=525%2C300 1.5x"},"classes":[]},{"id":105400,"url":"http:\/\/www.24baires.com\/?p=105400","url_meta":{"origin":76125,"position":1},"title":"\u00abEl Gobierno tiene pr\u00e1cticas similares a las que us\u00f3 la \u00faltima dictadura militar\u00bb","author":"AF","date":"12\/11\/2018","format":false,"excerpt":"As\u00ed lo denunci\u00f3 el ex titular de la AFI, Oscar Parrilli. En este sentido sostuvo que \"estamos como en la dictadura, solo que ahora no te matan, te meten preso preventivamente\". El ex titular de la AFI durante el gobierno de Cristina Kirchner, Oscar Parrilli, se refiri\u00f3 al fallo del\u2026","rel":"","context":"En \u00abPol\u00edtica\u00bb","block_context":{"text":"Pol\u00edtica","link":"http:\/\/www.24baires.com\/?cat=51"},"img":{"alt_text":"","src":"https:\/\/i0.wp.com\/www.24baires.com\/wp-content\/uploads\/2018\/07\/militar.jpg?resize=350%2C200","width":350,"height":200,"srcset":"https:\/\/i0.wp.com\/www.24baires.com\/wp-content\/uploads\/2018\/07\/militar.jpg?resize=350%2C200 1x, https:\/\/i0.wp.com\/www.24baires.com\/wp-content\/uploads\/2018\/07\/militar.jpg?resize=525%2C300 1.5x"},"classes":[]},{"id":104740,"url":"http:\/\/www.24baires.com\/?p=104740","url_meta":{"origin":76125,"position":2},"title":"Parrilli sobre el Gobierno: \u00abNo me sorprendi\u00f3 que citen a Hitler, son violentos y perversos\u00bb","author":"AF","date":"02\/10\/2018","format":false,"excerpt":"As\u00ed se refiri\u00f3 a un pol\u00e9mico tuit que el Presidente public\u00f3 en los \u00faltimos d\u00edas. Adem\u00e1s apunt\u00f3 contra Pichetto: \"No descarto que se d\u00e9 vuelta y vote el desafuero de Cristina\". El ex titular de la AFI, Oscar Parrilli, le advirti\u00f3 \"a Bonadio y Stornelli\" que est\u00e1 \"en riesgo la\u2026","rel":"","context":"En \u00abPol\u00edtica\u00bb","block_context":{"text":"Pol\u00edtica","link":"http:\/\/www.24baires.com\/?cat=51"},"img":{"alt_text":"","src":"https:\/\/i0.wp.com\/www.24baires.com\/wp-content\/uploads\/2018\/10\/parrilli.jpg?resize=350%2C200","width":350,"height":200,"srcset":"https:\/\/i0.wp.com\/www.24baires.com\/wp-content\/uploads\/2018\/10\/parrilli.jpg?resize=350%2C200 1x, https:\/\/i0.wp.com\/www.24baires.com\/wp-content\/uploads\/2018\/10\/parrilli.jpg?resize=525%2C300 1.5x"},"classes":[]},{"id":61301,"url":"http:\/\/www.24baires.com\/?p=61301","url_meta":{"origin":76125,"position":3},"title":"Relevan a Stiusso de guardar datos sobre sus actividades","author":"GB","date":"05\/02\/2015","format":false,"excerpt":"El director de la SI ratific\u00f3 que el agente \"ya no forma parte del organismo\" y declar\u00f3 que se lo relev\u00f3 de la obligaci\u00f3n de guardar secreto sobre sus actividades desde 1972 hasta el 5 de enero de 2015. El director de la Secretar\u00eda de Inteligencia, Oscar Parrilli, declar\u00f3 que\u2026","rel":"","context":"En \u00abPol\u00edtica\u00bb","block_context":{"text":"Pol\u00edtica","link":"http:\/\/www.24baires.com\/?cat=51"},"img":{"alt_text":"parrilli","src":"https:\/\/i0.wp.com\/www.24baires.com\/wp-content\/uploads\/2013\/08\/parrilli.jpg?resize=350%2C200","width":350,"height":200,"srcset":"https:\/\/i0.wp.com\/www.24baires.com\/wp-content\/uploads\/2013\/08\/parrilli.jpg?resize=350%2C200 1x, https:\/\/i0.wp.com\/www.24baires.com\/wp-content\/uploads\/2013\/08\/parrilli.jpg?resize=525%2C300 1.5x"},"classes":[]},{"id":108664,"url":"http:\/\/www.24baires.com\/?p=108664","url_meta":{"origin":76125,"position":4},"title":"Cristina cuestion\u00f3 a Bonadio y a los Tribunales superiores","author":"AF","date":"10\/06\/2019","format":false,"excerpt":"\"Ya es poco lo que espero. Los tribunales superiores no son diferentes a Bonadio\", asegur\u00f3. Record\u00f3 adem\u00e1s un pasaje de su libro en el que escribi\u00f3 \u201cClaudio Bonadio, el sicario\u201d. Cristina realizar\u00e1 su primer acto de campa\u00f1a en el interior. La senadora y precandidata a la vicepresidencia, Cristina Fern\u00e1ndez, volvi\u00f3\u2026","rel":"","context":"En \u00abPol\u00edtica\u00bb","block_context":{"text":"Pol\u00edtica","link":"http:\/\/www.24baires.com\/?cat=51"},"img":{"alt_text":"","src":"https:\/\/i0.wp.com\/www.24baires.com\/wp-content\/uploads\/2018\/11\/cristina.jpg?resize=350%2C200","width":350,"height":200,"srcset":"https:\/\/i0.wp.com\/www.24baires.com\/wp-content\/uploads\/2018\/11\/cristina.jpg?resize=350%2C200 1x, https:\/\/i0.wp.com\/www.24baires.com\/wp-content\/uploads\/2018\/11\/cristina.jpg?resize=525%2C300 1.5x"},"classes":[]},{"id":44456,"url":"http:\/\/www.24baires.com\/?p=44456","url_meta":{"origin":76125,"position":5},"title":"Cristina se reune con Kicillof, Randazzo, Gallucio y Parrilli","author":"AF","date":"22\/04\/2014","format":false,"excerpt":"La presidenta Cristina Fern\u00e1ndez de Kirchner recibe hoy, en la residencia de Olivos y en forma separada, a los ministros de Econom\u00eda, Axel Kicillof y del Interior y Transporte, Florencio Randazzo, seg\u00fan se inform\u00f3. Luego ingresar\u00e1 a su gabinete de trabajo en la residencia presidencial el titular de YPF, Miguel\u2026","rel":"","context":"En \u00abPol\u00edtica\u00bb","block_context":{"text":"Pol\u00edtica","link":"http:\/\/www.24baires.com\/?cat=51"},"img":{"alt_text":"operacion cristina","src":"https:\/\/i0.wp.com\/www.24baires.com\/wp-content\/uploads\/2013\/10\/operacion-cristina.jpg?resize=350%2C200","width":350,"height":200,"srcset":"https:\/\/i0.wp.com\/www.24baires.com\/wp-content\/uploads\/2013\/10\/operacion-cristina.jpg?resize=350%2C200 1x, https:\/\/i0.wp.com\/www.24baires.com\/wp-content\/uploads\/2013\/10\/operacion-cristina.jpg?resize=525%2C300 1.5x"},"classes":[]}],"jetpack_sharing_enabled":true,"jetpack_likes_enabled":true,"jetpack_featured_media_url":"","_links":{"self":[{"href":"http:\/\/www.24baires.com\/index.php?rest_route=\/wp\/v2\/posts\/76125","targetHints":{"allow":["GET"]}}],"collection":[{"href":"http:\/\/www.24baires.com\/index.php?rest_route=\/wp\/v2\/posts"}],"about":[{"href":"http:\/\/www.24baires.com\/index.php?rest_route=\/wp\/v2\/types\/post"}],"author":[{"embeddable":true,"href":"http:\/\/www.24baires.com\/index.php?rest_route=\/wp\/v2\/users\/8"}],"replies":[{"embeddable":true,"href":"http:\/\/www.24baires.com\/index.php?rest_route=%2Fwp%2Fv2%2Fcomments&post=76125"}],"version-history":[{"count":1,"href":"http:\/\/www.24baires.com\/index.php?rest_route=\/wp\/v2\/posts\/76125\/revisions"}],"predecessor-version":[{"id":76126,"href":"http:\/\/www.24baires.com\/index.php?rest_route=\/wp\/v2\/posts\/76125\/revisions\/76126"}],"wp:attachment":[{"href":"http:\/\/www.24baires.com\/index.php?rest_route=%2Fwp%2Fv2%2Fmedia&parent=76125"}],"wp:term":[{"taxonomy":"category","embeddable":true,"href":"http:\/\/www.24baires.com\/index.php?rest_route=%2Fwp%2Fv2%2Fcategories&post=76125"},{"taxonomy":"post_tag","embeddable":true,"href":"http:\/\/www.24baires.com\/index.php?rest_route=%2Fwp%2Fv2%2Ftags&post=76125"}],"curies":[{"name":"wp","href":"https:\/\/api.w.org\/{rel}","templated":true}]}}