{"id":76122,"date":"2015-12-08T18:39:02","date_gmt":"2015-12-08T21:39:02","guid":{"rendered":"http:\/\/www.24baires.com\/?p=76122"},"modified":"2015-12-08T18:39:02","modified_gmt":"2015-12-08T21:39:02","slug":"vidal-jurara-este-jueves-en-la-legislatura-bonaerense","status":"publish","type":"post","link":"http:\/\/www.24baires.com\/?p=76122","title":{"rendered":"Vidal jurar\u00e1 este jueves en la Legislatura bonaerense"},"content":{"rendered":"<p><img data-recalc-dims=\"1\" loading=\"lazy\" decoding=\"async\" src=\"https:\/\/i0.wp.com\/www.24baires.com\/wp-content\/uploads\/2014\/05\/vidal2.jpg?resize=560%2C313\" alt=\"vidal\" width=\"560\" height=\"313\" class=\"aligncenter size-full wp-image-45242\" srcset=\"https:\/\/i0.wp.com\/www.24baires.com\/wp-content\/uploads\/2014\/05\/vidal2.jpg?w=560 560w, https:\/\/i0.wp.com\/www.24baires.com\/wp-content\/uploads\/2014\/05\/vidal2.jpg?resize=300%2C167 300w\" sizes=\"auto, (max-width: 560px) 100vw, 560px\" \/>El acto ser\u00e1 a las 8:30 y la gobernadora electa estar\u00e1 acompa\u00f1ada del presidente electo Mauricio Macri, ministros e intendentes.<!--more--><\/p>\n<p>Vidal jurar\u00e1 como gobernadora provincial en la Asamblea preparatoria convocada para este jueves a las 8.30 horas en la Legislatura provincial bonaerense de calle 7 entre 51 y 53.<\/p>\n<p>De la jura participar\u00e1 el presidente de la Naci\u00f3n electo, Mauricio Macri, los futuros ministros del gobierno provincial y los intendentes bonaerenses de Cambiemos, entre otros. <\/p>\n<p>De acuerdo a lo previsto, por la tarde los legisladores electos sesionar\u00e1n para aprobar la reforma a la Ley de Ministerios que propone Vidal, con el objetivo de reformar el esquema gubernamental, para modificar la conformaci\u00f3n de ministerios y secretar\u00edas provinciales.<\/p>\n<p>En tanto que el viernes, la gobernadora electa le tomar\u00e1 juramento a los futuros ministros del gobierno provincial, en un acto a desarrollarse a las 13 en la Sala Astor Piazzolla del Teatro Argentino de La Plata, de calle 10 y 51.<\/p>\n","protected":false},"excerpt":{"rendered":"<p>El acto ser\u00e1 a las 8:30 y la gobernadora electa estar\u00e1 acompa\u00f1ada del presidente electo Mauricio Macri, ministros e intendentes.<\/p>\n","protected":false},"author":8,"featured_media":0,"comment_status":"open","ping_status":"open","sticky":false,"template":"","format":"standard","meta":{"_jetpack_newsletter_access":"","_jetpack_dont_email_post_to_subs":false,"_jetpack_newsletter_tier_id":0,"_jetpack_memberships_contains_paywalled_content":false,"_jetpack_memberships_contains_paid_content":false,"footnotes":""},"categories":[51],"tags":[],"class_list":["post-76122","post","type-post","status-publish","format-standard","hentry","category-politica"],"jetpack_shortlink":"https:\/\/wp.me\/p2JWE0-jNM","jetpack-related-posts":[{"id":113344,"url":"http:\/\/www.24baires.com\/?p=113344","url_meta":{"origin":76122,"position":0},"title":"Kicillof asume el mando de la provincia de Buenos Aires con la presencia de Alberto y Cristina","author":"GB","date":"11\/12\/2019","format":false,"excerpt":"El Gobernador bonaerense jurar\u00e1 frente a la Asamblea Legislativa, con la presencia de Alberto Fern\u00e1ndez y Cristina Kirchner. Al gobernador electo de la provincia de Buenos Aires, Axel Kicillof, le espera este mi\u00e9rcoles una jornada bastante intensa: tiene jura, toma de posesi\u00f3n y seguimiento de la primera sesi\u00f3n extraordinaria, donde\u2026","rel":"","context":"En \u00abProvincia\u00bb","block_context":{"text":"Provincia","link":"http:\/\/www.24baires.com\/?cat=40"},"img":{"alt_text":"","src":"https:\/\/i0.wp.com\/www.24baires.com\/wp-content\/uploads\/2019\/11\/kicillof.jpg?resize=350%2C200","width":350,"height":200,"srcset":"https:\/\/i0.wp.com\/www.24baires.com\/wp-content\/uploads\/2019\/11\/kicillof.jpg?resize=350%2C200 1x, https:\/\/i0.wp.com\/www.24baires.com\/wp-content\/uploads\/2019\/11\/kicillof.jpg?resize=525%2C300 1.5x"},"classes":[]},{"id":113184,"url":"http:\/\/www.24baires.com\/?p=113184","url_meta":{"origin":76122,"position":1},"title":"Kicillof ya defini\u00f3 parte de su gabinete","author":"AF","date":"28\/11\/2019","format":false,"excerpt":"Mientras define a sus colaboradores, el gobernador electo analiza postergar su asunci\u00f3n para el 11 de diciembre, para que no se superponga con el traspaso del mando presidencial. El gobernador electo de la provincia de Buenos Aires, Axel Kicillof, le da los \u00faltimos toques a su plan de gobierno y\u2026","rel":"","context":"En \u00abPol\u00edtica\u00bb","block_context":{"text":"Pol\u00edtica","link":"http:\/\/www.24baires.com\/?cat=51"},"img":{"alt_text":"","src":"https:\/\/i0.wp.com\/www.24baires.com\/wp-content\/uploads\/2019\/11\/kicillof.jpg?resize=350%2C200","width":350,"height":200,"srcset":"https:\/\/i0.wp.com\/www.24baires.com\/wp-content\/uploads\/2019\/11\/kicillof.jpg?resize=350%2C200 1x, https:\/\/i0.wp.com\/www.24baires.com\/wp-content\/uploads\/2019\/11\/kicillof.jpg?resize=525%2C300 1.5x"},"classes":[]},{"id":113309,"url":"http:\/\/www.24baires.com\/?p=113309","url_meta":{"origin":76122,"position":2},"title":"Confirmado: Teresa Garc\u00eda ser\u00e1 ministra de Gobierno de Kicillof","author":"GB","date":"09\/12\/2019","format":false,"excerpt":"A horas de que el gobernador electo, Axel Kicillof presente la conformaci\u00f3n de su Gabinete, se conoci\u00f3 que la espada legislativa del economista ocupar\u00e1 un lugar clave. De cara a la asunci\u00f3n formal, trascendi\u00f3 que la presidenta del bloque de senadores provinciales de Unidad Ciudadana, Teresa Garc\u00eda, ser\u00e1 la ministra\u2026","rel":"","context":"En \u00abPol\u00edtica\u00bb","block_context":{"text":"Pol\u00edtica","link":"http:\/\/www.24baires.com\/?cat=51"},"img":{"alt_text":"","src":"","width":0,"height":0},"classes":[]},{"id":111408,"url":"http:\/\/www.24baires.com\/?p=111408","url_meta":{"origin":76122,"position":3},"title":"Kicillof y Massa denunciaron que Vidal no hizo las obras que prometi\u00f3","author":"AF","date":"31\/07\/2019","format":false,"excerpt":"Los precandidatos del Frente de Todos estuvieron en el jard\u00edn de infantes 904 de Las Heras, que se encuentra cerrado, y sostuvieron que la Provincia necesita tener \"como presidente a Alberto Fern\u00e1ndez y como vice a Cristina Kirchner\". El precandidato a gobernador bonaerense del Frente de Todos, Axel Kicillof, y\u2026","rel":"","context":"En \u00abPol\u00edtica\u00bb","block_context":{"text":"Pol\u00edtica","link":"http:\/\/www.24baires.com\/?cat=51"},"img":{"alt_text":"","src":"https:\/\/i0.wp.com\/www.24baires.com\/wp-content\/uploads\/2019\/07\/massa-kicillof.jpg?resize=350%2C200","width":350,"height":200,"srcset":"https:\/\/i0.wp.com\/www.24baires.com\/wp-content\/uploads\/2019\/07\/massa-kicillof.jpg?resize=350%2C200 1x, https:\/\/i0.wp.com\/www.24baires.com\/wp-content\/uploads\/2019\/07\/massa-kicillof.jpg?resize=525%2C300 1.5x"},"classes":[]},{"id":112508,"url":"http:\/\/www.24baires.com\/?p=112508","url_meta":{"origin":76122,"position":4},"title":"El Coloquio de IDEA se desarrollar\u00e1 con Vidal, sin Alberto Fern\u00e1ndez y con Macri por teleconferencia","author":"AF","date":"15\/10\/2019","format":false,"excerpt":"Por primera vez desde que asumi\u00f3, el Presidente estar\u00e1 ausente. Tambi\u00e9n ser\u00e1n parte varios gobernadores electos y ratificados en el cargo. El Coloquio de IDEA en Mar del Plata tendr\u00e1 su apertura este mi\u00e9rcoles con la participaci\u00f3n de la gobernadora de la Buenos Aires, Mar\u00eda Eugenia Vidal. Mientras tanto, el\u2026","rel":"","context":"En \u00abPol\u00edtica\u00bb","block_context":{"text":"Pol\u00edtica","link":"http:\/\/www.24baires.com\/?cat=51"},"img":{"alt_text":"","src":"https:\/\/i0.wp.com\/www.24baires.com\/wp-content\/uploads\/2018\/10\/MACRI-IDEA.jpg?resize=350%2C200","width":350,"height":200,"srcset":"https:\/\/i0.wp.com\/www.24baires.com\/wp-content\/uploads\/2018\/10\/MACRI-IDEA.jpg?resize=350%2C200 1x, https:\/\/i0.wp.com\/www.24baires.com\/wp-content\/uploads\/2018\/10\/MACRI-IDEA.jpg?resize=525%2C300 1.5x"},"classes":[]},{"id":112810,"url":"http:\/\/www.24baires.com\/?p=112810","url_meta":{"origin":76122,"position":5},"title":"Kicillof se reuni\u00f3 con intendentes bonaerenses","author":"AF","date":"31\/10\/2019","format":false,"excerpt":"El objetivo es lograr una radiograf\u00eda del estado de situaci\u00f3n de la provincia para tener en claro el punto de partida de la pr\u00f3xima gesti\u00f3n. Axel Kicillof se reuni\u00f3 con los intendentes electos del Frente de Todos para recabar sus dudas, inquietudes y preocupaciones a encarar durante la pr\u00f3xima gesti\u00f3n,\u2026","rel":"","context":"En \u00abPol\u00edtica\u00bb","block_context":{"text":"Pol\u00edtica","link":"http:\/\/www.24baires.com\/?cat=51"},"img":{"alt_text":"","src":"https:\/\/i0.wp.com\/www.24baires.com\/wp-content\/uploads\/2019\/07\/kiciloff-magario.jpg?resize=350%2C200","width":350,"height":200,"srcset":"https:\/\/i0.wp.com\/www.24baires.com\/wp-content\/uploads\/2019\/07\/kiciloff-magario.jpg?resize=350%2C200 1x, https:\/\/i0.wp.com\/www.24baires.com\/wp-content\/uploads\/2019\/07\/kiciloff-magario.jpg?resize=525%2C300 1.5x"},"classes":[]}],"jetpack_sharing_enabled":true,"jetpack_likes_enabled":true,"jetpack_featured_media_url":"","_links":{"self":[{"href":"http:\/\/www.24baires.com\/index.php?rest_route=\/wp\/v2\/posts\/76122","targetHints":{"allow":["GET"]}}],"collection":[{"href":"http:\/\/www.24baires.com\/index.php?rest_route=\/wp\/v2\/posts"}],"about":[{"href":"http:\/\/www.24baires.com\/index.php?rest_route=\/wp\/v2\/types\/post"}],"author":[{"embeddable":true,"href":"http:\/\/www.24baires.com\/index.php?rest_route=\/wp\/v2\/users\/8"}],"replies":[{"embeddable":true,"href":"http:\/\/www.24baires.com\/index.php?rest_route=%2Fwp%2Fv2%2Fcomments&post=76122"}],"version-history":[{"count":1,"href":"http:\/\/www.24baires.com\/index.php?rest_route=\/wp\/v2\/posts\/76122\/revisions"}],"predecessor-version":[{"id":76123,"href":"http:\/\/www.24baires.com\/index.php?rest_route=\/wp\/v2\/posts\/76122\/revisions\/76123"}],"wp:attachment":[{"href":"http:\/\/www.24baires.com\/index.php?rest_route=%2Fwp%2Fv2%2Fmedia&parent=76122"}],"wp:term":[{"taxonomy":"category","embeddable":true,"href":"http:\/\/www.24baires.com\/index.php?rest_route=%2Fwp%2Fv2%2Fcategories&post=76122"},{"taxonomy":"post_tag","embeddable":true,"href":"http:\/\/www.24baires.com\/index.php?rest_route=%2Fwp%2Fv2%2Ftags&post=76122"}],"curies":[{"name":"wp","href":"https:\/\/api.w.org\/{rel}","templated":true}]}}