{"id":76116,"date":"2015-12-08T16:00:12","date_gmt":"2015-12-08T19:00:12","guid":{"rendered":"http:\/\/www.24baires.com\/?p=76116"},"modified":"2015-12-08T14:49:46","modified_gmt":"2015-12-08T17:49:46","slug":"el-traspaso-de-mando-sera-en-el-congreso-como-corresponde-dijo-macri","status":"publish","type":"post","link":"http:\/\/www.24baires.com\/?p=76116","title":{"rendered":"\u00abEl traspaso de mando ser\u00e1 en el Congreso como corresponde\u00bb, dijo Macri"},"content":{"rendered":"<p><img data-recalc-dims=\"1\" loading=\"lazy\" decoding=\"async\" class=\"aligncenter size-full wp-image-31307\" src=\"https:\/\/i0.wp.com\/www.24baires.com\/wp-content\/uploads\/2013\/09\/Cristina.Macri_.jpg?resize=560%2C468\" alt=\"Cristina.Macri\" width=\"560\" height=\"468\" srcset=\"https:\/\/i0.wp.com\/www.24baires.com\/wp-content\/uploads\/2013\/09\/Cristina.Macri_.jpg?w=560 560w, https:\/\/i0.wp.com\/www.24baires.com\/wp-content\/uploads\/2013\/09\/Cristina.Macri_.jpg?resize=300%2C250 300w\" sizes=\"auto, (max-width: 560px) 100vw, 560px\" \/>As\u00ed lo hab\u00eda asegurado el presidente electo el 24 de noviembre luego de su reuni\u00f3n con la actual mandataria Cristina Kirchner. \u00abMe alegr\u00f3 que ella haya ratificado que estaba muy bien predispuesta a hacer la ceremonia como corresponde\u00bb.<!--more--><\/p>\n<p>Lejos de la pol\u00e9mica de los \u00faltimos d\u00edas sobre el lugar donde deber\u00eda ser el traspaso, el presidente electo Mauricio Macri hab\u00eda asegurado el 24 de noviembre de pasado que la ceremonia se realizar\u00eda el 10 de diciembre \u00abcomo corresponde en el Congreso de la Naci\u00f3n\u00bb.<\/p>\n<p>\u00abEl 10 de diciembre haremos el traspaso como corresponde en el Congreso de la Naci\u00f3n\u00bb, hab\u00eda asegurado Macri. Y agreg\u00f3 que ese hab\u00eda sido uno de los puntos de acuerdo en la reuni\u00f3n que por entonces hab\u00eda mantenido con la presidenta Cristina Kirchner.<\/p>\n<p>\u00abHab\u00edan corrido muchas versiones y a m\u00ed me alegr\u00f3 que ella haya ratificado que estaba muy bien predispuesta a hacer la ceremonia como corresponde y darle el lugar a algo tan importante como un traspaso de mando\u00bb, hab\u00eda dicho el presidente electo en una entrevista televisiva.<\/p>\n<p>&nbsp;<\/p>\n<p>&nbsp;<\/p>\n<p>&nbsp;<\/p>\n<p>&nbsp;<\/p>\n<p>&nbsp;<\/p>\n<p>&nbsp;<\/p>\n<p>&nbsp;<\/p>\n<p>&nbsp;<\/p>\n<p>&nbsp;<\/p>\n<p>&nbsp;<\/p>\n<p>&nbsp;<\/p>\n<p>&nbsp;<\/p>\n<p>&nbsp;<\/p>\n<p>&nbsp;<\/p>\n","protected":false},"excerpt":{"rendered":"<p>As\u00ed lo hab\u00eda asegurado el presidente electo el 24 de noviembre luego de su reuni\u00f3n con la actual mandataria Cristina Kirchner. \u00abMe alegr\u00f3 que ella haya ratificado que estaba muy bien predispuesta a hacer la ceremonia como corresponde\u00bb.<\/p>\n","protected":false},"author":8,"featured_media":0,"comment_status":"open","ping_status":"open","sticky":false,"template":"","format":"standard","meta":{"_jetpack_newsletter_access":"","_jetpack_dont_email_post_to_subs":false,"_jetpack_newsletter_tier_id":0,"_jetpack_memberships_contains_paywalled_content":false,"_jetpack_memberships_contains_paid_content":false,"footnotes":""},"categories":[51],"tags":[],"class_list":["post-76116","post","type-post","status-publish","format-standard","hentry","category-politica"],"jetpack_shortlink":"https:\/\/wp.me\/p2JWE0-jNG","jetpack-related-posts":[{"id":113318,"url":"http:\/\/www.24baires.com\/?p=113318","url_meta":{"origin":76116,"position":0},"title":"Alberto y Cristina asumen el mando del pa\u00eds con un festival en Plaza de Mayo","author":"GB","date":"10\/12\/2019","format":false,"excerpt":"Ambos prestar\u00e1n juramento en la Asamblea Legislativa en la que el presidente saliente entregar\u00e1 el poder. Este jueves 10 de diciembre quedar\u00e1 en la historia tras el regreso del peronismo al poder luego de cuatro a\u00f1os de gobierno de Mauricio Macri. El presidente electo, Alberto Fern\u00e1ndez, asumir\u00e1 junto a la\u2026","rel":"","context":"En \u00abPol\u00edtica\u00bb","block_context":{"text":"Pol\u00edtica","link":"http:\/\/www.24baires.com\/?cat=51"},"img":{"alt_text":"","src":"https:\/\/i0.wp.com\/www.24baires.com\/wp-content\/uploads\/2019\/11\/cfk-alberto.jpg?resize=350%2C200","width":350,"height":200,"srcset":"https:\/\/i0.wp.com\/www.24baires.com\/wp-content\/uploads\/2019\/11\/cfk-alberto.jpg?resize=350%2C200 1x, https:\/\/i0.wp.com\/www.24baires.com\/wp-content\/uploads\/2019\/11\/cfk-alberto.jpg?resize=525%2C300 1.5x"},"classes":[]},{"id":75928,"url":"http:\/\/www.24baires.com\/?p=75928","url_meta":{"origin":76116,"position":1},"title":"Confirman que la ceremonia de traspaso ser\u00e1 en el Congreso","author":"AF","date":"03\/12\/2015","format":false,"excerpt":"El jefe de Gabinete, An\u00edbal Fern\u00e1ndez, confirm\u00f3 este jueves que \"ya se cursaron las invitaciones\" para el acto de traspaso del mando, que se realizar\u00e1 el pr\u00f3ximo 10 de diciembre al mediod\u00eda en el Congreso y volvi\u00f3 a rechazar que la ceremonia pueda tener lugar en la Casa Rosada. \"Ya\u2026","rel":"","context":"En \u00abPol\u00edtica\u00bb","block_context":{"text":"Pol\u00edtica","link":"http:\/\/www.24baires.com\/?cat=51"},"img":{"alt_text":"","src":"","width":0,"height":0},"classes":[]},{"id":76072,"url":"http:\/\/www.24baires.com\/?p=76072","url_meta":{"origin":76116,"position":2},"title":"Cristina: \u00abLa autoridad no se construye con colores y mucho menos grit\u00e1ndole a una mujer\u00bb","author":"GB","date":"06\/12\/2015","format":false,"excerpt":"La presidenta public\u00f3 en su p\u00e1gina web un texto en el cuenta la conversaci\u00f3n que mantuvo con el presidente electo, Mauricio Macri, acerca del lugar de la ceremonia de traspaso del mando. La Presidenta de la Naci\u00f3n, Cristina Fern\u00e1ndez de Kirchner, public\u00f3 en su p\u00e1gina web y en las redes\u2026","rel":"","context":"En \u00abPol\u00edtica\u00bb","block_context":{"text":"Pol\u00edtica","link":"http:\/\/www.24baires.com\/?cat=51"},"img":{"alt_text":"cristina energia","src":"https:\/\/i0.wp.com\/www.24baires.com\/wp-content\/uploads\/2015\/09\/cristina-energia.jpg?resize=350%2C200","width":350,"height":200,"srcset":"https:\/\/i0.wp.com\/www.24baires.com\/wp-content\/uploads\/2015\/09\/cristina-energia.jpg?resize=350%2C200 1x, https:\/\/i0.wp.com\/www.24baires.com\/wp-content\/uploads\/2015\/09\/cristina-energia.jpg?resize=525%2C300 1.5x"},"classes":[]},{"id":75698,"url":"http:\/\/www.24baires.com\/?p=75698","url_meta":{"origin":76116,"position":3},"title":"An\u00edbal Fern\u00e1ndez y Marcos Pe\u00f1a tuvieron un primer encuentro \u201cmuy positivo\u201d","author":"GB","date":"27\/11\/2015","format":false,"excerpt":"El jefe de Gabinete de Mauricio Macri se reuni\u00f3 esta ma\u00f1ana con su antecesor en Casa de Gobierno de cara al 10 de diciembre. \u201cFue una muy buena charla para trabajar en la transici\u00f3n que viene\u201d, asegur\u00f3. Los jefes de Gabinete saliente y entrante, An\u00edbal Fern\u00e1ndez y Marcos Pe\u00f1a, respectivamente,\u2026","rel":"","context":"En \u00abPol\u00edtica\u00bb","block_context":{"text":"Pol\u00edtica","link":"http:\/\/www.24baires.com\/?cat=51"},"img":{"alt_text":"pe\u00f1a","src":"https:\/\/i0.wp.com\/www.24baires.com\/wp-content\/uploads\/2015\/11\/pe%C3%B1a.jpg?resize=350%2C200","width":350,"height":200,"srcset":"https:\/\/i0.wp.com\/www.24baires.com\/wp-content\/uploads\/2015\/11\/pe%C3%B1a.jpg?resize=350%2C200 1x, https:\/\/i0.wp.com\/www.24baires.com\/wp-content\/uploads\/2015\/11\/pe%C3%B1a.jpg?resize=525%2C300 1.5x"},"classes":[]},{"id":104167,"url":"http:\/\/www.24baires.com\/?p=104167","url_meta":{"origin":76116,"position":4},"title":"El Gobierno le perdon\u00f3 a Molinos el pago de 70 millones de d\u00f3lares","author":"GB","date":"29\/08\/2018","format":false,"excerpt":"A trav\u00e9s de un decreto presidencial el Ministerio de Agroindustria perdon\u00f3 a la empresa alimenticia Molinos R\u00edo de la Plata de la familia P\u00e9rez Companc el pago de la abultada cifra en d\u00f3lares producto de una deuda generada con Aduana por el pago de grav\u00e1menes en ventas al exterior El\u2026","rel":"","context":"En \u00abEconom\u00eda\u00bb","block_context":{"text":"Econom\u00eda","link":"http:\/\/www.24baires.com\/?cat=45"},"img":{"alt_text":"","src":"https:\/\/i0.wp.com\/www.24baires.com\/wp-content\/uploads\/2018\/08\/macriii.jpg?resize=350%2C200","width":350,"height":200,"srcset":"https:\/\/i0.wp.com\/www.24baires.com\/wp-content\/uploads\/2018\/08\/macriii.jpg?resize=350%2C200 1x, https:\/\/i0.wp.com\/www.24baires.com\/wp-content\/uploads\/2018\/08\/macriii.jpg?resize=525%2C300 1.5x"},"classes":[]},{"id":116063,"url":"http:\/\/www.24baires.com\/?p=116063","url_meta":{"origin":76116,"position":5},"title":"CFK asegura que Macri realiz\u00f3 una \u00abreforma de facto\u00bb de la Justicia para \u00abperseguir opositores\u00bb","author":"AF","date":"25\/08\/2020","format":false,"excerpt":"La vicepresidenta apareci\u00f3 nuevamente en escena para expresarse sobre el proyecto del oficialismo que se tratar\u00e1 este jueves en el Senado. La vicepresidenta Cristina Fern\u00e1ndez de Kirchner comparti\u00f3, hace instantes, una publicaci\u00f3n en sus redes sociales donde opin\u00f3 sobre el proyecto que envi\u00f3 el Gobierno Nacional al Congreso para modificar\u2026","rel":"","context":"En \u00abPol\u00edtica\u00bb","block_context":{"text":"Pol\u00edtica","link":"http:\/\/www.24baires.com\/?cat=51"},"img":{"alt_text":"","src":"https:\/\/i0.wp.com\/www.24baires.com\/wp-content\/uploads\/2019\/08\/cristina-LP.jpg?resize=350%2C200","width":350,"height":200,"srcset":"https:\/\/i0.wp.com\/www.24baires.com\/wp-content\/uploads\/2019\/08\/cristina-LP.jpg?resize=350%2C200 1x, https:\/\/i0.wp.com\/www.24baires.com\/wp-content\/uploads\/2019\/08\/cristina-LP.jpg?resize=525%2C300 1.5x"},"classes":[]}],"jetpack_sharing_enabled":true,"jetpack_likes_enabled":true,"jetpack_featured_media_url":"","_links":{"self":[{"href":"http:\/\/www.24baires.com\/index.php?rest_route=\/wp\/v2\/posts\/76116","targetHints":{"allow":["GET"]}}],"collection":[{"href":"http:\/\/www.24baires.com\/index.php?rest_route=\/wp\/v2\/posts"}],"about":[{"href":"http:\/\/www.24baires.com\/index.php?rest_route=\/wp\/v2\/types\/post"}],"author":[{"embeddable":true,"href":"http:\/\/www.24baires.com\/index.php?rest_route=\/wp\/v2\/users\/8"}],"replies":[{"embeddable":true,"href":"http:\/\/www.24baires.com\/index.php?rest_route=%2Fwp%2Fv2%2Fcomments&post=76116"}],"version-history":[{"count":1,"href":"http:\/\/www.24baires.com\/index.php?rest_route=\/wp\/v2\/posts\/76116\/revisions"}],"predecessor-version":[{"id":76117,"href":"http:\/\/www.24baires.com\/index.php?rest_route=\/wp\/v2\/posts\/76116\/revisions\/76117"}],"wp:attachment":[{"href":"http:\/\/www.24baires.com\/index.php?rest_route=%2Fwp%2Fv2%2Fmedia&parent=76116"}],"wp:term":[{"taxonomy":"category","embeddable":true,"href":"http:\/\/www.24baires.com\/index.php?rest_route=%2Fwp%2Fv2%2Fcategories&post=76116"},{"taxonomy":"post_tag","embeddable":true,"href":"http:\/\/www.24baires.com\/index.php?rest_route=%2Fwp%2Fv2%2Ftags&post=76116"}],"curies":[{"name":"wp","href":"https:\/\/api.w.org\/{rel}","templated":true}]}}