{"id":76110,"date":"2015-12-08T13:25:34","date_gmt":"2015-12-08T16:25:34","guid":{"rendered":"http:\/\/www.24baires.com\/?p=76110"},"modified":"2015-12-08T13:27:05","modified_gmt":"2015-12-08T16:27:05","slug":"se-fractura-bloque-de-senadores-del-fpv-en-la-plata-y-culpan-a-espinoza","status":"publish","type":"post","link":"http:\/\/www.24baires.com\/?p=76110","title":{"rendered":"Se fractura Bloque de Senadores del Fpv en La Plata, y culpan a Espinoza"},"content":{"rendered":"<p><img data-recalc-dims=\"1\" loading=\"lazy\" decoding=\"async\" class=\"aligncenter size-full wp-image-23981\" src=\"https:\/\/i0.wp.com\/www.24baires.com\/wp-content\/uploads\/2013\/05\/senadobonaerense2-679x350.jpg?resize=560%2C288\" alt=\"senadobonaerense2-679x350\" width=\"560\" height=\"288\" srcset=\"https:\/\/i0.wp.com\/www.24baires.com\/wp-content\/uploads\/2013\/05\/senadobonaerense2-679x350.jpg?w=560 560w, https:\/\/i0.wp.com\/www.24baires.com\/wp-content\/uploads\/2013\/05\/senadobonaerense2-679x350.jpg?resize=300%2C154 300w\" sizes=\"auto, (max-width: 560px) 100vw, 560px\" \/>Sergio Berni ratific\u00f3 el quiebre del kirchnerismo en la C\u00e1mara alta de la provincia de Buenos Aires.<!--more--><\/p>\n<p>El senador bonaerense y secretario de seguridad nacional saliente, Sergio Berni ratific\u00f3 la fractura del bloque del Frente para la Victoria (FPV) en la C\u00e1mara de Senadores de la provincia de Buenos Aires y se\u00f1al\u00f3: \u201clas diferencias internas tienen que ver una cuesti\u00f3n de mirada estrat\u00e9gica hacia el futuro\u201d. En este sentido, profundiz\u00f3 acerca de la existencia de \u201cuna mirada totalmente distinta en cuanto a los criterios a seguir de aqu\u00ed en adelante y mientras tanto seguiremos trabajando de esa manera\u201d.<\/p>\n<p>La ruptura deriv\u00f3 en la creaci\u00f3n de dos bloques, uno del sector kirchnerista m\u00e1s \u201cduro\u201d, integrado por el propio Berni y liderado por Ana Mar\u00eda Sierra, y otro del peronismo \u201ctradicional\u201d, presidido por Daniel Barrera. Cada uno contar\u00e1 con nueve senadores. Por un lado, el primero estar\u00e1 compuesto, adem\u00e1s de Berni, por Federico Susbielles, M\u00f3nica Macha, Cecilia Comeiro, Santiago Carreras, Gervasio Bozzano y Juan Manuel Pignocco. Por otro lado, Barrera ser\u00e1 acompa\u00f1ado de Dar\u00edo D\u00edaz P\u00e9rez, Carolina Szelagowski, Alejandro Urdampilleta, H\u00e9ctor Vitale, Juan Curuchet, Norberto Garc\u00eda, Fernando Moreira y Patricio Garc\u00eda.<\/p>\n<p>Barrera destac\u00f3 que la divisi\u00f3n no reviste \u00abning\u00fan nivel de gravedad\u00bb, que \u201cest\u00e1 bien\u201d y que contribuir\u00e1 \u201ca fortalecer el funcionamiento democr\u00e1tico\u00bb. El Partido Justicialista bonaerense apunt\u00f3 directamente contra La C\u00e1mpora mediante un comunicado donde se afirm\u00f3: \u00abTras el juramento de los senadores provinciales de Buenos Aires el bloque del FpV qued\u00f3 divido en dos debido a la ruptura del acuerdo para designar a las autoridades por parte de los senadores de La C\u00e1mpora. De esta manera se conformaron dos bloques: el de senadores del Partido Justicialista y el de los camporistas\u00bb. Sin embargo, referentes de la c\u00e1mara alta afirman que se tratar\u00eda de un nuevo capricho del presidente del PJ bonaerense, Fernando Espinoza.<\/p>\n<p>&nbsp;<\/p>\n<p>&nbsp;<\/p>\n<p>&nbsp;<\/p>\n<p>&nbsp;<\/p>\n<p>&nbsp;<\/p>\n<p>&nbsp;<\/p>\n<p>&nbsp;<\/p>\n<p>&nbsp;<\/p>\n<p>&nbsp;<\/p>\n<p>&nbsp;<\/p>\n<p>&nbsp;<\/p>\n<p>&nbsp;<\/p>\n<p>&nbsp;<\/p>\n<p>&nbsp;<\/p>\n<p>&nbsp;<\/p>\n","protected":false},"excerpt":{"rendered":"<p>Sergio Berni ratific\u00f3 el quiebre del kirchnerismo en la C\u00e1mara alta de la provincia de Buenos Aires.<\/p>\n","protected":false},"author":8,"featured_media":0,"comment_status":"open","ping_status":"open","sticky":false,"template":"","format":"standard","meta":{"_jetpack_newsletter_access":"","_jetpack_dont_email_post_to_subs":false,"_jetpack_newsletter_tier_id":0,"_jetpack_memberships_contains_paywalled_content":false,"_jetpack_memberships_contains_paid_content":false,"footnotes":""},"categories":[51],"tags":[],"class_list":["post-76110","post","type-post","status-publish","format-standard","hentry","category-politica"],"jetpack_shortlink":"https:\/\/wp.me\/p2JWE0-jNA","jetpack-related-posts":[{"id":101580,"url":"http:\/\/www.24baires.com\/?p=101580","url_meta":{"origin":76110,"position":0},"title":"Se aprob\u00f3 la emergencia en obras p\u00fablicas y la emergencia administrativa","author":"GB","date":"13\/04\/2018","format":false,"excerpt":"El Senado de la provincia de Buenos Aires sancion\u00f3 hoy un proyecto de ley que prorroga por el t\u00e9rmino de 1 a\u00f1o las declaraciones de emergencia en Infraestructura, H\u00e1bitat, Vivienda y Servicios P\u00fablicos y en materia Administrativa y Tecnolog\u00eda que fueran declaradas oportunamente por las leyes 14812 y 14815. Las\u2026","rel":"","context":"En \u00abProvincia\u00bb","block_context":{"text":"Provincia","link":"http:\/\/www.24baires.com\/?cat=40"},"img":{"alt_text":"","src":"https:\/\/i0.wp.com\/www.24baires.com\/wp-content\/uploads\/2012\/11\/senado-BA-300x220.jpg?resize=350%2C200","width":350,"height":200},"classes":[]},{"id":41119,"url":"http:\/\/www.24baires.com\/?p=41119","url_meta":{"origin":76110,"position":1},"title":"El FPV conform\u00f3 un interbloque y recuper\u00f3 la primera minor\u00eda en el Senado bonaerense","author":"Grupo Sierra","date":"25\/02\/2014","format":false,"excerpt":"El cambio se produjo con los senadores Mario Ishii y M\u00f3nica Macha, con lo que el frente kirchnerista recuper\u00f3 la primera minor\u00eda en ese cuerpo, seg\u00fan inform\u00f3 el vicegobernador Gabriel Mariotto. El oficialismo contar\u00e1 as\u00ed con 21 senadores, de los 46 que integran la C\u00e1mara, y recupera la primera minor\u00eda\u2026","rel":"","context":"En \u00abPol\u00edtica\u00bb","block_context":{"text":"Pol\u00edtica","link":"http:\/\/www.24baires.com\/?cat=51"},"img":{"alt_text":"senadobonaerense2-679x350","src":"https:\/\/i0.wp.com\/www.24baires.com\/wp-content\/uploads\/2013\/06\/senadobonaerense2-679x350.jpg?resize=350%2C200","width":350,"height":200,"srcset":"https:\/\/i0.wp.com\/www.24baires.com\/wp-content\/uploads\/2013\/06\/senadobonaerense2-679x350.jpg?resize=350%2C200 1x, https:\/\/i0.wp.com\/www.24baires.com\/wp-content\/uploads\/2013\/06\/senadobonaerense2-679x350.jpg?resize=525%2C300 1.5x"},"classes":[]},{"id":80871,"url":"http:\/\/www.24baires.com\/?p=80871","url_meta":{"origin":76110,"position":2},"title":"Berni: \u00abLa Provincia est\u00e1 pasando por una emergencia laboral\u00bb","author":"AF","date":"01\/04\/2016","format":false,"excerpt":"El senador provincial Sergio Berni (FpV), afirm\u00f3 este viernes que en la provincia de Buenos Aires existe \u201cuna verdadera emergencia laboral\u201d y que tanto las autoridades nacionales como provinciales deben \u201cparar con las olas de despidos\u201d que son \u201ccat\u00e1strofe para las familias\u201d. \u201cLa provincia de Buenos Aires hoy est\u00e1 pasando\u2026","rel":"","context":"En \u00abProvincia\u00bb","block_context":{"text":"Provincia","link":"http:\/\/www.24baires.com\/?cat=40"},"img":{"alt_text":"berni","src":"https:\/\/i0.wp.com\/www.24baires.com\/wp-content\/uploads\/2014\/01\/berni.jpg?resize=350%2C200","width":350,"height":200,"srcset":"https:\/\/i0.wp.com\/www.24baires.com\/wp-content\/uploads\/2014\/01\/berni.jpg?resize=350%2C200 1x, https:\/\/i0.wp.com\/www.24baires.com\/wp-content\/uploads\/2014\/01\/berni.jpg?resize=525%2C300 1.5x"},"classes":[]},{"id":66370,"url":"http:\/\/www.24baires.com\/?p=66370","url_meta":{"origin":76110,"position":3},"title":"Sergio Berni ratific\u00f3 su precandidatura a Gobernador","author":"AF","date":"22\/05\/2015","format":false,"excerpt":"El secretario de Seguridad de la Naci\u00f3n, Sergio Berni, ratific\u00f3 su precandidatura a gobernador bonaerense y lament\u00f3 las peleas entre postulantes del kirchnerismo. \"S\u00ed, soy precandidato\", respondi\u00f3 el funcionario cuando le consultaron si segu\u00eda en carrera por la Provincia. \"Sigo trabajando, estaba con Diego Bossio, pero sigo optimista y espero\u2026","rel":"","context":"En \u00abElecciones 2015\u00bb","block_context":{"text":"Elecciones 2015","link":"http:\/\/www.24baires.com\/?cat=74"},"img":{"alt_text":"berni","src":"https:\/\/i0.wp.com\/www.24baires.com\/wp-content\/uploads\/2015\/02\/berni.jpg?resize=350%2C200","width":350,"height":200,"srcset":"https:\/\/i0.wp.com\/www.24baires.com\/wp-content\/uploads\/2015\/02\/berni.jpg?resize=350%2C200 1x, https:\/\/i0.wp.com\/www.24baires.com\/wp-content\/uploads\/2015\/02\/berni.jpg?resize=525%2C300 1.5x"},"classes":[]},{"id":113321,"url":"http:\/\/www.24baires.com\/?p=113321","url_meta":{"origin":76110,"position":4},"title":"Sergio Berni ser\u00e1 el ministro de Seguridad de Kicillof","author":"GB","date":"10\/12\/2019","format":false,"excerpt":"El nombre del ex funcionario nacional siempre estuvo en la agenda del gobernador, pero reci\u00e9n este lunes se confirm\u00f3 que reemplazar\u00e1 a Cristian Ritondo En una reuni\u00f3n que se desarroll\u00f3 esta lunes por la tarde se terminaron de delinear las condiciones para que el todav\u00eda senador Sergio Berni, se integre\u2026","rel":"","context":"En \u00abProvincia\u00bb","block_context":{"text":"Provincia","link":"http:\/\/www.24baires.com\/?cat=40"},"img":{"alt_text":"","src":"https:\/\/i0.wp.com\/www.24baires.com\/wp-content\/uploads\/2015\/02\/berni.jpg?resize=350%2C200","width":350,"height":200,"srcset":"https:\/\/i0.wp.com\/www.24baires.com\/wp-content\/uploads\/2015\/02\/berni.jpg?resize=350%2C200 1x, https:\/\/i0.wp.com\/www.24baires.com\/wp-content\/uploads\/2015\/02\/berni.jpg?resize=525%2C300 1.5x"},"classes":[]},{"id":103754,"url":"http:\/\/www.24baires.com\/?p=103754","url_meta":{"origin":76110,"position":5},"title":"El Subsecretario de Educaci\u00f3n brind\u00f3 informes por tragedia de Moreno","author":"GB","date":"08\/08\/2018","format":false,"excerpt":"El cuestionado director de Educaci\u00f3n, Gabriel S\u00e1nchez Zinny, esquiv\u00f3 la confrontaci\u00f3n y envi\u00f3 a su segundo. Pero s\u00f3lo logr\u00f3 caldear m\u00e1s los \u00e1nimos de la oposici\u00f3n. La comisi\u00f3n de Educaci\u00f3n de la C\u00e1mara de Diputados recibi\u00f3 hoy al subsecretario de Educaci\u00f3n de la Direcci\u00f3n General de Cultura y Educaci\u00f3n Sergio\u2026","rel":"","context":"En \u00abProvincia\u00bb","block_context":{"text":"Provincia","link":"http:\/\/www.24baires.com\/?cat=40"},"img":{"alt_text":"","src":"https:\/\/i0.wp.com\/www.24baires.com\/wp-content\/uploads\/2018\/08\/educacion.jpg?resize=350%2C200","width":350,"height":200,"srcset":"https:\/\/i0.wp.com\/www.24baires.com\/wp-content\/uploads\/2018\/08\/educacion.jpg?resize=350%2C200 1x, https:\/\/i0.wp.com\/www.24baires.com\/wp-content\/uploads\/2018\/08\/educacion.jpg?resize=525%2C300 1.5x"},"classes":[]}],"jetpack_sharing_enabled":true,"jetpack_likes_enabled":true,"jetpack_featured_media_url":"","_links":{"self":[{"href":"http:\/\/www.24baires.com\/index.php?rest_route=\/wp\/v2\/posts\/76110","targetHints":{"allow":["GET"]}}],"collection":[{"href":"http:\/\/www.24baires.com\/index.php?rest_route=\/wp\/v2\/posts"}],"about":[{"href":"http:\/\/www.24baires.com\/index.php?rest_route=\/wp\/v2\/types\/post"}],"author":[{"embeddable":true,"href":"http:\/\/www.24baires.com\/index.php?rest_route=\/wp\/v2\/users\/8"}],"replies":[{"embeddable":true,"href":"http:\/\/www.24baires.com\/index.php?rest_route=%2Fwp%2Fv2%2Fcomments&post=76110"}],"version-history":[{"count":1,"href":"http:\/\/www.24baires.com\/index.php?rest_route=\/wp\/v2\/posts\/76110\/revisions"}],"predecessor-version":[{"id":76111,"href":"http:\/\/www.24baires.com\/index.php?rest_route=\/wp\/v2\/posts\/76110\/revisions\/76111"}],"wp:attachment":[{"href":"http:\/\/www.24baires.com\/index.php?rest_route=%2Fwp%2Fv2%2Fmedia&parent=76110"}],"wp:term":[{"taxonomy":"category","embeddable":true,"href":"http:\/\/www.24baires.com\/index.php?rest_route=%2Fwp%2Fv2%2Fcategories&post=76110"},{"taxonomy":"post_tag","embeddable":true,"href":"http:\/\/www.24baires.com\/index.php?rest_route=%2Fwp%2Fv2%2Ftags&post=76110"}],"curies":[{"name":"wp","href":"https:\/\/api.w.org\/{rel}","templated":true}]}}