{"id":76101,"date":"2015-12-08T10:42:54","date_gmt":"2015-12-08T13:42:54","guid":{"rendered":"http:\/\/www.24baires.com\/?p=76101"},"modified":"2015-12-08T10:42:54","modified_gmt":"2015-12-08T13:42:54","slug":"zaffaroni-insistio-en-la-necesidad-de-que-gils-carbo-se-mantenga-en-su-cargo","status":"publish","type":"post","link":"http:\/\/www.24baires.com\/?p=76101","title":{"rendered":"Zaffaroni insisti\u00f3 en la necesidad de que Gils Carb\u00f3 se mantenga en su cargo"},"content":{"rendered":"<p><img data-recalc-dims=\"1\" loading=\"lazy\" decoding=\"async\" src=\"https:\/\/i0.wp.com\/www.24baires.com\/wp-content\/uploads\/2012\/11\/zaffaroni21.jpg?resize=560%2C372\" alt=\"zaffaroni2\" width=\"560\" height=\"372\" class=\"aligncenter size-full wp-image-7360\" srcset=\"https:\/\/i0.wp.com\/www.24baires.com\/wp-content\/uploads\/2012\/11\/zaffaroni21.jpg?w=560 560w, https:\/\/i0.wp.com\/www.24baires.com\/wp-content\/uploads\/2012\/11\/zaffaroni21.jpg?resize=300%2C199 300w\" sizes=\"auto, (max-width: 560px) 100vw, 560px\" \/>El ex juez de la Corte Suprema dijo que es para \u00abimpedir la suma del poder p\u00fablico\u00bb. Adem\u00e1s, evalu\u00f3 que si un grupo minoritario de jueces se \u00absesga\u00bb peligra la legitimidad de la Justicia.<!--more--><\/p>\n<p>Ra\u00fal Zaffaroni insisti\u00f3 hoy en la necesidad de que la Procuradora General de la Naci\u00f3n, Alejandra Gils Carb\u00f3, se mantenga en su cargo para \u00abimpedir la suma del poder p\u00fablico\u00bb y evalu\u00f3 que si un grupo minoritario de jueces se \u00absesga\u00bb, peligra la legitimidad de la Justicia lo que la dejar\u00eda \u00abvulnerable a cualquier locura institucional futura\u00bb.<\/p>\n<p>En el reportaje que brind\u00f3 a P\u00e1gina\/12, el ex juez de la Corte Suprema y actual miembro de la Corte Interamericana de Derechos Humanos, advirti\u00f3 que \u00abel fallo sobre coparticipaci\u00f3n, en un cierto tiempo, va a desfinanciar el sistema previsional\u00bb y que los Decretos de Necesidad y Urgencia (DNU) \u00abno son un instrumento\u00bb presidencial para \u00abeludir al Congreso cuando al Presidente le viene en gana\u00bb.<\/p>\n<p>\u00abLa Constituci\u00f3n le impone que en algunos casos -como la designaci\u00f3n de la Procuradora-, aunque no le guste, -el nuevo Presidente- se lo tanga que aguantar, justamente para impedir la suma del poder p\u00fablico\u00bb, explic\u00f3 Zaffaroni en referencia a la Constituci\u00f3n de 1994.<\/p>\n<p>Por eso record\u00f3 que s\u00f3lo con \u00abun juicio pol\u00edtico\u00bb podr\u00eda ser removida; y apunt\u00f3 que \u00abya\u00bb sabe que \u00abpor DNU quieren reformar la Ley de Ministerio P\u00fablico\u00bb pero que \u00abesos temas se deben discutir en el Congreso\u00bb.<\/p>\n<p>\u00abEl DNU no es un instrumento a disposici\u00f3n del Presidente para eludir al Congreso cuando le viene en gana. Eso es asumir la funci\u00f3n Legislativa, lo que la Constituci\u00f3n proh\u00edbe\u00bb, record\u00f3.<\/p>\n<p>Zaffaroni tambi\u00e9n se refiri\u00f3 al fallo sobre la coparticipaci\u00f3n: \u00abEn este caso, la sentencia afectar\u00e1 en cierto plazo a la seguridad social, pero en modo alguno resuelve la discusi\u00f3n de fondo, que tiene m\u00e1s de un siglo y medio de espera\u00bb.<\/p>\n<p>\u00abVa a desfinanciar el sistema previsional\u00bb, alert\u00f3; y consider\u00f3 que el decreto de la Presidenta Cristina Fern\u00e1ndez de Kirchner lo que hizo fue \u00abigualar\u00bb la situaci\u00f3n de las diferentes jurisdicciones por lo que fue \u00abrazonable\u00bb. De lo contrario, \u00ablas provincias beneficiadas por la sentencia ten\u00edan un privilegio sobre las otras, en especial, (las ricas) sobre las m\u00e1s pobres\u00bb.<\/p>\n<p>Consultado sobre los \u00faltimos dict\u00e1menes, fallos y medidas que surgieron desde el fuero Federal porte\u00f1o, como el allanamiento a la AFSCA o al Banco Central, el ex integrante de la Corte advirti\u00f3 que \u00abcuando una minor\u00eda de jueces se sesga, se va de lado, comienzan las cr\u00edticas a la Justicia, pero el p\u00fablico no distingue y la critica y el desprestigio cae sobre todos los jueces. Esto es peligroso, muy peligroso\u00bb.<\/p>\n<p>\u00abUna Justicia desprestigiada, deslegitimada, es vulnerable a cualquier locura institucional futura, f\u00e1cilmente aplaudida por el p\u00fablico\u00bb, agreg\u00f3.<\/p>\n<p>En otro tramo de la entrevista se refiri\u00f3 a la necesidad de que la Corte Suprema de Justicia cuente con la cantidad de miembros estipulada y sobre el narcotr\u00e1fico destac\u00f3 la necesidad de cuidar las fronteras pero \u00abque Dios nos libre\u00bb de que ese rol sea cumplido por las Fuerzas Armadas que no fueron \u00abpreparadas\u00bb para esa tarea.<\/p>\n<p>Consultado, tambi\u00e9n, sobre si la Corte podr\u00eda intervenir en el traspaso de mando, el especialista fue claro: \u00abLa Corte no va ni puede participar en ning\u00fan traspaso de mando porque el mando se traspasa autom\u00e1ticamente cuando el Presidente jura ante la Asamblea Legislativa, el resto es puro ceremonial, pero no tiene significado institucional alguno\u00bb.<\/p>\n<p>Por eso, aclar\u00f3 que \u00abla banda y el bast\u00f3n se los puede entregar la Corte o su esposa -al Presidente entrante- no tiene importancia institucional\u00bb, finaliz\u00f3 Zaffaroni no sin antes advertir que la discusi\u00f3n al respecto es \u00abin\u00fatil\u00bb porque \u00abhay cosas mucho m\u00e1s importantes en juego\u00bb.<\/p>\n","protected":false},"excerpt":{"rendered":"<p>El ex juez de la Corte Suprema dijo que es para \u00abimpedir la suma del poder p\u00fablico\u00bb. Adem\u00e1s, evalu\u00f3 que si un grupo minoritario de jueces se \u00absesga\u00bb peligra la legitimidad de la Justicia.<\/p>\n","protected":false},"author":8,"featured_media":0,"comment_status":"open","ping_status":"open","sticky":false,"template":"","format":"standard","meta":{"_jetpack_newsletter_access":"","_jetpack_dont_email_post_to_subs":false,"_jetpack_newsletter_tier_id":0,"_jetpack_memberships_contains_paywalled_content":false,"_jetpack_memberships_contains_paid_content":false,"footnotes":""},"categories":[51],"tags":[],"class_list":["post-76101","post","type-post","status-publish","format-standard","hentry","category-politica"],"jetpack_shortlink":"https:\/\/wp.me\/p2JWE0-jNr","jetpack-related-posts":[{"id":75878,"url":"http:\/\/www.24baires.com\/?p=75878","url_meta":{"origin":76101,"position":0},"title":"Zaffaroni descart\u00f3 la posibilidad de que remuevan a Gils Carb\u00f3","author":"AF","date":"02\/12\/2015","format":false,"excerpt":"El juez de la Corte Interamericana, Eugenio Zaffaroni, asegur\u00f3 que la Procuradora General, Alejandra Gils Carb\u00f3, \"tiene las mismas garant\u00edas\" que los ministros del Alto Tribunal por lo que s\u00f3lo se podr\u00eda remover mediante un \"juicio pol\u00edtico\". \"La Dra. Gils Carb\u00f3 es la Procuradora General de la Naci\u00f3n, tiene las\u2026","rel":"","context":"En \u00abJUDICIALES\u00bb","block_context":{"text":"JUDICIALES","link":"http:\/\/www.24baires.com\/?cat=68"},"img":{"alt_text":"zaffaroni3","src":"https:\/\/i0.wp.com\/www.24baires.com\/wp-content\/uploads\/2013\/04\/zaffaroni3.png?resize=350%2C200","width":350,"height":200,"srcset":"https:\/\/i0.wp.com\/www.24baires.com\/wp-content\/uploads\/2013\/04\/zaffaroni3.png?resize=350%2C200 1x, https:\/\/i0.wp.com\/www.24baires.com\/wp-content\/uploads\/2013\/04\/zaffaroni3.png?resize=525%2C300 1.5x"},"classes":[]},{"id":27414,"url":"http:\/\/www.24baires.com\/?p=27414","url_meta":{"origin":76101,"position":1},"title":"La Corte Suprema pidi\u00f3 dictamen a Gils Carb\u00f3 por la Ley de Medios","author":"AF","date":"02\/07\/2013","format":false,"excerpt":"La Corte Suprema de Justicia gir\u00f3 a Alejandra Gils Carb\u00f3 el expediente sobre los recursos extraordinarios presentados por el Estado Nacional y la Afsca sobre la constitucionalidad de algunos art\u00edculos de la Ley de Medios. La Corte Suprema de Justicia decidi\u00f3 enviar a la procuradora general de la Naci\u00f3n, Alejandra\u2026","rel":"","context":"En \u00abMedios\u00bb","block_context":{"text":"Medios","link":"http:\/\/www.24baires.com\/?cat=54"},"img":{"alt_text":"gils_carbo_senado_070812_12_ef_47659","src":"https:\/\/i0.wp.com\/www.24baires.com\/wp-content\/uploads\/2012\/11\/gils_carbo_senado_070812_12_ef_47659.jpg?resize=350%2C200","width":350,"height":200,"srcset":"https:\/\/i0.wp.com\/www.24baires.com\/wp-content\/uploads\/2012\/11\/gils_carbo_senado_070812_12_ef_47659.jpg?resize=350%2C200 1x, https:\/\/i0.wp.com\/www.24baires.com\/wp-content\/uploads\/2012\/11\/gils_carbo_senado_070812_12_ef_47659.jpg?resize=525%2C300 1.5x"},"classes":[]},{"id":18612,"url":"http:\/\/www.24baires.com\/?p=18612","url_meta":{"origin":76101,"position":2},"title":"La Defensora General cree que \u00abdemocratizar la justicia es que est\u00e9 mas cerca de la gente\u00bb","author":"Grupo Sierra","date":"16\/03\/2013","format":false,"excerpt":"La Defensora General de la Naci\u00f3n, Stella Maris Mart\u00ednez, consider\u00f3 hoy que democratizar la justicia \"es estar al servicio de la ciudadan\u00eda\" y sostuvo que es la Corte Suprema de Justicia (CSJ) la que \"tiene que resolver el pago de impuestos\" por parte de los jueces, en el marco de\u2026","rel":"","context":"En \u00abPol\u00edtica\u00bb","block_context":{"text":"Pol\u00edtica","link":"http:\/\/www.24baires.com\/?cat=51"},"img":{"alt_text":"","src":"","width":0,"height":0},"classes":[]},{"id":16946,"url":"http:\/\/www.24baires.com\/?p=16946","url_meta":{"origin":76101,"position":3},"title":"M\u00e1s de 1000 jueces y fiscales participan del \u00abEncuentro por una Justicia Leg\u00edtima\u00bb","author":"Grupo Sierra","date":"27\/02\/2013","format":false,"excerpt":"La primera jornada del encuentro convoc\u00f3 a m\u00e1s de mil jueces, fiscales y defensores p\u00fablicos de todo el pa\u00eds, que coincidieron en las cr\u00edticas al \"actual sesgo corporativo de la denominada `familia judicial`\u201d. El secretario general del Sindicato de Empleados Judiciales, Julio Piumato, pidi\u00f3 el micr\u00f3fono reci\u00e9n llegado al lugar,\u2026","rel":"","context":"En \u00abPol\u00edtica\u00bb","block_context":{"text":"Pol\u00edtica","link":"http:\/\/www.24baires.com\/?cat=51"},"img":{"alt_text":"","src":"https:\/\/i0.wp.com\/www.24baires.com\/wp-content\/uploads\/2013\/02\/encuentro-justicia-legitima.jpg?resize=350%2C200","width":350,"height":200},"classes":[]},{"id":16512,"url":"http:\/\/www.24baires.com\/?p=16512","url_meta":{"origin":76101,"position":4},"title":"Gils Carb\u00f3 critic\u00f3 la preeminencia de abogados en el Consejo de la Magistratura","author":"Grupo Sierra","date":"23\/02\/2013","format":false,"excerpt":"La\u00a0Procuradora\u00a0General de la Naci\u00f3n, Alejandra Gils Carb\u00f3, se refiri\u00f3 entre otros temas a la constituci\u00f3n del Consejo de la Magistratura, considerando que la preeminencia de abogados en ese cuerpo es una actitud corporativa que se debiera combatir: \"Es al ciudadano al que le interesa que la justicia funcione bien y\u2026","rel":"","context":"En \u00abPol\u00edtica\u00bb","block_context":{"text":"Pol\u00edtica","link":"http:\/\/www.24baires.com\/?cat=51"},"img":{"alt_text":"gils_carbo_senado_070812_12_ef_47659","src":"https:\/\/i0.wp.com\/www.24baires.com\/wp-content\/uploads\/2012\/11\/gils_carbo_senado_070812_12_ef_47659.jpg?resize=350%2C200","width":350,"height":200,"srcset":"https:\/\/i0.wp.com\/www.24baires.com\/wp-content\/uploads\/2012\/11\/gils_carbo_senado_070812_12_ef_47659.jpg?resize=350%2C200 1x, https:\/\/i0.wp.com\/www.24baires.com\/wp-content\/uploads\/2012\/11\/gils_carbo_senado_070812_12_ef_47659.jpg?resize=525%2C300 1.5x"},"classes":[]},{"id":16646,"url":"http:\/\/www.24baires.com\/?p=16646","url_meta":{"origin":76101,"position":5},"title":"Esta semana se conmemoran 150 a\u00f1os de la Corte Suprema y empieza el Encuentro \u00abPor una Justicia Leg\u00edtima\u00bb","author":"Grupo Sierra","date":"24\/02\/2013","format":false,"excerpt":"La inauguraci\u00f3n del a\u00f1o judicial por la Corte Suprema de Justicia y el encuentro de magistrados autoconvocados bajo el lema \"Por una justicia leg\u00edtima\" permitir\u00e1n pulsar, en la semana que se inicia, los debates que atraviesan al Poder Judicial, el m\u00e1s herm\u00e9tico de los poderes del Estado y a cuya\u2026","rel":"","context":"En \u00abPol\u00edtica\u00bb","block_context":{"text":"Pol\u00edtica","link":"http:\/\/www.24baires.com\/?cat=51"},"img":{"alt_text":"","src":"","width":0,"height":0},"classes":[]}],"jetpack_sharing_enabled":true,"jetpack_likes_enabled":true,"jetpack_featured_media_url":"","_links":{"self":[{"href":"http:\/\/www.24baires.com\/index.php?rest_route=\/wp\/v2\/posts\/76101","targetHints":{"allow":["GET"]}}],"collection":[{"href":"http:\/\/www.24baires.com\/index.php?rest_route=\/wp\/v2\/posts"}],"about":[{"href":"http:\/\/www.24baires.com\/index.php?rest_route=\/wp\/v2\/types\/post"}],"author":[{"embeddable":true,"href":"http:\/\/www.24baires.com\/index.php?rest_route=\/wp\/v2\/users\/8"}],"replies":[{"embeddable":true,"href":"http:\/\/www.24baires.com\/index.php?rest_route=%2Fwp%2Fv2%2Fcomments&post=76101"}],"version-history":[{"count":1,"href":"http:\/\/www.24baires.com\/index.php?rest_route=\/wp\/v2\/posts\/76101\/revisions"}],"predecessor-version":[{"id":76102,"href":"http:\/\/www.24baires.com\/index.php?rest_route=\/wp\/v2\/posts\/76101\/revisions\/76102"}],"wp:attachment":[{"href":"http:\/\/www.24baires.com\/index.php?rest_route=%2Fwp%2Fv2%2Fmedia&parent=76101"}],"wp:term":[{"taxonomy":"category","embeddable":true,"href":"http:\/\/www.24baires.com\/index.php?rest_route=%2Fwp%2Fv2%2Fcategories&post=76101"},{"taxonomy":"post_tag","embeddable":true,"href":"http:\/\/www.24baires.com\/index.php?rest_route=%2Fwp%2Fv2%2Ftags&post=76101"}],"curies":[{"name":"wp","href":"https:\/\/api.w.org\/{rel}","templated":true}]}}