{"id":76087,"date":"2015-12-07T18:00:59","date_gmt":"2015-12-07T21:00:59","guid":{"rendered":"http:\/\/www.24baires.com\/?p=76087"},"modified":"2015-12-07T12:59:30","modified_gmt":"2015-12-07T15:59:30","slug":"berni-el-peronismo-se-fracturo","status":"publish","type":"post","link":"http:\/\/www.24baires.com\/?p=76087","title":{"rendered":"Berni: \u00abEl peronismo se fractur\u00f3\u00bb"},"content":{"rendered":"<p><img data-recalc-dims=\"1\" loading=\"lazy\" decoding=\"async\" src=\"https:\/\/i0.wp.com\/www.24baires.com\/wp-content\/uploads\/2014\/01\/berni.jpg?resize=560%2C381\" alt=\"berni\" width=\"560\" height=\"381\" class=\"aligncenter size-full wp-image-38662\" srcset=\"https:\/\/i0.wp.com\/www.24baires.com\/wp-content\/uploads\/2014\/01\/berni.jpg?w=560 560w, https:\/\/i0.wp.com\/www.24baires.com\/wp-content\/uploads\/2014\/01\/berni.jpg?resize=300%2C204 300w\" sizes=\"auto, (max-width: 560px) 100vw, 560px\" \/>El secretario de Seguridad admiti\u00f3 que, tras las elecciones nacionales, el Partido Justicialista \u00abse fractur\u00f3\u00bb debido a las \u00abdiferentes miradas hacia el futuro\u00bb que existen en sus dirigentes. Pidi\u00f3 hacer \u00abun profundo an\u00e1lisis\u00bb de la derrota en los comicios.<!--more--><\/p>\n<p>El funcionario explic\u00f3 que el peronismo \u00abse fractur\u00f3\u00bb como consecuencia de \u00ablas miradas totalmente distintas que hay entre sus dirigentes para seguir para adelante\u00bb.<\/p>\n<p>\u00abEs una cuesti\u00f3n de mirada estrat\u00e9gica a futuro\u00bb, argument\u00f3 Berni y sostuvo que sus dirigentes deben hacer \u00abun profundo an\u00e1lisis\u00bb de lo sucedido.<\/p>\n<p>No deber\u00eda haber desbordes en diciembre. En otro orden, se refiri\u00f3 a los eventuales incidentes que pudieran ocurrir en las inmediaciones del Congreso el 10 de diciembre y asegur\u00f3 que ese d\u00eda \u00abno deber\u00eda haber ning\u00fan desborde\u00bb ya que se reforzaron las medidas de seguridad.<\/p>\n<p>\u00abTrabajamos para que el traspaso de mando se haga en paz y tranquilidad\u00bb, remarc\u00f3. Y agreg\u00f3: \u00abQueremos un diciembre tranquilo donde la gente est\u00e9 pensando en la Navidad, el A\u00f1o Nuevo y sus vacaciones\u00bb.<\/p>\n","protected":false},"excerpt":{"rendered":"<p>El secretario de Seguridad admiti\u00f3 que, tras las elecciones nacionales, el Partido Justicialista \u00abse fractur\u00f3\u00bb debido a las \u00abdiferentes miradas hacia el futuro\u00bb que existen en sus dirigentes. Pidi\u00f3 hacer \u00abun profundo an\u00e1lisis\u00bb de la derrota en los comicios.<\/p>\n","protected":false},"author":8,"featured_media":0,"comment_status":"open","ping_status":"open","sticky":false,"template":"","format":"standard","meta":{"_jetpack_newsletter_access":"","_jetpack_dont_email_post_to_subs":false,"_jetpack_newsletter_tier_id":0,"_jetpack_memberships_contains_paywalled_content":false,"_jetpack_memberships_contains_paid_content":false,"footnotes":""},"categories":[51],"tags":[],"class_list":["post-76087","post","type-post","status-publish","format-standard","hentry","category-politica"],"jetpack_shortlink":"https:\/\/wp.me\/p2JWE0-jNd","jetpack-related-posts":[{"id":102417,"url":"http:\/\/www.24baires.com\/?p=102417","url_meta":{"origin":76087,"position":0},"title":"Berni le aclar\u00f3 a Macri que \u00ablas FFAA no est\u00e1n preparadas para la Seguridad Interior\u00bb","author":"AF","date":"29\/05\/2018","format":false,"excerpt":"El ex secretario de Seguridad agreg\u00f3 inmediatamente que \"las Fuerzas de Seguridad est\u00e1n perdiendo el profesionalismo\". Adem\u00e1s dijo que \"lo que pas\u00f3 con Rafael Nahuel es una verg\u00fcenza\". Sergio Berni, el ex secretario de Seguridad y senador bonaerense, se expres\u00f3 sobre las Fuerzas Armadas en el d\u00eda en que se\u2026","rel":"","context":"En \u00abPol\u00edtica\u00bb","block_context":{"text":"Pol\u00edtica","link":"http:\/\/www.24baires.com\/?cat=51"},"img":{"alt_text":"","src":"https:\/\/i0.wp.com\/www.24baires.com\/wp-content\/uploads\/2018\/05\/macri-berni.jpg?resize=350%2C200","width":350,"height":200,"srcset":"https:\/\/i0.wp.com\/www.24baires.com\/wp-content\/uploads\/2018\/05\/macri-berni.jpg?resize=350%2C200 1x, https:\/\/i0.wp.com\/www.24baires.com\/wp-content\/uploads\/2018\/05\/macri-berni.jpg?resize=525%2C300 1.5x"},"classes":[]},{"id":76110,"url":"http:\/\/www.24baires.com\/?p=76110","url_meta":{"origin":76087,"position":1},"title":"Se fractura Bloque de Senadores del Fpv en La Plata, y culpan a Espinoza","author":"GB","date":"08\/12\/2015","format":false,"excerpt":"Sergio Berni ratific\u00f3 el quiebre del kirchnerismo en la C\u00e1mara alta de la provincia de Buenos Aires. El senador bonaerense y secretario de seguridad nacional saliente, Sergio Berni ratific\u00f3 la fractura del bloque del Frente para la Victoria (FPV) en la C\u00e1mara de Senadores de la provincia de Buenos Aires\u2026","rel":"","context":"En \u00abPol\u00edtica\u00bb","block_context":{"text":"Pol\u00edtica","link":"http:\/\/www.24baires.com\/?cat=51"},"img":{"alt_text":"senadobonaerense2-679x350","src":"https:\/\/i0.wp.com\/www.24baires.com\/wp-content\/uploads\/2013\/05\/senadobonaerense2-679x350.jpg?resize=350%2C200","width":350,"height":200,"srcset":"https:\/\/i0.wp.com\/www.24baires.com\/wp-content\/uploads\/2013\/05\/senadobonaerense2-679x350.jpg?resize=350%2C200 1x, https:\/\/i0.wp.com\/www.24baires.com\/wp-content\/uploads\/2013\/05\/senadobonaerense2-679x350.jpg?resize=525%2C300 1.5x"},"classes":[]},{"id":113321,"url":"http:\/\/www.24baires.com\/?p=113321","url_meta":{"origin":76087,"position":2},"title":"Sergio Berni ser\u00e1 el ministro de Seguridad de Kicillof","author":"GB","date":"10\/12\/2019","format":false,"excerpt":"El nombre del ex funcionario nacional siempre estuvo en la agenda del gobernador, pero reci\u00e9n este lunes se confirm\u00f3 que reemplazar\u00e1 a Cristian Ritondo En una reuni\u00f3n que se desarroll\u00f3 esta lunes por la tarde se terminaron de delinear las condiciones para que el todav\u00eda senador Sergio Berni, se integre\u2026","rel":"","context":"En \u00abProvincia\u00bb","block_context":{"text":"Provincia","link":"http:\/\/www.24baires.com\/?cat=40"},"img":{"alt_text":"","src":"https:\/\/i0.wp.com\/www.24baires.com\/wp-content\/uploads\/2015\/02\/berni.jpg?resize=350%2C200","width":350,"height":200,"srcset":"https:\/\/i0.wp.com\/www.24baires.com\/wp-content\/uploads\/2015\/02\/berni.jpg?resize=350%2C200 1x, https:\/\/i0.wp.com\/www.24baires.com\/wp-content\/uploads\/2015\/02\/berni.jpg?resize=525%2C300 1.5x"},"classes":[]},{"id":113577,"url":"http:\/\/www.24baires.com\/?p=113577","url_meta":{"origin":76087,"position":3},"title":"Operativo Sol: m\u00e1s de 3 mil efectivos se trasladaron a la Costa Atl\u00e1ntica","author":"GB","date":"26\/12\/2019","format":false,"excerpt":"El ministro de Seguridad bonaerense, Sergio Berni, adelant\u00f3 que este viernes habr\u00e1 polic\u00edas controlando en diversos lugares de veraneo. El titular de la cartera de Seguridad de la Provincia, Sergio Berni, revel\u00f3 c\u00f3mo se desarrolla el cronograma del Operativo Sol. \u201cYa se est\u00e1n movilizando unos 3.000 efectivos para que el\u2026","rel":"","context":"En \u00abProvincia\u00bb","block_context":{"text":"Provincia","link":"http:\/\/www.24baires.com\/?cat=40"},"img":{"alt_text":"","src":"https:\/\/i0.wp.com\/www.24baires.com\/wp-content\/uploads\/2019\/12\/20191226095933_brni.png?resize=350%2C200","width":350,"height":200,"srcset":"https:\/\/i0.wp.com\/www.24baires.com\/wp-content\/uploads\/2019\/12\/20191226095933_brni.png?resize=350%2C200 1x, https:\/\/i0.wp.com\/www.24baires.com\/wp-content\/uploads\/2019\/12\/20191226095933_brni.png?resize=525%2C300 1.5x"},"classes":[]},{"id":78543,"url":"http:\/\/www.24baires.com\/?p=78543","url_meta":{"origin":76087,"position":4},"title":"Rossi: \u201cMagnetto y Macri deben estar celebrando\u201d","author":"GB","date":"03\/02\/2016","format":false,"excerpt":"El ex ministro de Defensa y legislador del Parlasur reconoci\u00f3 que la fractura del bloque kirchnerista en Diputados \u201cdebilita al espacio\u201d. Consider\u00f3 adem\u00e1s que el 49% que vot\u00f3 al FpV se debe sentir \u201cdefraudado\u201d. El legislador del Parlasur por el Frente Para la Victoria y ex ministro de Defensa, Agust\u00edn\u2026","rel":"","context":"En \u00abPol\u00edtica\u00bb","block_context":{"text":"Pol\u00edtica","link":"http:\/\/www.24baires.com\/?cat=51"},"img":{"alt_text":"rossi","src":"https:\/\/i0.wp.com\/www.24baires.com\/wp-content\/uploads\/2015\/02\/rossi1.jpg?resize=350%2C200","width":350,"height":200,"srcset":"https:\/\/i0.wp.com\/www.24baires.com\/wp-content\/uploads\/2015\/02\/rossi1.jpg?resize=350%2C200 1x, https:\/\/i0.wp.com\/www.24baires.com\/wp-content\/uploads\/2015\/02\/rossi1.jpg?resize=525%2C300 1.5x"},"classes":[]},{"id":119556,"url":"http:\/\/www.24baires.com\/?p=119556","url_meta":{"origin":76087,"position":5},"title":"Cristina pidi\u00f3 construir un \u00abconsenso econ\u00f3mico\u00bb para afrontar los \u00abgraves problemas\u00bb del pa\u00eds","author":"AF","date":"17\/11\/2022","format":false,"excerpt":"La Vicepresidenta encabez\u00f3, en el estadio Diego Maradona en la ciudad de La Plata, su segunda aparici\u00f3n p\u00fablica desde el intento de magnicidio. \"Donde no hay jueces puestos a dedo, el sistema funciona\", remarc\u00f3. La vicepresidenta Cristina Fern\u00e1ndez advirti\u00f3 que \"una sociedad que no sabe lo que pas\u00f3 dif\u00edcilmente pueda\u2026","rel":"","context":"En \u00abPol\u00edtica\u00bb","block_context":{"text":"Pol\u00edtica","link":"http:\/\/www.24baires.com\/?cat=51"},"img":{"alt_text":"","src":"https:\/\/i0.wp.com\/www.24baires.com\/wp-content\/uploads\/2022\/11\/cfk.jpg?resize=350%2C200","width":350,"height":200,"srcset":"https:\/\/i0.wp.com\/www.24baires.com\/wp-content\/uploads\/2022\/11\/cfk.jpg?resize=350%2C200 1x, https:\/\/i0.wp.com\/www.24baires.com\/wp-content\/uploads\/2022\/11\/cfk.jpg?resize=525%2C300 1.5x, https:\/\/i0.wp.com\/www.24baires.com\/wp-content\/uploads\/2022\/11\/cfk.jpg?resize=700%2C400 2x, https:\/\/i0.wp.com\/www.24baires.com\/wp-content\/uploads\/2022\/11\/cfk.jpg?resize=1050%2C600 3x"},"classes":[]}],"jetpack_sharing_enabled":true,"jetpack_likes_enabled":true,"jetpack_featured_media_url":"","_links":{"self":[{"href":"http:\/\/www.24baires.com\/index.php?rest_route=\/wp\/v2\/posts\/76087","targetHints":{"allow":["GET"]}}],"collection":[{"href":"http:\/\/www.24baires.com\/index.php?rest_route=\/wp\/v2\/posts"}],"about":[{"href":"http:\/\/www.24baires.com\/index.php?rest_route=\/wp\/v2\/types\/post"}],"author":[{"embeddable":true,"href":"http:\/\/www.24baires.com\/index.php?rest_route=\/wp\/v2\/users\/8"}],"replies":[{"embeddable":true,"href":"http:\/\/www.24baires.com\/index.php?rest_route=%2Fwp%2Fv2%2Fcomments&post=76087"}],"version-history":[{"count":1,"href":"http:\/\/www.24baires.com\/index.php?rest_route=\/wp\/v2\/posts\/76087\/revisions"}],"predecessor-version":[{"id":76088,"href":"http:\/\/www.24baires.com\/index.php?rest_route=\/wp\/v2\/posts\/76087\/revisions\/76088"}],"wp:attachment":[{"href":"http:\/\/www.24baires.com\/index.php?rest_route=%2Fwp%2Fv2%2Fmedia&parent=76087"}],"wp:term":[{"taxonomy":"category","embeddable":true,"href":"http:\/\/www.24baires.com\/index.php?rest_route=%2Fwp%2Fv2%2Fcategories&post=76087"},{"taxonomy":"post_tag","embeddable":true,"href":"http:\/\/www.24baires.com\/index.php?rest_route=%2Fwp%2Fv2%2Ftags&post=76087"}],"curies":[{"name":"wp","href":"https:\/\/api.w.org\/{rel}","templated":true}]}}