{"id":76082,"date":"2015-12-07T16:00:37","date_gmt":"2015-12-07T19:00:37","guid":{"rendered":"http:\/\/www.24baires.com\/?p=76082"},"modified":"2015-12-07T12:54:23","modified_gmt":"2015-12-07T15:54:23","slug":"macri-no-pedira-expulsar-a-venezuela-del-mercosur","status":"publish","type":"post","link":"http:\/\/www.24baires.com\/?p=76082","title":{"rendered":"Macri no pedir\u00e1 expulsar a Venezuela del Mercosur"},"content":{"rendered":"<p><img data-recalc-dims=\"1\" loading=\"lazy\" decoding=\"async\" src=\"https:\/\/i0.wp.com\/www.24baires.com\/wp-content\/uploads\/2015\/11\/macri1.jpg?resize=560%2C372\" alt=\"macri1\" width=\"560\" height=\"372\" class=\"aligncenter size-full wp-image-75449\" srcset=\"https:\/\/i0.wp.com\/www.24baires.com\/wp-content\/uploads\/2015\/11\/macri1.jpg?w=560 560w, https:\/\/i0.wp.com\/www.24baires.com\/wp-content\/uploads\/2015\/11\/macri1.jpg?resize=300%2C199 300w\" sizes=\"auto, (max-width: 560px) 100vw, 560px\" \/>La designada canciller del futuro gobierno de Macri argument\u00f3, adem\u00e1s, que \u00abnada indica que haya una raz\u00f3n para la aplicaci\u00f3n de la cl\u00e1usula democr\u00e1tica\u00bb, tras el triunfo de la oposici\u00f3n en los comicios legislativos de ese pa\u00eds.<!--more--><\/p>\n<p>La futura canciller del gobierno electo, Susana Malcorra, anunci\u00f3 que tras la derrota del chavismo en los comicios de anoche no pedir\u00e1n la expulsi\u00f3n del pa\u00eds caribe\u00f1o del Mercosur.<\/p>\n<p>\u00abNada indica que haya una raz\u00f3n para la aplicaci\u00f3n de la cl\u00e1usula democr\u00e1tica para sancionar a Venezuela en la pr\u00f3xima reuni\u00f3n del bloque del 21 de diciembre en Asunci\u00f3n del Paraguay\u201d, asegur\u00f3. <\/p>\n<p>\u00abLa cl\u00e1usula democr\u00e1tica se aplica sobre hechos y el hecho era las elecciones del d\u00eda de ayer. Hoy podemos decir que las elecciones han funcionado dentro de lo que el marco democr\u00e1tico establece y todo indica que los resultados -que han sido reconocidos por el Presidente Maduro\u00bb, destac\u00f3 la funcionaria en di\u00e1logo con radio Mitre. <\/p>\n<p>La dirigente se\u00f1al\u00f3 que \u201clos resultados han sido mayoritarios para la oposici\u00f3n, con un n\u00famero de esca\u00f1os por resolverse, pero con la diferencia es significativa\u201d. \u201cCon lo cual, tenemos que esperar que termine, pero nada indica que haya una raz\u00f3n para la aplicaci\u00f3n de la cl\u00e1usula democr\u00e1tica\u00bb, aclar\u00f3 Malcorra en un reportaje radial.<\/p>\n<p>En ese marco, adelant\u00f3 que en las pr\u00f3ximas horas mantendr\u00e1 contactos con sus colegas de la regi\u00f3n para dialogar sobre las elecciones. \u00abHay que felicitar al pueblo venezolano y reconocer que el gobierno ha hecho un gesto muy claro de reconocimiento del resultado de las elecciones\u00bb, finaliz\u00f3.<\/p>\n<p>\u201cAcercarse a EE.UU. no significa alejarse de China\u201d. Malcorra anticip\u00f3, en otra entrevista, cu\u00e1les ser\u00e1n los principales ejes de la pol\u00edtica exterior de nuestro pa\u00eds, las que tendr\u00e1n una impronta \u201cdesideologizada\u201d. \u201cAcercarse a EE.UU. no significa alejarse de China\u201d, enfatiz\u00f3.<\/p>\n","protected":false},"excerpt":{"rendered":"<p>La designada canciller del futuro gobierno de Macri argument\u00f3, adem\u00e1s, que \u00abnada indica que haya una raz\u00f3n para la aplicaci\u00f3n de la cl\u00e1usula democr\u00e1tica\u00bb, tras el triunfo de la oposici\u00f3n en los comicios legislativos de ese pa\u00eds.<\/p>\n","protected":false},"author":8,"featured_media":0,"comment_status":"open","ping_status":"open","sticky":false,"template":"","format":"standard","meta":{"_jetpack_newsletter_access":"","_jetpack_dont_email_post_to_subs":false,"_jetpack_newsletter_tier_id":0,"_jetpack_memberships_contains_paywalled_content":false,"_jetpack_memberships_contains_paid_content":false,"footnotes":""},"categories":[51],"tags":[],"class_list":["post-76082","post","type-post","status-publish","format-standard","hentry","category-politica"],"jetpack_shortlink":"https:\/\/wp.me\/p2JWE0-jN8","jetpack-related-posts":[{"id":106379,"url":"http:\/\/www.24baires.com\/?p=106379","url_meta":{"origin":76082,"position":0},"title":"Macri y Bolsonaro quieren \u00abadaptar el Mercosur al Siglo XXI\u00bb","author":"AF","date":"16\/01\/2019","format":false,"excerpt":"El presidente Mauricio Macri calific\u00f3 de \"estrat\u00e9gica\" la asociaci\u00f3n con Brasil y ambos coincidieron en integrar las econom\u00edas. \"Necesitamos que a los dos nos vaya bien\", sostuvo. Durante su primera reuni\u00f3n bilateral, Mauricio Macri y Jair Bolsonaro celebraron el encuentro y coincidieron en la necesidad de \"adaptar el Mercosur al\u2026","rel":"","context":"En \u00abPol\u00edtica\u00bb","block_context":{"text":"Pol\u00edtica","link":"http:\/\/www.24baires.com\/?cat=51"},"img":{"alt_text":"","src":"https:\/\/i0.wp.com\/www.24baires.com\/wp-content\/uploads\/2019\/01\/macri-bolsonaro-1.jpg?resize=350%2C200","width":350,"height":200,"srcset":"https:\/\/i0.wp.com\/www.24baires.com\/wp-content\/uploads\/2019\/01\/macri-bolsonaro-1.jpg?resize=350%2C200 1x, https:\/\/i0.wp.com\/www.24baires.com\/wp-content\/uploads\/2019\/01\/macri-bolsonaro-1.jpg?resize=525%2C300 1.5x"},"classes":[]},{"id":88413,"url":"http:\/\/www.24baires.com\/?p=88413","url_meta":{"origin":76082,"position":1},"title":"Maduro tild\u00f3 a Macri de \u00abfracasado, demacrado y pelele del imperialismo\u00bb","author":"GB","date":"06\/10\/2016","format":false,"excerpt":"El presidente de Venezuela carg\u00f3 duro contra el mandatario argentino y su pol\u00edtica econ\u00f3mica. Asegur\u00f3 que el gobierno de Cambiemos llen\u00f3 de \"pobreza, de necesidad, de desempleo, de miseria, de desesperanza a Argentina\". Despu\u00e9s las cr\u00edticas del presidente Mauricio Macri al gobierno venezolano en una entrevista con la CNN, el\u2026","rel":"","context":"En \u00abPol\u00edtica\u00bb","block_context":{"text":"Pol\u00edtica","link":"http:\/\/www.24baires.com\/?cat=51"},"img":{"alt_text":"maduro2","src":"https:\/\/i0.wp.com\/www.24baires.com\/wp-content\/uploads\/2013\/03\/maduro2.jpg?resize=350%2C200","width":350,"height":200},"classes":[]},{"id":114108,"url":"http:\/\/www.24baires.com\/?p=114108","url_meta":{"origin":76082,"position":2},"title":"Bolsonaro le propuso a Alberto Fern\u00e1ndez reunirse en marzo","author":"AF","date":"12\/02\/2020","format":false,"excerpt":"Ser\u00eda en el marco de la asunci\u00f3n de Luis Lacalle Pou como presidente de Uruguay. La propuesta se realiz\u00f3 durante la reuni\u00f3n que el mandatario brasile\u00f1o mantuvo con el canciller Felipe Sol\u00e1. El presidente de Brasil, Jair Bolsonaro, le propuso este mi\u00e9rcoles al canciller Felipe Sol\u00e1 reunirse el pr\u00f3ximo 1\u00ba\u2026","rel":"","context":"En \u00abLocales\u00bb","block_context":{"text":"Locales","link":"http:\/\/www.24baires.com\/?cat=38"},"img":{"alt_text":"","src":"https:\/\/i0.wp.com\/www.24baires.com\/wp-content\/uploads\/2018\/10\/bolsonaro-brasil.jpg?resize=350%2C200","width":350,"height":200,"srcset":"https:\/\/i0.wp.com\/www.24baires.com\/wp-content\/uploads\/2018\/10\/bolsonaro-brasil.jpg?resize=350%2C200 1x, https:\/\/i0.wp.com\/www.24baires.com\/wp-content\/uploads\/2018\/10\/bolsonaro-brasil.jpg?resize=525%2C300 1.5x"},"classes":[]},{"id":108607,"url":"http:\/\/www.24baires.com\/?p=108607","url_meta":{"origin":76082,"position":3},"title":"Bolsonaro: \u00abCon Macri compartimos los mismos ideales\u00bb","author":"GB","date":"06\/06\/2019","format":false,"excerpt":"El presidente de Brasil aprovech\u00f3 su visita a Argentina para pedir a los argentinos tener \"mucha responsabilidad y menos emoci\u00f3n\" para votar. El presidente de la Rep\u00fablica Federativa de Brasil, Jair Bolsonaro, pidi\u00f3 a los argentinos tener \"mucha responsabilidad y menos emoci\u00f3n\" para votar en las pr\u00f3ximas elecciones, y agreg\u00f3\u2026","rel":"","context":"En \u00abPol\u00edtica\u00bb","block_context":{"text":"Pol\u00edtica","link":"http:\/\/www.24baires.com\/?cat=51"},"img":{"alt_text":"","src":"https:\/\/i0.wp.com\/www.24baires.com\/wp-content\/uploads\/2019\/06\/macri-bolsonaro.jpg?resize=350%2C200","width":350,"height":200,"srcset":"https:\/\/i0.wp.com\/www.24baires.com\/wp-content\/uploads\/2019\/06\/macri-bolsonaro.jpg?resize=350%2C200 1x, https:\/\/i0.wp.com\/www.24baires.com\/wp-content\/uploads\/2019\/06\/macri-bolsonaro.jpg?resize=525%2C300 1.5x"},"classes":[]},{"id":106515,"url":"http:\/\/www.24baires.com\/?p=106515","url_meta":{"origin":76082,"position":4},"title":"Venezuela: nuevo intento de desplazar a Maduro de la presidencia","author":"AF","date":"23\/01\/2019","format":false,"excerpt":"El Presidente Mauricio Macri se sum\u00f3 a Donald Trump y a los otros mandatarios de la regi\u00f3n que manifestaron su respaldo al titular de la Asamblea Nacional de Venezuela, quien se proclam\u00f3 \u201cpresidente encargado\u201d de ese pa\u00eds. \"Ac\u00e1 no se rinde nadie\", afirm\u00f3 Maduro en un discurso a los venezolanos.\u2026","rel":"","context":"En \u00abInternacionales\u00bb","block_context":{"text":"Internacionales","link":"http:\/\/www.24baires.com\/?cat=73"},"img":{"alt_text":"","src":"https:\/\/i0.wp.com\/www.24baires.com\/wp-content\/uploads\/2019\/01\/guaid%C3%B3.jpg?resize=350%2C200","width":350,"height":200,"srcset":"https:\/\/i0.wp.com\/www.24baires.com\/wp-content\/uploads\/2019\/01\/guaid%C3%B3.jpg?resize=350%2C200 1x, https:\/\/i0.wp.com\/www.24baires.com\/wp-content\/uploads\/2019\/01\/guaid%C3%B3.jpg?resize=525%2C300 1.5x"},"classes":[]},{"id":105853,"url":"http:\/\/www.24baires.com\/?p=105853","url_meta":{"origin":76082,"position":5},"title":"Macri extiende sus vacaciones y no ir\u00e1 a la asunci\u00f3n de Bolsonaro","author":"AF","date":"10\/12\/2018","format":false,"excerpt":"Aunque el canciller Jorge Faurie hab\u00eda asegurado que el Presidente entend\u00eda que \"ten\u00eda que estar como lo har\u00e1n otros mandatarios\", el mandatario decidi\u00f3 no participar y alargar su descanso con la familia. El presidente Mauricio Macri decidi\u00f3 extender las vacaciones que se tomar\u00e1 junto a su familia en el sur\u2026","rel":"","context":"En \u00abPol\u00edtica\u00bb","block_context":{"text":"Pol\u00edtica","link":"http:\/\/www.24baires.com\/?cat=51"},"img":{"alt_text":"","src":"https:\/\/i0.wp.com\/www.24baires.com\/wp-content\/uploads\/2017\/02\/macri-antonia-awada.jpg?resize=350%2C200","width":350,"height":200,"srcset":"https:\/\/i0.wp.com\/www.24baires.com\/wp-content\/uploads\/2017\/02\/macri-antonia-awada.jpg?resize=350%2C200 1x, https:\/\/i0.wp.com\/www.24baires.com\/wp-content\/uploads\/2017\/02\/macri-antonia-awada.jpg?resize=525%2C300 1.5x"},"classes":[]}],"jetpack_sharing_enabled":true,"jetpack_likes_enabled":true,"jetpack_featured_media_url":"","_links":{"self":[{"href":"http:\/\/www.24baires.com\/index.php?rest_route=\/wp\/v2\/posts\/76082","targetHints":{"allow":["GET"]}}],"collection":[{"href":"http:\/\/www.24baires.com\/index.php?rest_route=\/wp\/v2\/posts"}],"about":[{"href":"http:\/\/www.24baires.com\/index.php?rest_route=\/wp\/v2\/types\/post"}],"author":[{"embeddable":true,"href":"http:\/\/www.24baires.com\/index.php?rest_route=\/wp\/v2\/users\/8"}],"replies":[{"embeddable":true,"href":"http:\/\/www.24baires.com\/index.php?rest_route=%2Fwp%2Fv2%2Fcomments&post=76082"}],"version-history":[{"count":1,"href":"http:\/\/www.24baires.com\/index.php?rest_route=\/wp\/v2\/posts\/76082\/revisions"}],"predecessor-version":[{"id":76083,"href":"http:\/\/www.24baires.com\/index.php?rest_route=\/wp\/v2\/posts\/76082\/revisions\/76083"}],"wp:attachment":[{"href":"http:\/\/www.24baires.com\/index.php?rest_route=%2Fwp%2Fv2%2Fmedia&parent=76082"}],"wp:term":[{"taxonomy":"category","embeddable":true,"href":"http:\/\/www.24baires.com\/index.php?rest_route=%2Fwp%2Fv2%2Fcategories&post=76082"},{"taxonomy":"post_tag","embeddable":true,"href":"http:\/\/www.24baires.com\/index.php?rest_route=%2Fwp%2Fv2%2Ftags&post=76082"}],"curies":[{"name":"wp","href":"https:\/\/api.w.org\/{rel}","templated":true}]}}