{"id":76075,"date":"2015-12-07T12:48:53","date_gmt":"2015-12-07T15:48:53","guid":{"rendered":"http:\/\/www.24baires.com\/?p=76075"},"modified":"2015-12-08T10:47:15","modified_gmt":"2015-12-08T13:47:15","slug":"el-mandato-de-cristina-termina-a-las-24-del-10-de-diciembre","status":"publish","type":"post","link":"http:\/\/www.24baires.com\/?p=76075","title":{"rendered":"El mandato de Cristina \u00abtermina a las 24 del 10 de diciembre\u00bb"},"content":{"rendered":"<p><img data-recalc-dims=\"1\" loading=\"lazy\" decoding=\"async\" src=\"https:\/\/i0.wp.com\/www.24baires.com\/wp-content\/uploads\/2015\/08\/cristina-cadena.jpg?resize=560%2C313\" alt=\"cristina cadena\" width=\"560\" height=\"313\" class=\"aligncenter size-full wp-image-70904\" srcset=\"https:\/\/i0.wp.com\/www.24baires.com\/wp-content\/uploads\/2015\/08\/cristina-cadena.jpg?w=560 560w, https:\/\/i0.wp.com\/www.24baires.com\/wp-content\/uploads\/2015\/08\/cristina-cadena.jpg?resize=300%2C168 300w\" sizes=\"auto, (max-width: 560px) 100vw, 560px\" \/>El escribano general de Gobierno emiti\u00f3 un dictamen en el que aclara que el mandato de la Presidenta termina \u00aba las 24 del 10 de diciembre\u00bb, y que Macri, \u00abasume su cargo al prestar juramento ante el Congreso reunido en asamblea\u00bb.<!--more--><\/p>\n<p>\u00abEl mandato de la actual presidenta de la Naci\u00f3n, Cristina Fern\u00e1ndez de Kirchner, expira el 10 de diciembre de 2015, pues los plazos de a\u00f1os se cuentan de fecha a fecha y vencen a la hora 24 del d\u00eda de vencimiento respectivo\u00bb, sostiene el dictamen que Etchegaray elabor\u00f3 a pedido del secretario general de la Presidencia, Eduardo de Pedro.<\/p>\n<p>Asimismo, sostiene que \u00abel presidente electo asume su cargo al prestar juramento ante el Congreso reunido en asamblea\u00bb, tal como lo establece el art\u00edculo 93 de la Constituci\u00f3n Nacional,<\/p>\n<p>Y agrega: \u00abSiendo en consecuencia esa hora la exacta del comienzo de su gesti\u00f3n y el cese del ejercicio de la presidenta saliente\u00bb.<\/p>\n","protected":false},"excerpt":{"rendered":"<p>El escribano general de Gobierno emiti\u00f3 un dictamen en el que aclara que el mandato de la Presidenta termina \u00aba las 24 del 10 de diciembre\u00bb, y que Macri, \u00abasume su cargo al prestar juramento ante el Congreso reunido en asamblea\u00bb.<\/p>\n","protected":false},"author":8,"featured_media":0,"comment_status":"open","ping_status":"open","sticky":false,"template":"","format":"standard","meta":{"_jetpack_newsletter_access":"","_jetpack_dont_email_post_to_subs":false,"_jetpack_newsletter_tier_id":0,"_jetpack_memberships_contains_paywalled_content":false,"_jetpack_memberships_contains_paid_content":false,"footnotes":""},"categories":[51],"tags":[],"class_list":["post-76075","post","type-post","status-publish","format-standard","hentry","category-politica"],"jetpack_shortlink":"https:\/\/wp.me\/p2JWE0-jN1","jetpack-related-posts":[{"id":113318,"url":"http:\/\/www.24baires.com\/?p=113318","url_meta":{"origin":76075,"position":0},"title":"Alberto y Cristina asumen el mando del pa\u00eds con un festival en Plaza de Mayo","author":"GB","date":"10\/12\/2019","format":false,"excerpt":"Ambos prestar\u00e1n juramento en la Asamblea Legislativa en la que el presidente saliente entregar\u00e1 el poder. Este jueves 10 de diciembre quedar\u00e1 en la historia tras el regreso del peronismo al poder luego de cuatro a\u00f1os de gobierno de Mauricio Macri. El presidente electo, Alberto Fern\u00e1ndez, asumir\u00e1 junto a la\u2026","rel":"","context":"En \u00abPol\u00edtica\u00bb","block_context":{"text":"Pol\u00edtica","link":"http:\/\/www.24baires.com\/?cat=51"},"img":{"alt_text":"","src":"https:\/\/i0.wp.com\/www.24baires.com\/wp-content\/uploads\/2019\/11\/cfk-alberto.jpg?resize=350%2C200","width":350,"height":200,"srcset":"https:\/\/i0.wp.com\/www.24baires.com\/wp-content\/uploads\/2019\/11\/cfk-alberto.jpg?resize=350%2C200 1x, https:\/\/i0.wp.com\/www.24baires.com\/wp-content\/uploads\/2019\/11\/cfk-alberto.jpg?resize=525%2C300 1.5x"},"classes":[]},{"id":120740,"url":"http:\/\/www.24baires.com\/?p=120740","url_meta":{"origin":76075,"position":1},"title":"Axel Kicillof asume su segundo mandato al frente de la provincia de Buenos Aires","author":"GB","date":"11\/12\/2023","format":false,"excerpt":"El acto se desarrollar\u00e1 desde las 18 ante los diputados y senadores de la provincia. El gobernador bonaerense, Axel Kicillof, y la vicegobernadora Ver\u00f3nica Magario jurar\u00e1n esta tarde nuevamente en esos cargos ante la Asamblea Legislativa reunida en la C\u00e1mara de Diputados de la provincia de Buenos Aires, con lo\u2026","rel":"","context":"En \u00abProvincia\u00bb","block_context":{"text":"Provincia","link":"http:\/\/www.24baires.com\/?cat=40"},"img":{"alt_text":"","src":"https:\/\/i0.wp.com\/www.24baires.com\/wp-content\/uploads\/2023\/09\/kici-mdp.webp?resize=350%2C200","width":350,"height":200,"srcset":"https:\/\/i0.wp.com\/www.24baires.com\/wp-content\/uploads\/2023\/09\/kici-mdp.webp?resize=350%2C200 1x, https:\/\/i0.wp.com\/www.24baires.com\/wp-content\/uploads\/2023\/09\/kici-mdp.webp?resize=525%2C300 1.5x, https:\/\/i0.wp.com\/www.24baires.com\/wp-content\/uploads\/2023\/09\/kici-mdp.webp?resize=700%2C400 2x"},"classes":[]},{"id":75915,"url":"http:\/\/www.24baires.com\/?p=75915","url_meta":{"origin":76075,"position":2},"title":"\u00abLa Constituci\u00f3n establece que el presidente electo debe asumir en el Congreso\u00bb","author":"GB","date":"02\/12\/2015","format":false,"excerpt":"El abogado constitucionalista Eduardo Barcesat asegur\u00f3 que \"la Constituci\u00f3n establece que el juramento del presidente electo debe prestarse en presencia de la Asamblea Legislativa\", que es donde \"est\u00e1n los representes del pueblo\". Adem\u00e1s explic\u00f3 que sea en ese recinto es un \"s\u00edmbolo de que la voluntad del pueblo est\u00e1 representada\u2026","rel":"","context":"En \u00abPol\u00edtica\u00bb","block_context":{"text":"Pol\u00edtica","link":"http:\/\/www.24baires.com\/?cat=51"},"img":{"alt_text":"","src":"","width":0,"height":0},"classes":[]},{"id":76144,"url":"http:\/\/www.24baires.com\/?p=76144","url_meta":{"origin":76075,"position":3},"title":"El mandato de Cristina Fern\u00e1ndez de Kirchner termina hoy a la medianoche","author":"GB","date":"09\/12\/2015","format":false,"excerpt":"La jueza federal, Servini de Cubr\u00eda confirm\u00f3 que el mandato de Cristina Kircnher termina a las a 23: 59. Se pronunci\u00f3 en similar sentido al dictamen del fiscal federal Jorge Di Lello al hacer lugar a una medida cautelar solicitada por la coalici\u00f3n Cambiemos. La jueza federal con competencia electoral\u2026","rel":"","context":"En \u00abPol\u00edtica\u00bb","block_context":{"text":"Pol\u00edtica","link":"http:\/\/www.24baires.com\/?cat=51"},"img":{"alt_text":"cristina energia","src":"https:\/\/i0.wp.com\/www.24baires.com\/wp-content\/uploads\/2015\/09\/cristina-energia.jpg?resize=350%2C200","width":350,"height":200,"srcset":"https:\/\/i0.wp.com\/www.24baires.com\/wp-content\/uploads\/2015\/09\/cristina-energia.jpg?resize=350%2C200 1x, https:\/\/i0.wp.com\/www.24baires.com\/wp-content\/uploads\/2015\/09\/cristina-energia.jpg?resize=525%2C300 1.5x"},"classes":[]},{"id":76125,"url":"http:\/\/www.24baires.com\/?p=76125","url_meta":{"origin":76075,"position":4},"title":"\u00abNo est\u00e1n dadas las condiciones para que Cristina concurra al Congreso\u00bb","author":"GB","date":"08\/12\/2015","format":false,"excerpt":"La reuni\u00f3n para ultimar detalles para el traspaso de mando no lleg\u00f3 a buen puerto luego de que Cambiemos implementara una medida cautelar para que el mandato de la Presidenta concluya en el primer minuto del jueves 10. \"Entre esto y un golpe de Estado no hay pr\u00e1cticamente diferencias\", expres\u00f3\u2026","rel":"","context":"En \u00abPol\u00edtica\u00bb","block_context":{"text":"Pol\u00edtica","link":"http:\/\/www.24baires.com\/?cat=51"},"img":{"alt_text":"oscar parrilli","src":"https:\/\/i0.wp.com\/www.24baires.com\/wp-content\/uploads\/2014\/04\/oscar-parrilli.jpg?resize=350%2C200","width":350,"height":200,"srcset":"https:\/\/i0.wp.com\/www.24baires.com\/wp-content\/uploads\/2014\/04\/oscar-parrilli.jpg?resize=350%2C200 1x, https:\/\/i0.wp.com\/www.24baires.com\/wp-content\/uploads\/2014\/04\/oscar-parrilli.jpg?resize=525%2C300 1.5x"},"classes":[]},{"id":120726,"url":"http:\/\/www.24baires.com\/?p=120726","url_meta":{"origin":76075,"position":5},"title":"Cristina se despidi\u00f3 de los trabajadores del Senado","author":"AF","date":"05\/12\/2023","format":false,"excerpt":"El encuentro de la Vicepresidenta con trabajadores del Senado de la Naci\u00f3n se realiz\u00f3 este martes en el edificio anexo de la C\u00e1mara alta. Este jueves Cristina Kirchner tomar\u00e1 juramento a los senadores electos y el pr\u00f3ximo domingo abrir\u00e1 la Asamblea Legislativa para la asunci\u00f3n del nuevo gobierno. La vicepresidenta\u2026","rel":"","context":"En \u00abPol\u00edtica\u00bb","block_context":{"text":"Pol\u00edtica","link":"http:\/\/www.24baires.com\/?cat=51"},"img":{"alt_text":"","src":"https:\/\/i0.wp.com\/www.24baires.com\/wp-content\/uploads\/2023\/12\/cfk.jpg?resize=350%2C200","width":350,"height":200,"srcset":"https:\/\/i0.wp.com\/www.24baires.com\/wp-content\/uploads\/2023\/12\/cfk.jpg?resize=350%2C200 1x, https:\/\/i0.wp.com\/www.24baires.com\/wp-content\/uploads\/2023\/12\/cfk.jpg?resize=525%2C300 1.5x, https:\/\/i0.wp.com\/www.24baires.com\/wp-content\/uploads\/2023\/12\/cfk.jpg?resize=700%2C400 2x, https:\/\/i0.wp.com\/www.24baires.com\/wp-content\/uploads\/2023\/12\/cfk.jpg?resize=1050%2C600 3x"},"classes":[]}],"jetpack_sharing_enabled":true,"jetpack_likes_enabled":true,"jetpack_featured_media_url":"","_links":{"self":[{"href":"http:\/\/www.24baires.com\/index.php?rest_route=\/wp\/v2\/posts\/76075","targetHints":{"allow":["GET"]}}],"collection":[{"href":"http:\/\/www.24baires.com\/index.php?rest_route=\/wp\/v2\/posts"}],"about":[{"href":"http:\/\/www.24baires.com\/index.php?rest_route=\/wp\/v2\/types\/post"}],"author":[{"embeddable":true,"href":"http:\/\/www.24baires.com\/index.php?rest_route=\/wp\/v2\/users\/8"}],"replies":[{"embeddable":true,"href":"http:\/\/www.24baires.com\/index.php?rest_route=%2Fwp%2Fv2%2Fcomments&post=76075"}],"version-history":[{"count":1,"href":"http:\/\/www.24baires.com\/index.php?rest_route=\/wp\/v2\/posts\/76075\/revisions"}],"predecessor-version":[{"id":76076,"href":"http:\/\/www.24baires.com\/index.php?rest_route=\/wp\/v2\/posts\/76075\/revisions\/76076"}],"wp:attachment":[{"href":"http:\/\/www.24baires.com\/index.php?rest_route=%2Fwp%2Fv2%2Fmedia&parent=76075"}],"wp:term":[{"taxonomy":"category","embeddable":true,"href":"http:\/\/www.24baires.com\/index.php?rest_route=%2Fwp%2Fv2%2Fcategories&post=76075"},{"taxonomy":"post_tag","embeddable":true,"href":"http:\/\/www.24baires.com\/index.php?rest_route=%2Fwp%2Fv2%2Ftags&post=76075"}],"curies":[{"name":"wp","href":"https:\/\/api.w.org\/{rel}","templated":true}]}}