{"id":76072,"date":"2015-12-06T20:00:01","date_gmt":"2015-12-06T23:00:01","guid":{"rendered":"http:\/\/www.24baires.com\/?p=76072"},"modified":"2015-12-07T12:49:29","modified_gmt":"2015-12-07T15:49:29","slug":"cristina-la-autoridad-no-se-construye-con-colores-y-mucho-menos-gritandole-a-una-mujer","status":"publish","type":"post","link":"http:\/\/www.24baires.com\/?p=76072","title":{"rendered":"Cristina: \u00abLa autoridad no se construye con colores y mucho menos grit\u00e1ndole a una mujer\u00bb"},"content":{"rendered":"<p><img data-recalc-dims=\"1\" loading=\"lazy\" decoding=\"async\" src=\"https:\/\/i0.wp.com\/www.24baires.com\/wp-content\/uploads\/2015\/09\/cristina-energia.jpg?resize=560%2C373\" alt=\"cristina energia\" width=\"560\" height=\"373\" class=\"aligncenter size-full wp-image-71658\" srcset=\"https:\/\/i0.wp.com\/www.24baires.com\/wp-content\/uploads\/2015\/09\/cristina-energia.jpg?w=560 560w, https:\/\/i0.wp.com\/www.24baires.com\/wp-content\/uploads\/2015\/09\/cristina-energia.jpg?resize=300%2C200 300w\" sizes=\"auto, (max-width: 560px) 100vw, 560px\" \/>La presidenta public\u00f3 en su p\u00e1gina web un texto en el cuenta la conversaci\u00f3n que mantuvo con el presidente electo, Mauricio Macri, acerca del lugar de la ceremonia de traspaso del mando.<!--more--><\/p>\n<p>La Presidenta de la Naci\u00f3n, Cristina Fern\u00e1ndez de Kirchner, public\u00f3 en su p\u00e1gina web y en las redes sociales un texto en el que cuenta detalles de una converssaci\u00f3n que mantuvo con el presidente electo Mauricio Macri en virtud de la discusi\u00f3n sobre el lugar en el que se har\u00e1 la entrega de los atributos del Poder Ejecutivo.<\/p>\n<p>\u00abMe pasan el celu y el presidente electo comenz\u00f3 con un elevado tono de voz a exigirme que deb\u00eda entregarle bast\u00f3n y banda presidenciales en la Casa Rosada porque era \u201csu ceremonia\u201d y que si no lo hac\u00eda como \u00e9l dec\u00eda\u2026<\/p>\n<p>\u00a1La Corte Suprema de Justicia de La Naci\u00f3n! le iba a entregar los atributos, porque ya hab\u00edan consultado.Debo confesar que me sorprendi\u00f3 la exaltada \u2013eufemismo de gritos- verborragia de presidente electo. (&#8230;) A tal punto que en un momento tuve que que recordarle que m\u00e1s all\u00e1 de nuestras investiduras, el era un hombre y yo una mujer y que no corresponde que me tratara de esa forma.\u00bb, cont\u00f3 Cristina.<\/p>\n<p>\u00abEl presidente electo sigui\u00f3 gritando y diciendo que no es as\u00ed, que lo tengo que esperar en la Casa Rosada despu\u00e9s de que el jure y hable en el Congreso y all\u00ed entregarle el bast\u00f3n y la banda. Trat\u00e9 de explicarle que despu\u00e9s que el jure yo ya no soy m\u00e1s Presidenta y que por eso tengo que entregarle banda y bast\u00f3n ni bien \u00e9l termine de jurar en forma simult\u00e1nea, y es ah\u00ed cuando me dice, muy enojado, que yo lo tengo que acompa\u00f1ar -y me vuelve a repetir- porque es \u201csu ceremonia\u201d.<\/p>\n<p>Bueno ah\u00ed pens\u00e9 hasta ac\u00e1 lleg\u00f3 mi amor y le recuerdo 3 cosas: la 1ra, que no soy su acompa\u00f1ante.<\/p>\n<p>La 2da, que el 10\/12 no es su fiesta de cumplea\u00f1os sino el d\u00eda que asume como Presidente de todos los argentinos en un sistema democr\u00e1tico al que hay que respetar y que su s\u00edmbolo mayor es la Asamblea Legislativa donde jura como Presidente y donde quien termina su per\u00edodo le entrega el mando.<\/p>\n<p>La 3ra, que no pienso seguir tolerando en silencio, como hasta ahora, el maltrato personal y p\u00fablico que viene dispensando desde el mismo d\u00eda en que lo invite a Olivos luego de felicitarlo por su triunfo. Ni tampoco las mentiras que se siguen propalando merced a una impunidad medi\u00e1tica nunca antes vista\u2026\u00bb, agreg\u00f3 la Presidenta en otra parte del relato.<\/p>\n<p>Finalmente, y tras enumerar las decisiones tomadas por el gobierno saliente en funci\u00f3n de colaborar con la transici\u00f3n y la gobernabilidad futura, la Presidenta calific\u00f3 al episodio, en funci\u00f3n de la tapa del Clar\u00edn de hoy: \u00abLo de ayer no fue una llamada telef\u00f3nica para hablar sobre ninguna ceremonia. Fue simplemente, una operaci\u00f3n medi\u00e1tica m\u00e1s en donde la sociedad deb\u00eda leer: Macri le orden\u00f3 a Cristina que ten\u00eda que entregarle la banda y bast\u00f3n en la Casa Rosada\u00bb.<\/p>\n<p>En cuanto a la autoridad de un gobierno o de un presidente: No se construye ni con colores, ni con im\u00e1genes y mucho menos grit\u00e1ndole a una mujer. Es algo m\u00e1s simple pero al mismo tiempo dif\u00edcil. Gesti\u00f3n cotidiana y confianza de la sociedad de que no se va a gobernar en contra de ella.<\/p>\n<p>Mientras tanto en la realidad cotidiana est\u00e1n sucediendo cosas producto de acciones y dichos del futuro gobierno que est\u00e1n afectando y afectar\u00e1n a\u00fan m\u00e1s la vida de la gente. Ya lo dije en YPF hace 2 semanas no dejemos que mientras discutimos banalidades y trivialidades nos pasen los elefantes por detr\u00e1s.<\/p>\n<p>Una vez m\u00e1s la realidad oculta por la impunidad medi\u00e1tica.\u00bb, cerr\u00f3 la primera mandataria.<\/p>\n","protected":false},"excerpt":{"rendered":"<p>La presidenta public\u00f3 en su p\u00e1gina web un texto en el cuenta la conversaci\u00f3n que mantuvo con el presidente electo, Mauricio Macri, acerca del lugar de la ceremonia de traspaso del mando.<\/p>\n","protected":false},"author":8,"featured_media":0,"comment_status":"open","ping_status":"open","sticky":false,"template":"","format":"standard","meta":{"_jetpack_newsletter_access":"","_jetpack_dont_email_post_to_subs":false,"_jetpack_newsletter_tier_id":0,"_jetpack_memberships_contains_paywalled_content":false,"_jetpack_memberships_contains_paid_content":false,"footnotes":""},"categories":[51],"tags":[],"class_list":["post-76072","post","type-post","status-publish","format-standard","hentry","category-politica"],"jetpack_shortlink":"https:\/\/wp.me\/p2JWE0-jMY","jetpack-related-posts":[{"id":113318,"url":"http:\/\/www.24baires.com\/?p=113318","url_meta":{"origin":76072,"position":0},"title":"Alberto y Cristina asumen el mando del pa\u00eds con un festival en Plaza de Mayo","author":"GB","date":"10\/12\/2019","format":false,"excerpt":"Ambos prestar\u00e1n juramento en la Asamblea Legislativa en la que el presidente saliente entregar\u00e1 el poder. Este jueves 10 de diciembre quedar\u00e1 en la historia tras el regreso del peronismo al poder luego de cuatro a\u00f1os de gobierno de Mauricio Macri. El presidente electo, Alberto Fern\u00e1ndez, asumir\u00e1 junto a la\u2026","rel":"","context":"En \u00abPol\u00edtica\u00bb","block_context":{"text":"Pol\u00edtica","link":"http:\/\/www.24baires.com\/?cat=51"},"img":{"alt_text":"","src":"https:\/\/i0.wp.com\/www.24baires.com\/wp-content\/uploads\/2019\/11\/cfk-alberto.jpg?resize=350%2C200","width":350,"height":200,"srcset":"https:\/\/i0.wp.com\/www.24baires.com\/wp-content\/uploads\/2019\/11\/cfk-alberto.jpg?resize=350%2C200 1x, https:\/\/i0.wp.com\/www.24baires.com\/wp-content\/uploads\/2019\/11\/cfk-alberto.jpg?resize=525%2C300 1.5x"},"classes":[]},{"id":120679,"url":"http:\/\/www.24baires.com\/?p=120679","url_meta":{"origin":76072,"position":1},"title":"Cristina recibir\u00e1 a la vicepresidenta electa Victoria Villarruel","author":"AF","date":"21\/11\/2023","format":false,"excerpt":"La Presidencia de la c\u00e1mara alta anunci\u00f3 la reuni\u00f3n, prevista para las 17, la cual continuar\u00e1 el proceso de transici\u00f3n que iniciaron este martes el presidente Alberto Fern\u00e1ndez y el electo Javier Milei con un encuentro de dos horas y media que mantuvieron en la residencia de Olivos. La vicepresidenta\u2026","rel":"","context":"En \u00abPol\u00edtica\u00bb","block_context":{"text":"Pol\u00edtica","link":"http:\/\/www.24baires.com\/?cat=51"},"img":{"alt_text":"","src":"https:\/\/i0.wp.com\/www.24baires.com\/wp-content\/uploads\/2023\/11\/WhatsApp-Image-2023-11-21-at-23.37.46.jpeg?resize=350%2C200","width":350,"height":200,"srcset":"https:\/\/i0.wp.com\/www.24baires.com\/wp-content\/uploads\/2023\/11\/WhatsApp-Image-2023-11-21-at-23.37.46.jpeg?resize=350%2C200 1x, https:\/\/i0.wp.com\/www.24baires.com\/wp-content\/uploads\/2023\/11\/WhatsApp-Image-2023-11-21-at-23.37.46.jpeg?resize=525%2C300 1.5x, https:\/\/i0.wp.com\/www.24baires.com\/wp-content\/uploads\/2023\/11\/WhatsApp-Image-2023-11-21-at-23.37.46.jpeg?resize=700%2C400 2x, https:\/\/i0.wp.com\/www.24baires.com\/wp-content\/uploads\/2023\/11\/WhatsApp-Image-2023-11-21-at-23.37.46.jpeg?resize=1050%2C600 3x"},"classes":[]},{"id":76116,"url":"http:\/\/www.24baires.com\/?p=76116","url_meta":{"origin":76072,"position":2},"title":"\u00abEl traspaso de mando ser\u00e1 en el Congreso como corresponde\u00bb, dijo Macri","author":"GB","date":"08\/12\/2015","format":false,"excerpt":"As\u00ed lo hab\u00eda asegurado el presidente electo el 24 de noviembre luego de su reuni\u00f3n con la actual mandataria Cristina Kirchner. \"Me alegr\u00f3 que ella haya ratificado que estaba muy bien predispuesta a hacer la ceremonia como corresponde\". Lejos de la pol\u00e9mica de los \u00faltimos d\u00edas sobre el lugar donde\u2026","rel":"","context":"En \u00abPol\u00edtica\u00bb","block_context":{"text":"Pol\u00edtica","link":"http:\/\/www.24baires.com\/?cat=51"},"img":{"alt_text":"Cristina.Macri","src":"https:\/\/i0.wp.com\/www.24baires.com\/wp-content\/uploads\/2013\/09\/Cristina.Macri_.jpg?resize=350%2C200","width":350,"height":200,"srcset":"https:\/\/i0.wp.com\/www.24baires.com\/wp-content\/uploads\/2013\/09\/Cristina.Macri_.jpg?resize=350%2C200 1x, https:\/\/i0.wp.com\/www.24baires.com\/wp-content\/uploads\/2013\/09\/Cristina.Macri_.jpg?resize=525%2C300 1.5x"},"classes":[]},{"id":112752,"url":"http:\/\/www.24baires.com\/?p=112752","url_meta":{"origin":76072,"position":3},"title":"Alberto Fern\u00e1ndez design\u00f3 el equipo que coordinar\u00e1 la transici\u00f3n","author":"AF","date":"28\/10\/2019","format":false,"excerpt":"El presidente electo Alberto Fern\u00e1ndez dispuso que Santiago Cafiero, Eduardo \"Wado\" De Pedro, Vilma Ibarra y Gustavo B\u00e9liz lideren la transici\u00f3n hasta su asunci\u00f3n. El presidente saliente Mauricio Macri recibi\u00f3 este lunes en Casa Rosada al presidente electo Alberto Fern\u00e1ndez para dar inicio al a transici\u00f3n que culminar\u00e1 el pr\u00f3ximo\u2026","rel":"","context":"En \u00abPol\u00edtica\u00bb","block_context":{"text":"Pol\u00edtica","link":"http:\/\/www.24baires.com\/?cat=51"},"img":{"alt_text":"","src":"https:\/\/i0.wp.com\/www.24baires.com\/wp-content\/uploads\/2019\/10\/equipo.jpg?resize=350%2C200","width":350,"height":200,"srcset":"https:\/\/i0.wp.com\/www.24baires.com\/wp-content\/uploads\/2019\/10\/equipo.jpg?resize=350%2C200 1x, https:\/\/i0.wp.com\/www.24baires.com\/wp-content\/uploads\/2019\/10\/equipo.jpg?resize=525%2C300 1.5x"},"classes":[]},{"id":113186,"url":"http:\/\/www.24baires.com\/?p=113186","url_meta":{"origin":76072,"position":4},"title":"Alberto y Macri compartir\u00e1n la misa por la \u00abunidad y la paz\u00bb en Luj\u00e1n","author":"AF","date":"28\/11\/2019","format":false,"excerpt":"Ser\u00e1 a las 11 del D\u00eda de la Inmaculada Concepci\u00f3n en la bas\u00edlica. Ser\u00e1 el segundo encuentro p\u00fablico despu\u00e9s las elecciones del 27 de octubre en las que el actual mandatario perdi\u00f3 en primera vuelta. El presidente electo Alberto Fern\u00e1ndez y el saliente Mauricio Macri compartir\u00e1n el 8 de diciembre,\u2026","rel":"","context":"En \u00abPol\u00edtica\u00bb","block_context":{"text":"Pol\u00edtica","link":"http:\/\/www.24baires.com\/?cat=51"},"img":{"alt_text":"","src":"https:\/\/i0.wp.com\/www.24baires.com\/wp-content\/uploads\/2019\/08\/fern%C3%A1ndez-alberto-macri.jpg?resize=350%2C200","width":350,"height":200,"srcset":"https:\/\/i0.wp.com\/www.24baires.com\/wp-content\/uploads\/2019\/08\/fern%C3%A1ndez-alberto-macri.jpg?resize=350%2C200 1x, https:\/\/i0.wp.com\/www.24baires.com\/wp-content\/uploads\/2019\/08\/fern%C3%A1ndez-alberto-macri.jpg?resize=525%2C300 1.5x"},"classes":[]},{"id":75928,"url":"http:\/\/www.24baires.com\/?p=75928","url_meta":{"origin":76072,"position":5},"title":"Confirman que la ceremonia de traspaso ser\u00e1 en el Congreso","author":"AF","date":"03\/12\/2015","format":false,"excerpt":"El jefe de Gabinete, An\u00edbal Fern\u00e1ndez, confirm\u00f3 este jueves que \"ya se cursaron las invitaciones\" para el acto de traspaso del mando, que se realizar\u00e1 el pr\u00f3ximo 10 de diciembre al mediod\u00eda en el Congreso y volvi\u00f3 a rechazar que la ceremonia pueda tener lugar en la Casa Rosada. \"Ya\u2026","rel":"","context":"En \u00abPol\u00edtica\u00bb","block_context":{"text":"Pol\u00edtica","link":"http:\/\/www.24baires.com\/?cat=51"},"img":{"alt_text":"","src":"","width":0,"height":0},"classes":[]}],"jetpack_sharing_enabled":true,"jetpack_likes_enabled":true,"jetpack_featured_media_url":"","_links":{"self":[{"href":"http:\/\/www.24baires.com\/index.php?rest_route=\/wp\/v2\/posts\/76072","targetHints":{"allow":["GET"]}}],"collection":[{"href":"http:\/\/www.24baires.com\/index.php?rest_route=\/wp\/v2\/posts"}],"about":[{"href":"http:\/\/www.24baires.com\/index.php?rest_route=\/wp\/v2\/types\/post"}],"author":[{"embeddable":true,"href":"http:\/\/www.24baires.com\/index.php?rest_route=\/wp\/v2\/users\/8"}],"replies":[{"embeddable":true,"href":"http:\/\/www.24baires.com\/index.php?rest_route=%2Fwp%2Fv2%2Fcomments&post=76072"}],"version-history":[{"count":1,"href":"http:\/\/www.24baires.com\/index.php?rest_route=\/wp\/v2\/posts\/76072\/revisions"}],"predecessor-version":[{"id":76073,"href":"http:\/\/www.24baires.com\/index.php?rest_route=\/wp\/v2\/posts\/76072\/revisions\/76073"}],"wp:attachment":[{"href":"http:\/\/www.24baires.com\/index.php?rest_route=%2Fwp%2Fv2%2Fmedia&parent=76072"}],"wp:term":[{"taxonomy":"category","embeddable":true,"href":"http:\/\/www.24baires.com\/index.php?rest_route=%2Fwp%2Fv2%2Fcategories&post=76072"},{"taxonomy":"post_tag","embeddable":true,"href":"http:\/\/www.24baires.com\/index.php?rest_route=%2Fwp%2Fv2%2Ftags&post=76072"}],"curies":[{"name":"wp","href":"https:\/\/api.w.org\/{rel}","templated":true}]}}