{"id":76063,"date":"2015-12-06T17:00:01","date_gmt":"2015-12-06T20:00:01","guid":{"rendered":"http:\/\/www.24baires.com\/?p=76063"},"modified":"2015-12-06T11:38:08","modified_gmt":"2015-12-06T14:38:08","slug":"moyano-advirtio-a-macri-no-dejaremos-que-se-pierda-el-poder-adquisitivo","status":"publish","type":"post","link":"http:\/\/www.24baires.com\/?p=76063","title":{"rendered":"Moyano advirti\u00f3 a Macri: \u00abNo dejaremos que se pierda el poder adquisitivo\u00bb"},"content":{"rendered":"<p><img data-recalc-dims=\"1\" loading=\"lazy\" decoding=\"async\" src=\"https:\/\/i0.wp.com\/www.24baires.com\/wp-content\/uploads\/2012\/11\/moyano.jpg?resize=560%2C335\" alt=\"moyano\" width=\"560\" height=\"335\" class=\"aligncenter size-full wp-image-5580\" srcset=\"https:\/\/i0.wp.com\/www.24baires.com\/wp-content\/uploads\/2012\/11\/moyano.jpg?w=560 560w, https:\/\/i0.wp.com\/www.24baires.com\/wp-content\/uploads\/2012\/11\/moyano.jpg?resize=300%2C179 300w\" sizes=\"auto, (max-width: 560px) 100vw, 560px\" \/>El jefe de la CGT, Hugo Moyano, advirti\u00f3 este s\u00e1bado de cara a las paritarias del a\u00f1o pr\u00f3ximo que \u00abel movimiento obrero no est\u00e1 dispuesto a que el trabajador pierda poder adquisitivo del salario\u00bb, porque alert\u00f3 que en ese caso el pa\u00eds \u00abcambiar\u00e1 para mal\u00bb en lugar de hacerlo \u00abpara bien\u00bb.<!--more--><\/p>\n<p>\u00abLo que todo el mundo tiene que entender, y en particular el Gobierno, es que el movimiento obrero no est\u00e1 dispuesto a que el trabajador pierda poder adquisitivo del salario\u00bb, dijo ante el recambio de autoridades del 10 de diciembre.<\/p>\n<p>Y complet\u00f3: \u00abSino, retrocedemos antes de avanzar y cambiamos para mal, en vez de cambiar para bien\u00bb. <\/p>\n<p>En ese sentido, apunt\u00f3 que \u00abcada gremio manejar\u00e1 las paritarias de acuerdo a la p\u00e9rdida de poder adquisitivo del salario\u00bb.<\/p>\n<p>El referente sindical plante\u00f3 que \u00abel esfuerzo de evitar que se descuente el impuesto perverso al trabajo en el aguinaldo\u00bb, en referencia al gravamen de Ganancias, \u00abser\u00eda un mensaje muy importante para los trabajadores\u00bb en el fin de a\u00f1o.<\/p>\n<p>Moyano, quien es jefe de la CGT que funciona en la calle Azopardo y del gremio de choferes de camiones remarc\u00f3 que, en caso contrario, \u00abel trabajador pr\u00e1cticamente pierde su aguinaldo\u00bb.<\/p>\n<p>En declaraciones a radio Continental, insisti\u00f3 en que \u00abuno de los temas que ir\u00eda a poner en pr\u00e1ctica\u00bb el gobierno del presidente electo, Mauricio Macri, \u00abser\u00eda el descuento\u00bb de ese gravamen \u00aben el aguinaldo\u00bb y \u00abdespu\u00e9s modificar este impuesto al trabajo que le hace tanto da\u00f1o a muchos millones de trabajadores\u00bb.<\/p>\n<p>Asimismo, consider\u00f3 que \u00absi hay un 28 por ciento de inflaci\u00f3n\u00bb, como establecen \u00ablos estudios de la CGT\u00bb, la administraci\u00f3n macrista no puede \u00abseguir\u00bb con los \u00edndices menores que marca \u00abla inflaci\u00f3n del INDEC\u00bb.<\/p>\n<p>Moyano advirti\u00f3 en ese sentido que \u00absi no, estar\u00edamos diciendo todo lo contrario a lo que dijimos en la campa\u00f1a\u00bb presidencial de Cambiemos.<\/p>\n<p>\u00abTenemos la suficiente responsabilidad desde el sector gremial, como desde sectores empresarios y desde el Gobierno, para poder acordar un salario que permita al trabajador mantener el poder adquisitivo del mismo\u00bb, subray\u00f3. <\/p>\n","protected":false},"excerpt":{"rendered":"<p>El jefe de la CGT, Hugo Moyano, advirti\u00f3 este s\u00e1bado de cara a las paritarias del a\u00f1o pr\u00f3ximo que \u00abel movimiento obrero no est\u00e1 dispuesto a que el trabajador pierda poder adquisitivo del salario\u00bb, porque alert\u00f3 que en ese caso el pa\u00eds \u00abcambiar\u00e1 para mal\u00bb en lugar de hacerlo \u00abpara bien\u00bb.<\/p>\n","protected":false},"author":8,"featured_media":0,"comment_status":"open","ping_status":"open","sticky":false,"template":"","format":"standard","meta":{"_jetpack_newsletter_access":"","_jetpack_dont_email_post_to_subs":false,"_jetpack_newsletter_tier_id":0,"_jetpack_memberships_contains_paywalled_content":false,"_jetpack_memberships_contains_paid_content":false,"footnotes":""},"categories":[51],"tags":[],"class_list":["post-76063","post","type-post","status-publish","format-standard","hentry","category-politica"],"jetpack_shortlink":"https:\/\/wp.me\/p2JWE0-jMP","jetpack-related-posts":[{"id":13330,"url":"http:\/\/www.24baires.com\/?p=13330","url_meta":{"origin":76063,"position":0},"title":"Moyano pide desdoblar las paritarias y un piso del 25 por ciento","author":"Grupo Sierra","date":"23\/01\/2013","format":false,"excerpt":"El titular de la CGT opositora realiz\u00f3 ese reclamo para que \"el salario no pierda poder adquisitivo\" e insisti\u00f3 para que ese porcentaje sea el piso en la negociaci\u00f3n y no el tope como pidieron algunos empresarios. El secretario general de la CGT opositora, Hugo Moyano, advirti\u00f3 este mi\u00e9rcoles que\u2026","rel":"","context":"En \u00abEconom\u00eda\u00bb","block_context":{"text":"Econom\u00eda","link":"http:\/\/www.24baires.com\/?cat=45"},"img":{"alt_text":"moyano desdoble","src":"https:\/\/i0.wp.com\/www.24baires.com\/wp-content\/uploads\/2013\/01\/moyano-desdoble-300x226.jpg?resize=350%2C200","width":350,"height":200},"classes":[]},{"id":113223,"url":"http:\/\/www.24baires.com\/?p=113223","url_meta":{"origin":76063,"position":1},"title":"Camioneros amenaza con un paro general de 48 horas si no hay bono de fin de a\u00f1o","author":"AF","date":"02\/12\/2019","format":false,"excerpt":"Lo dijo en el marco de la movilizaci\u00f3n que Camioneros realiz\u00f3 al ministerio de Producci\u00f3n y Trabajo. El secretario adjunto del Sindicato de Choferes de Camiones, Pablo Moyano, encabez\u00f3 una marcha hasta el Ministerio de Producci\u00f3n y Trabajo en reclamo de la reapertura de paritarias y un bono de fin\u2026","rel":"","context":"En \u00abSociedad\u00bb","block_context":{"text":"Sociedad","link":"http:\/\/www.24baires.com\/?cat=1"},"img":{"alt_text":"","src":"https:\/\/i0.wp.com\/www.24baires.com\/wp-content\/uploads\/2018\/10\/pablo-moyano.jpg?resize=350%2C200","width":350,"height":200,"srcset":"https:\/\/i0.wp.com\/www.24baires.com\/wp-content\/uploads\/2018\/10\/pablo-moyano.jpg?resize=350%2C200 1x, https:\/\/i0.wp.com\/www.24baires.com\/wp-content\/uploads\/2018\/10\/pablo-moyano.jpg?resize=525%2C300 1.5x"},"classes":[]},{"id":108467,"url":"http:\/\/www.24baires.com\/?p=108467","url_meta":{"origin":76063,"position":2},"title":"29M: \u00abEl paro demuestra el rechazo a las pol\u00edticas del Gobierno\u00bb, dijo Moyano","author":"GB","date":"29\/05\/2019","format":false,"excerpt":"El secretario general del sindicato de Camioneros dijo que la medida fue \"muy efectiva\" y que demuestra la necesidad de la gente de \"mostrar el mal momento que est\u00e1 pasando\". El secretario general de Camioneros, Hugo Moyano, dijo que \"el paro ha sido muy efectivo, con mucha adhesi\u00f3n; lo hablamos\u2026","rel":"","context":"En \u00abPol\u00edtica\u00bb","block_context":{"text":"Pol\u00edtica","link":"http:\/\/www.24baires.com\/?cat=51"},"img":{"alt_text":"","src":"https:\/\/i0.wp.com\/www.24baires.com\/wp-content\/uploads\/2018\/06\/moyano.jpg?resize=350%2C200","width":350,"height":200,"srcset":"https:\/\/i0.wp.com\/www.24baires.com\/wp-content\/uploads\/2018\/06\/moyano.jpg?resize=350%2C200 1x, https:\/\/i0.wp.com\/www.24baires.com\/wp-content\/uploads\/2018\/06\/moyano.jpg?resize=525%2C300 1.5x"},"classes":[]},{"id":102582,"url":"http:\/\/www.24baires.com\/?p=102582","url_meta":{"origin":76063,"position":3},"title":"El jueves 14 habr\u00e1 paro de camioneros, si no hay respuesta al reclamo salarial","author":"GB","date":"07\/06\/2018","format":false,"excerpt":"Hugo Moyano se refiri\u00f3 a la medida de fuerza, que quedar\u00e1 en suspenso de acuerdo al resultado de la pr\u00f3xima reuni\u00f3n paritaria del martes y advirti\u00f3: \"Si no tenemos una respuesta favorable, que nos asegure que no vamos a perder valor adquisitivo de nuestro salario, el jueves hacemos un paro\u2026","rel":"","context":"En \u00abPol\u00edtica\u00bb","block_context":{"text":"Pol\u00edtica","link":"http:\/\/www.24baires.com\/?cat=51"},"img":{"alt_text":"","src":"https:\/\/i0.wp.com\/www.24baires.com\/wp-content\/uploads\/2018\/06\/paro-camioneros.jpg?resize=350%2C200","width":350,"height":200,"srcset":"https:\/\/i0.wp.com\/www.24baires.com\/wp-content\/uploads\/2018\/06\/paro-camioneros.jpg?resize=350%2C200 1x, https:\/\/i0.wp.com\/www.24baires.com\/wp-content\/uploads\/2018\/06\/paro-camioneros.jpg?resize=525%2C300 1.5x"},"classes":[]},{"id":76541,"url":"http:\/\/www.24baires.com\/?p=76541","url_meta":{"origin":76063,"position":4},"title":"\u00abEsto no es levantar el cepo, esto es devaluaci\u00f3n y p\u00e9rdida del poder adquisitivo\u00bb","author":"AF","date":"17\/12\/2015","format":false,"excerpt":"H\u00e9ctor Recalde, jefe del bloque de Diputados del FpV, dijo que la liberaci\u00f3n de la compra-venta de d\u00f3lares \"es devaluaci\u00f3n y p\u00e9rdida del poder adquisitivo del salario\", en referencia a la medida que entr\u00f3 en vigencia. \"Ayer el ministro de Hacienda y Finanzas P\u00fablicas de la Naci\u00f3n, Alfonso Prat Gay,\u2026","rel":"","context":"En \u00abEconom\u00eda\u00bb","block_context":{"text":"Econom\u00eda","link":"http:\/\/www.24baires.com\/?cat=45"},"img":{"alt_text":"hector recalde","src":"https:\/\/i0.wp.com\/www.24baires.com\/wp-content\/uploads\/2014\/11\/hector-recalde.jpg?resize=350%2C200","width":350,"height":200,"srcset":"https:\/\/i0.wp.com\/www.24baires.com\/wp-content\/uploads\/2014\/11\/hector-recalde.jpg?resize=350%2C200 1x, https:\/\/i0.wp.com\/www.24baires.com\/wp-content\/uploads\/2014\/11\/hector-recalde.jpg?resize=525%2C300 1.5x"},"classes":[]},{"id":106740,"url":"http:\/\/www.24baires.com\/?p=106740","url_meta":{"origin":76063,"position":5},"title":"\u00abSi Vidal da la cl\u00e1usula gatillo se podr\u00eda \u00abllegar a un acuerdo\u00bb sostuvo Baradel","author":"GB","date":"08\/02\/2019","format":false,"excerpt":"Luego de que el gobierno bonaerense confirmara la convocatoria a paritaria docente, el secretario general de Suteba remarc\u00f3 que \u201cel a\u00f1o pasado el conflicto no se cerr\u00f3 y venimos con una p\u00e9rdida del poder adquisitivo del salario\u201d. Desde el gobierno de la provincia de Buenos Aires convocaron a la paritaria\u2026","rel":"","context":"En \u00abProvincia\u00bb","block_context":{"text":"Provincia","link":"http:\/\/www.24baires.com\/?cat=40"},"img":{"alt_text":"","src":"https:\/\/i0.wp.com\/www.24baires.com\/wp-content\/uploads\/2018\/09\/baradel.jpg?resize=350%2C200","width":350,"height":200,"srcset":"https:\/\/i0.wp.com\/www.24baires.com\/wp-content\/uploads\/2018\/09\/baradel.jpg?resize=350%2C200 1x, https:\/\/i0.wp.com\/www.24baires.com\/wp-content\/uploads\/2018\/09\/baradel.jpg?resize=525%2C300 1.5x"},"classes":[]}],"jetpack_sharing_enabled":true,"jetpack_likes_enabled":true,"jetpack_featured_media_url":"","_links":{"self":[{"href":"http:\/\/www.24baires.com\/index.php?rest_route=\/wp\/v2\/posts\/76063","targetHints":{"allow":["GET"]}}],"collection":[{"href":"http:\/\/www.24baires.com\/index.php?rest_route=\/wp\/v2\/posts"}],"about":[{"href":"http:\/\/www.24baires.com\/index.php?rest_route=\/wp\/v2\/types\/post"}],"author":[{"embeddable":true,"href":"http:\/\/www.24baires.com\/index.php?rest_route=\/wp\/v2\/users\/8"}],"replies":[{"embeddable":true,"href":"http:\/\/www.24baires.com\/index.php?rest_route=%2Fwp%2Fv2%2Fcomments&post=76063"}],"version-history":[{"count":1,"href":"http:\/\/www.24baires.com\/index.php?rest_route=\/wp\/v2\/posts\/76063\/revisions"}],"predecessor-version":[{"id":76064,"href":"http:\/\/www.24baires.com\/index.php?rest_route=\/wp\/v2\/posts\/76063\/revisions\/76064"}],"wp:attachment":[{"href":"http:\/\/www.24baires.com\/index.php?rest_route=%2Fwp%2Fv2%2Fmedia&parent=76063"}],"wp:term":[{"taxonomy":"category","embeddable":true,"href":"http:\/\/www.24baires.com\/index.php?rest_route=%2Fwp%2Fv2%2Fcategories&post=76063"},{"taxonomy":"post_tag","embeddable":true,"href":"http:\/\/www.24baires.com\/index.php?rest_route=%2Fwp%2Fv2%2Ftags&post=76063"}],"curies":[{"name":"wp","href":"https:\/\/api.w.org\/{rel}","templated":true}]}}