{"id":76054,"date":"2015-12-06T11:28:37","date_gmt":"2015-12-06T14:28:37","guid":{"rendered":"http:\/\/www.24baires.com\/?p=76054"},"modified":"2015-12-07T12:49:23","modified_gmt":"2015-12-07T15:49:23","slug":"ante-la-expectativa-de-otro-tipo-de-cambio-el-mercado-se-adelanta-y-remarca","status":"publish","type":"post","link":"http:\/\/www.24baires.com\/?p=76054","title":{"rendered":"\u00abAnte la expectativa de otro tipo de cambio, el mercado se adelanta y remarca\u00bb"},"content":{"rendered":"<p><img data-recalc-dims=\"1\" loading=\"lazy\" decoding=\"async\" src=\"https:\/\/i0.wp.com\/www.24baires.com\/wp-content\/uploads\/2015\/11\/scioli-plataforma.jpg?resize=560%2C259\" alt=\"scioli plataforma\" width=\"560\" height=\"259\" class=\"aligncenter size-full wp-image-74581\" srcset=\"https:\/\/i0.wp.com\/www.24baires.com\/wp-content\/uploads\/2015\/11\/scioli-plataforma.jpg?w=560 560w, https:\/\/i0.wp.com\/www.24baires.com\/wp-content\/uploads\/2015\/11\/scioli-plataforma.jpg?resize=300%2C139 300w\" sizes=\"auto, (max-width: 560px) 100vw, 560px\" \/>El gobernador bonaerense, Daniel Scioli, analiz\u00f3 el salto en los precios durante los \u00faltimos d\u00edas, sobre lo que consider\u00f3 que \u201cel gobierno ven\u00eda bajando la inflaci\u00f3n de forma gradual sin enfriar la econom\u00eda\u00bb.<!--more--><\/p>\n<p>\u201cEspero que esto no afecte el poder adquisitivo de la gente y se combine con una quita de subsidios\u201d, indic\u00f3 el ex candidato presidencial del Frente para la Victoria, respecto del aumento de precios registrados durante los \u00faltimos d\u00edas, a los que adjudic\u00f3 a la expectativa de un tipo de cambio diferente\u201d anunciado por el futuro gobierno de Mauricio Macri.<\/p>\n<p>Al respecto, record\u00f3 que el gobierno de Cristina Fern\u00e1ndez de Kirchner \u201cven\u00eda bajando la inflaci\u00f3n de forma gradual sin enfriar la econom\u00eda\u201d y asegur\u00f3 que \u201cante la expectativa de un tipo de cambio diferente\u201d anticipado por el futuro gobierno de Cambiemos, \u201cel mercado se adelanta y empiezan a remarcar\u201d.<\/p>\n<p>El mandatario provincial tambi\u00e9n se refiri\u00f3 a la supuesta falta de recursos para el pago de los sueldos de los empleados provinciales y consider\u00f3 que \u201cfacilit\u00e9 la transici\u00f3n y el comienzo del nuevo gobierno\u201d de Mar\u00eda Eugenia Vidal, al tiempo que ratific\u00f3 que \u201cpagamos los sueldos de nuestra administraci\u00f3n en tiempo y forma\u201d.<\/p>\n<p>En este sentido, resalt\u00f3 que la gobernadora electa asumir\u00e1 con una provincia de Buenos Aires que \u201cdebe un tercio de los que deb\u00eda cuando asum\u00ed\u201d, al tiempo que ponder\u00f3 que el fall\u00f3 de la Corte Suprema, y el consiguiente decreto presidencial, que le devolvi\u00f3 a todas las provincias el 15 por cientos de los recursos coparticipables, \u201cva a generar 18.000 millones de pesos m\u00e1s, va a poner a la administraci\u00f3n (provincial) en un super\u00e1vit holgado\u201d.<\/p>\n<p>Finalmente, asegur\u00f3 que el desaf\u00edo a futuro del Partido Justicialista \u00abes unir a todos, las diferencias se deben disputar internamente y las resolveremos de manera democr\u00e1tica\u00bb, al tiempo que analiz\u00f3 que \u00abel hecho que hoy un dirigente no est\u00e9 (en el PJ), no significa que no vaya a estar\u00bb.<\/p>\n","protected":false},"excerpt":{"rendered":"<p>El gobernador bonaerense, Daniel Scioli, analiz\u00f3 el salto en los precios durante los \u00faltimos d\u00edas, sobre lo que consider\u00f3 que \u201cel gobierno ven\u00eda bajando la inflaci\u00f3n de forma gradual sin enfriar la econom\u00eda\u00bb.<\/p>\n","protected":false},"author":8,"featured_media":0,"comment_status":"open","ping_status":"open","sticky":false,"template":"","format":"standard","meta":{"_jetpack_newsletter_access":"","_jetpack_dont_email_post_to_subs":false,"_jetpack_newsletter_tier_id":0,"_jetpack_memberships_contains_paywalled_content":false,"_jetpack_memberships_contains_paid_content":false,"footnotes":""},"categories":[51],"tags":[],"class_list":["post-76054","post","type-post","status-publish","format-standard","hentry","category-politica"],"jetpack_shortlink":"https:\/\/wp.me\/p2JWE0-jMG","jetpack-related-posts":[{"id":101431,"url":"http:\/\/www.24baires.com\/?p=101431","url_meta":{"origin":76054,"position":0},"title":"El Banco Central subi\u00f3 la expectativa de inflaci\u00f3n anual y ahora llega al 20,4%","author":"AF","date":"04\/04\/2018","format":false,"excerpt":"Adem\u00e1s baj\u00f3 la expectativa de crecimiento econ\u00f3mico. Para el tercer trimestre se espera un d\u00f3lar a m\u00e1s de 21 pesos. Fue una mala jornada para la Casa Rosada. Al papel\u00f3n protagonizado por Luis Caputo en el Congreso de la Naci\u00f3n, el Banco Central (cuya relativa autonom\u00eda ya molesta con fuerza\u2026","rel":"","context":"En \u00abEconom\u00eda\u00bb","block_context":{"text":"Econom\u00eda","link":"http:\/\/www.24baires.com\/?cat=45"},"img":{"alt_text":"","src":"https:\/\/i0.wp.com\/www.24baires.com\/wp-content\/uploads\/2013\/12\/banco-central.jpg?resize=350%2C200","width":350,"height":200,"srcset":"https:\/\/i0.wp.com\/www.24baires.com\/wp-content\/uploads\/2013\/12\/banco-central.jpg?resize=350%2C200 1x, https:\/\/i0.wp.com\/www.24baires.com\/wp-content\/uploads\/2013\/12\/banco-central.jpg?resize=525%2C300 1.5x"},"classes":[]},{"id":119682,"url":"http:\/\/www.24baires.com\/?p=119682","url_meta":{"origin":76054,"position":1},"title":"Los objetivos del Banco Central para 2023","author":"AF","date":"31\/12\/2022","format":false,"excerpt":"El informe de fin de a\u00f1o del Banco Central realiza una evaluaci\u00f3n del 2022 y analiza cu\u00e1les considera que ser\u00e1n las principales tendencias de la inflaci\u00f3n, actividad, d\u00f3lar y tasa de inter\u00e9s para el a\u00f1o que se inicia, adem\u00e1s de metas espec\u00edficas para la entidad monetaria. La econom\u00eda seguir\u00e1 creciendo.\u2026","rel":"","context":"En \u00abEconom\u00eda\u00bb","block_context":{"text":"Econom\u00eda","link":"http:\/\/www.24baires.com\/?cat=45"},"img":{"alt_text":"","src":"https:\/\/i0.wp.com\/www.24baires.com\/wp-content\/uploads\/2013\/06\/banco-central.jpg?resize=350%2C200","width":350,"height":200,"srcset":"https:\/\/i0.wp.com\/www.24baires.com\/wp-content\/uploads\/2013\/06\/banco-central.jpg?resize=350%2C200 1x, https:\/\/i0.wp.com\/www.24baires.com\/wp-content\/uploads\/2013\/06\/banco-central.jpg?resize=525%2C300 1.5x, https:\/\/i0.wp.com\/www.24baires.com\/wp-content\/uploads\/2013\/06\/banco-central.jpg?resize=700%2C400 2x"},"classes":[]},{"id":80041,"url":"http:\/\/www.24baires.com\/?p=80041","url_meta":{"origin":76054,"position":2},"title":"Los 90 de Mauricio Macri","author":"AF","date":"11\/03\/2016","format":false,"excerpt":"Los cambios de gobierno siempre traen consigo una expectativa popular por las medidas que se llevar\u00e1n a cabo. La campa\u00f1a hab\u00eda sido muy radicalizada con posiciones aparentemente opuestas, pero la campa\u00f1a es s\u00f3lo campa\u00f1a y lo que debe analizarse es el desempe\u00f1o del gobierno en lo que tiene que ver\u2026","rel":"","context":"En \u00abOpini\u00f3n\u00bb","block_context":{"text":"Opini\u00f3n","link":"http:\/\/www.24baires.com\/?cat=64"},"img":{"alt_text":"macri congreso","src":"https:\/\/i0.wp.com\/www.24baires.com\/wp-content\/uploads\/2016\/03\/macri-congreso.jpg?resize=350%2C200","width":350,"height":200,"srcset":"https:\/\/i0.wp.com\/www.24baires.com\/wp-content\/uploads\/2016\/03\/macri-congreso.jpg?resize=350%2C200 1x, https:\/\/i0.wp.com\/www.24baires.com\/wp-content\/uploads\/2016\/03\/macri-congreso.jpg?resize=525%2C300 1.5x"},"classes":[]},{"id":116484,"url":"http:\/\/www.24baires.com\/?p=116484","url_meta":{"origin":76054,"position":3},"title":"Guzm\u00e1n ratific\u00f3 que la inflaci\u00f3n cerrar\u00e1 con una sustancial baja respecto a 2019","author":"AF","date":"16\/10\/2020","format":false,"excerpt":"El ministro de Econom\u00eda particip\u00f3 del 56\u00b0 coloquio del Instituto para el Desarrollo Empresarial de la Argentina (IDEA), donde afirm\u00f3 que la inflaci\u00f3n anual \u201cser\u00e1 inferior a 40%, en un nivel de 20 puntos menos que la del a\u00f1o anterior\". El ministro de Econom\u00eda, Mart\u00edn Guzm\u00e1n, ratific\u00f3 que el corriente\u2026","rel":"","context":"En \u00abEconom\u00eda\u00bb","block_context":{"text":"Econom\u00eda","link":"http:\/\/www.24baires.com\/?cat=45"},"img":{"alt_text":"","src":"https:\/\/i0.wp.com\/www.24baires.com\/wp-content\/uploads\/2020\/05\/guzman-1.jpg?resize=350%2C200","width":350,"height":200,"srcset":"https:\/\/i0.wp.com\/www.24baires.com\/wp-content\/uploads\/2020\/05\/guzman-1.jpg?resize=350%2C200 1x, https:\/\/i0.wp.com\/www.24baires.com\/wp-content\/uploads\/2020\/05\/guzman-1.jpg?resize=525%2C300 1.5x"},"classes":[]},{"id":118600,"url":"http:\/\/www.24baires.com\/?p=118600","url_meta":{"origin":76054,"position":4},"title":"Las claves del acuerdo entre Argentina y el FMI","author":"AF","date":"03\/03\/2022","format":false,"excerpt":"La iniciativa tiene como principales ejes la b\u00fasqueda de un crecimiento sostenible e inclusivo en el tiempo, la lucha contra la inflaci\u00f3n, el logro de una estabilidad cambiaria y la reducci\u00f3n del financiamiento monetario, entre otros puntos. El acuerdo alcanzado por el Gobierno argentino con el Fondo Monetario Internacional (FMI)\u2026","rel":"","context":"En \u00abEconom\u00eda\u00bb","block_context":{"text":"Econom\u00eda","link":"http:\/\/www.24baires.com\/?cat=45"},"img":{"alt_text":"","src":"https:\/\/i0.wp.com\/www.24baires.com\/wp-content\/uploads\/2022\/03\/605a6e04d1dbd_900.jpg?resize=350%2C200","width":350,"height":200,"srcset":"https:\/\/i0.wp.com\/www.24baires.com\/wp-content\/uploads\/2022\/03\/605a6e04d1dbd_900.jpg?resize=350%2C200 1x, https:\/\/i0.wp.com\/www.24baires.com\/wp-content\/uploads\/2022\/03\/605a6e04d1dbd_900.jpg?resize=525%2C300 1.5x, https:\/\/i0.wp.com\/www.24baires.com\/wp-content\/uploads\/2022\/03\/605a6e04d1dbd_900.jpg?resize=700%2C400 2x"},"classes":[]},{"id":87552,"url":"http:\/\/www.24baires.com\/?p=87552","url_meta":{"origin":76054,"position":5},"title":"Sturzenegger advirti\u00f3 que una inflaci\u00f3n del 1% sigue siendo \u00abalt\u00edsima\u00bb","author":"GB","date":"14\/09\/2016","format":false,"excerpt":"El presidente del BCRA dijo que cuando llega a ese porcentaje, \"los pa\u00edses serios inician la batalla para bajar el alza de precios\". El presidente del Banco Central, Federico Sturzenegger, advirti\u00f3 que una inflaci\u00f3n del 1% mensual sigue siendo \"alt\u00edsima\". Adem\u00e1s, asegur\u00f3 que trabaja en forma \"independiente\" del Gobierno para\u2026","rel":"","context":"En \u00abEconom\u00eda\u00bb","block_context":{"text":"Econom\u00eda","link":"http:\/\/www.24baires.com\/?cat=45"},"img":{"alt_text":"","src":"","width":0,"height":0},"classes":[]}],"jetpack_sharing_enabled":true,"jetpack_likes_enabled":true,"jetpack_featured_media_url":"","_links":{"self":[{"href":"http:\/\/www.24baires.com\/index.php?rest_route=\/wp\/v2\/posts\/76054","targetHints":{"allow":["GET"]}}],"collection":[{"href":"http:\/\/www.24baires.com\/index.php?rest_route=\/wp\/v2\/posts"}],"about":[{"href":"http:\/\/www.24baires.com\/index.php?rest_route=\/wp\/v2\/types\/post"}],"author":[{"embeddable":true,"href":"http:\/\/www.24baires.com\/index.php?rest_route=\/wp\/v2\/users\/8"}],"replies":[{"embeddable":true,"href":"http:\/\/www.24baires.com\/index.php?rest_route=%2Fwp%2Fv2%2Fcomments&post=76054"}],"version-history":[{"count":1,"href":"http:\/\/www.24baires.com\/index.php?rest_route=\/wp\/v2\/posts\/76054\/revisions"}],"predecessor-version":[{"id":76055,"href":"http:\/\/www.24baires.com\/index.php?rest_route=\/wp\/v2\/posts\/76054\/revisions\/76055"}],"wp:attachment":[{"href":"http:\/\/www.24baires.com\/index.php?rest_route=%2Fwp%2Fv2%2Fmedia&parent=76054"}],"wp:term":[{"taxonomy":"category","embeddable":true,"href":"http:\/\/www.24baires.com\/index.php?rest_route=%2Fwp%2Fv2%2Fcategories&post=76054"},{"taxonomy":"post_tag","embeddable":true,"href":"http:\/\/www.24baires.com\/index.php?rest_route=%2Fwp%2Fv2%2Ftags&post=76054"}],"curies":[{"name":"wp","href":"https:\/\/api.w.org\/{rel}","templated":true}]}}