{"id":76031,"date":"2015-12-05T11:00:28","date_gmt":"2015-12-05T14:00:28","guid":{"rendered":"http:\/\/www.24baires.com\/?p=76031"},"modified":"2015-12-05T11:24:12","modified_gmt":"2015-12-05T14:24:12","slug":"hector-recalde-prometio-una-oposicion-constructiva-y-dialoguista","status":"publish","type":"post","link":"http:\/\/www.24baires.com\/?p=76031","title":{"rendered":"H\u00e9ctor Recalde prometi\u00f3 una \u00aboposici\u00f3n constructiva\u00bb y dialoguista"},"content":{"rendered":"<p><img data-recalc-dims=\"1\" loading=\"lazy\" decoding=\"async\" class=\"aligncenter size-full wp-image-56995\" src=\"https:\/\/i0.wp.com\/www.24baires.com\/wp-content\/uploads\/2014\/11\/hector-recalde.jpg?resize=560%2C336\" alt=\"hector recalde\" width=\"560\" height=\"336\" srcset=\"https:\/\/i0.wp.com\/www.24baires.com\/wp-content\/uploads\/2014\/11\/hector-recalde.jpg?w=560 560w, https:\/\/i0.wp.com\/www.24baires.com\/wp-content\/uploads\/2014\/11\/hector-recalde.jpg?resize=300%2C180 300w\" sizes=\"auto, (max-width: 560px) 100vw, 560px\" \/>Luego de la jura de ayer, el flamante jefe del bloque del Frente para la Victoria (FpV) prometi\u00f3 \u00abdialogar\u00bb tras aclarar que su espacio pol\u00edtico perdi\u00f3 \u00ablas elecciones pero no las convicciones\u00bb.<!--more--><\/p>\n<p>\u00abVamos a ser una oposici\u00f3n constructiva, vamos a dialogar porque perdimos las elecciones pero no las convicciones. No vamos a poner palos en la rueda, y cuando tengamos discrepancias vamos a debatir y explicar el por qu\u00e9\u00bb, adelant\u00f3 Recalde en declaraciones formuladas en AM 750.<\/p>\n<p>Record\u00f3 que en la jornada de ayer, en la C\u00e1mara de Diputados, propusieron que el presidente pertenezca a la alianza Cambiemos \u00abporque no ignoramos la realidad\u00bb y consider\u00f3 que en el encuentro hubo mucha \u00abcordialidad y compa\u00f1erismo\u00bb.<\/p>\n<p>Sobre el futuro del peronismo dijo que la \u00abconductora es Cristina Fern\u00e1ndez de Kirchner\u00bb y resalt\u00f3 la figura del gobernador de la Provincia de Buenos Aires, Daniel Scioli quien \u00abmerece todo nuestro respaldo y respeto\u00bb.<\/p>\n<p>Recalde tambi\u00e9n se pronunci\u00f3 sobre la creaci\u00f3n de una comisi\u00f3n bicameral que permitir\u00e1 investigar la complicidad empresarial en la \u00faltima dictadura en momentos en que se conoce que la mayor\u00eda de los futuros funcionarios de los distintos gabinetes provienen del sector privado.<\/p>\n<p>\u00abSomos mayor\u00eda legislativa en el Senado y cumplimos las leyes, as\u00ed que espero que el Gobierno tambi\u00e9n lo haga. La comisi\u00f3n est\u00e1 enmarcada en una ley de la Naci\u00f3n y constitucionalistas que normalmente asesoran a la oposici\u00f3n, o al menos, no nos ayudan a nosotros, ya se expresaron en favor de la constitucionalidad de esa ley\u00bb, resalt\u00f3.<\/p>\n<p>El especialista en derecho laboral tambi\u00e9n expres\u00f3 su \u00abpreocupaci\u00f3n\u00bb respecto a \u00abesto de atar las paritarias libres al crecimiento de la econom\u00eda\u00bb tal como expres\u00f3 el futuro ministro de Trabajo, Jorge Triaca.<\/p>\n<p>No obstante, destac\u00f3 la \u00abuni\u00f3n de los trabajadores\u00bb y sostuvo que \u00abes la dirigencia\u00bb la que est\u00e1 disociada.<\/p>\n","protected":false},"excerpt":{"rendered":"<p>Luego de la jura de ayer, el flamante jefe del bloque del Frente para la Victoria (FpV) prometi\u00f3 \u00abdialogar\u00bb tras aclarar que su espacio pol\u00edtico perdi\u00f3 \u00ablas elecciones pero no las convicciones\u00bb.<\/p>\n","protected":false},"author":4,"featured_media":0,"comment_status":"open","ping_status":"open","sticky":false,"template":"","format":"standard","meta":{"_jetpack_newsletter_access":"","_jetpack_dont_email_post_to_subs":false,"_jetpack_newsletter_tier_id":0,"_jetpack_memberships_contains_paywalled_content":false,"_jetpack_memberships_contains_paid_content":false,"footnotes":""},"categories":[51],"tags":[],"class_list":["post-76031","post","type-post","status-publish","format-standard","hentry","category-politica"],"jetpack_shortlink":"https:\/\/wp.me\/p2JWE0-jMj","jetpack-related-posts":[{"id":64933,"url":"http:\/\/www.24baires.com\/?p=64933","url_meta":{"origin":76031,"position":0},"title":"An\u00edbal Fern\u00e1ndez: \u201cPara nada estas PASO son un golpe para el Gobierno nacional\u201d","author":"AF","date":"27\/04\/2015","format":false,"excerpt":"El jefe de Gabinete se refiri\u00f3 al resultado en las PASO porte\u00f1as en las que el FpV result\u00f3 tercero y dijo que Capital Federal \u201ces un escenario esquivo para el peronismo\". Adem\u00e1s, elogi\u00f3 la labor de Mariano Recalde, contundente ganador de la interna de esa fuerza. En ese marco, Fern\u00e1ndez\u2026","rel":"","context":"En \u00abPol\u00edtica\u00bb","block_context":{"text":"Pol\u00edtica","link":"http:\/\/www.24baires.com\/?cat=51"},"img":{"alt_text":"fern\u00e1ndez an\u00edbal2","src":"https:\/\/i0.wp.com\/www.24baires.com\/wp-content\/uploads\/2012\/11\/fern%C3%A1ndez-an%C3%ADbal2.jpg?resize=350%2C200","width":350,"height":200,"srcset":"https:\/\/i0.wp.com\/www.24baires.com\/wp-content\/uploads\/2012\/11\/fern%C3%A1ndez-an%C3%ADbal2.jpg?resize=350%2C200 1x, https:\/\/i0.wp.com\/www.24baires.com\/wp-content\/uploads\/2012\/11\/fern%C3%A1ndez-an%C3%ADbal2.jpg?resize=525%2C300 1.5x"},"classes":[]},{"id":56994,"url":"http:\/\/www.24baires.com\/?p=56994","url_meta":{"origin":76031,"position":1},"title":"Recalde: \u00abNo existe ning\u00fan pedido formal de reinicio de paritarias\u00bb","author":"AF","date":"12\/11\/2014","format":false,"excerpt":"El presidente de la Comisi\u00f3n de Legislaci\u00f3n del Trabajo de Diputados, H\u00e9ctor Recalde, observ\u00f3 la \u201coperaci\u00f3n que se hace desde medios de comunicaci\u00f3n en cercan\u00edas del mes de diciembre tratando de generar un mal clima\". El presidente de la Comisi\u00f3n de Legislaci\u00f3n del Trabajo de la C\u00e1mara de Diputados, H\u00e9ctor\u2026","rel":"","context":"En \u00abPol\u00edtica\u00bb","block_context":{"text":"Pol\u00edtica","link":"http:\/\/www.24baires.com\/?cat=51"},"img":{"alt_text":"","src":"https:\/\/i0.wp.com\/www.24baires.com\/wp-content\/uploads\/2014\/11\/hector-recalde.jpg?resize=350%2C200","width":350,"height":200,"srcset":"https:\/\/i0.wp.com\/www.24baires.com\/wp-content\/uploads\/2014\/11\/hector-recalde.jpg?resize=350%2C200 1x, https:\/\/i0.wp.com\/www.24baires.com\/wp-content\/uploads\/2014\/11\/hector-recalde.jpg?resize=525%2C300 1.5x"},"classes":[]},{"id":29460,"url":"http:\/\/www.24baires.com\/?p=29460","url_meta":{"origin":76031,"position":2},"title":"\u00abMientras el mundo se cae, los argentinos estamos de pie\u00bb dijo Cristina en La Matanza","author":"Grupo Sierra","date":"03\/08\/2013","format":false,"excerpt":"LA MATANZA.- \"Decisi\u00f3n, convicci\u00f3n y coraje se necesita para conducir un pa\u00eds\", sostuvo Cristina en un acto junto a Mart\u00edn Insaurralde y el gobernador Daniel Scioli. El primer orador fue el intendente local Fernando Espinoza que record\u00f3 al l\u00edder matancero Alberto Balestrini que se recupera de un ACV. La presidenta\u2026","rel":"","context":"En \u00abPol\u00edtica\u00bb","block_context":{"text":"Pol\u00edtica","link":"http:\/\/www.24baires.com\/?cat=51"},"img":{"alt_text":"","src":"","width":0,"height":0},"classes":[]},{"id":82722,"url":"http:\/\/www.24baires.com\/?p=82722","url_meta":{"origin":76031,"position":3},"title":"\u00abVamos a intentar convencer por todos los medios que la ley antidespidos es mala\u00bb","author":"AF","date":"16\/05\/2016","format":false,"excerpt":"El ministro del Interior se\u00f1al\u00f3 que el presidente Mauricio Macri est\u00e1 dispuesto a \"dialogar y negociar\" pero con \"mucha firmeza en sus convicciones\". Consider\u00f3 que la ley antidespidos \"va en contra del objetivo que pretende generar puestos de trabajo de calidad\". El ministro del Interior, Rogelio Frigerio, afirm\u00f3 hoy que\u2026","rel":"","context":"En \u00abPol\u00edtica\u00bb","block_context":{"text":"Pol\u00edtica","link":"http:\/\/www.24baires.com\/?cat=51"},"img":{"alt_text":"frigerio","src":"https:\/\/i0.wp.com\/www.24baires.com\/wp-content\/uploads\/2016\/02\/frigerio.jpg?resize=350%2C200","width":350,"height":200,"srcset":"https:\/\/i0.wp.com\/www.24baires.com\/wp-content\/uploads\/2016\/02\/frigerio.jpg?resize=350%2C200 1x, https:\/\/i0.wp.com\/www.24baires.com\/wp-content\/uploads\/2016\/02\/frigerio.jpg?resize=525%2C300 1.5x"},"classes":[]},{"id":116191,"url":"http:\/\/www.24baires.com\/?p=116191","url_meta":{"origin":76031,"position":4},"title":"Larreta llevar\u00e1 a la Justicia el reclamo por la quita de la coparticipaci\u00f3n","author":"AF","date":"10\/09\/2020","format":false,"excerpt":"\"Vamos a avanzar por los caminos institucionales que corresponden\", sostuvo el jefe de Gobierno de la Ciudad, Horacio Rodr\u00edguez Larreta. La decisi\u00f3n del Gobierno de quitarle un punto porcentual en el reparto de la coparticipaci\u00f3n de impuestos a la Ciudad de Buenos Aires para otorg\u00e1rselo a la Provincia volvi\u00f3 a\u2026","rel":"","context":"En \u00abPol\u00edtica\u00bb","block_context":{"text":"Pol\u00edtica","link":"http:\/\/www.24baires.com\/?cat=51"},"img":{"alt_text":"","src":"https:\/\/i0.wp.com\/www.24baires.com\/wp-content\/uploads\/2020\/09\/Larreta.jpg?resize=350%2C200","width":350,"height":200,"srcset":"https:\/\/i0.wp.com\/www.24baires.com\/wp-content\/uploads\/2020\/09\/Larreta.jpg?resize=350%2C200 1x, https:\/\/i0.wp.com\/www.24baires.com\/wp-content\/uploads\/2020\/09\/Larreta.jpg?resize=525%2C300 1.5x"},"classes":[]},{"id":62976,"url":"http:\/\/www.24baires.com\/?p=62976","url_meta":{"origin":76031,"position":5},"title":"Recalde: \u00abScioli y Randazzo pueden continuar con este proyecto pol\u00edtico\u00bb","author":"AF","date":"11\/03\/2015","format":false,"excerpt":"El precandidato a jefe de Gobierno porte\u00f1o por el Frente para la Victoria afirm\u00f3 hoy que La C\u00e1mpora no va a \"emitir opini\u00f3n\" sobre qui\u00e9n debe ser el candidato presidencial del kirchnerismo. \"Esa es nuestra postura por ahora. No vamos a emitir una opini\u00f3n si Cristina no lo hace primero\",\u2026","rel":"","context":"En \u00abPol\u00edtica\u00bb","block_context":{"text":"Pol\u00edtica","link":"http:\/\/www.24baires.com\/?cat=51"},"img":{"alt_text":"recalde hijo","src":"https:\/\/i0.wp.com\/www.24baires.com\/wp-content\/uploads\/2013\/07\/recalde-hijo-300x180.jpg?resize=350%2C200","width":350,"height":200},"classes":[]}],"jetpack_sharing_enabled":true,"jetpack_likes_enabled":true,"jetpack_featured_media_url":"","_links":{"self":[{"href":"http:\/\/www.24baires.com\/index.php?rest_route=\/wp\/v2\/posts\/76031","targetHints":{"allow":["GET"]}}],"collection":[{"href":"http:\/\/www.24baires.com\/index.php?rest_route=\/wp\/v2\/posts"}],"about":[{"href":"http:\/\/www.24baires.com\/index.php?rest_route=\/wp\/v2\/types\/post"}],"author":[{"embeddable":true,"href":"http:\/\/www.24baires.com\/index.php?rest_route=\/wp\/v2\/users\/4"}],"replies":[{"embeddable":true,"href":"http:\/\/www.24baires.com\/index.php?rest_route=%2Fwp%2Fv2%2Fcomments&post=76031"}],"version-history":[{"count":1,"href":"http:\/\/www.24baires.com\/index.php?rest_route=\/wp\/v2\/posts\/76031\/revisions"}],"predecessor-version":[{"id":76032,"href":"http:\/\/www.24baires.com\/index.php?rest_route=\/wp\/v2\/posts\/76031\/revisions\/76032"}],"wp:attachment":[{"href":"http:\/\/www.24baires.com\/index.php?rest_route=%2Fwp%2Fv2%2Fmedia&parent=76031"}],"wp:term":[{"taxonomy":"category","embeddable":true,"href":"http:\/\/www.24baires.com\/index.php?rest_route=%2Fwp%2Fv2%2Fcategories&post=76031"},{"taxonomy":"post_tag","embeddable":true,"href":"http:\/\/www.24baires.com\/index.php?rest_route=%2Fwp%2Fv2%2Ftags&post=76031"}],"curies":[{"name":"wp","href":"https:\/\/api.w.org\/{rel}","templated":true}]}}