{"id":76026,"date":"2015-12-04T21:00:00","date_gmt":"2015-12-05T00:00:00","guid":{"rendered":"http:\/\/www.24baires.com\/?p=76026"},"modified":"2015-12-04T19:56:09","modified_gmt":"2015-12-04T22:56:09","slug":"cristina-inaugurara-obras-en-el-ramal-constitucion-quilmes","status":"publish","type":"post","link":"http:\/\/www.24baires.com\/?p=76026","title":{"rendered":"Cristina inaugurar\u00e1 obras en el ramal Constituci\u00f3n-Quilmes"},"content":{"rendered":"<p><img data-recalc-dims=\"1\" loading=\"lazy\" decoding=\"async\" src=\"https:\/\/i0.wp.com\/www.24baires.com\/wp-content\/uploads\/2015\/09\/cristina-energia.jpg?resize=560%2C373\" alt=\"cristina energia\" width=\"560\" height=\"373\" class=\"aligncenter size-full wp-image-71658\" srcset=\"https:\/\/i0.wp.com\/www.24baires.com\/wp-content\/uploads\/2015\/09\/cristina-energia.jpg?w=560 560w, https:\/\/i0.wp.com\/www.24baires.com\/wp-content\/uploads\/2015\/09\/cristina-energia.jpg?resize=300%2C200 300w\" sizes=\"auto, (max-width: 560px) 100vw, 560px\" \/>La Presidenta encabezar\u00e1 ma\u00f1ana la inauguraci\u00f3n del primer tramo de electrificaci\u00f3n del ramal ferroviario de la l\u00ednea Roca, obra que estaba paralizada hace 42 a\u00f1os.<!--more--><\/p>\n<p>Cristina arribar\u00e1 a las 12 a la estaci\u00f3n Quilmes para abordar el tren hasta la estaci\u00f3n Don Bosco, donde se llevar\u00e1 a cabo el acto central, con presencia militante, y mantendr\u00e1 videoconferencias con los distritos bonaerenses de Bah\u00eda Blanca, Ezeiza y City Bell, seg\u00fan fuentes gubernamentales.<\/p>\n<p>Participar\u00e1n de la ceremonia el ministro del Interior y Transporte, Florencio Randazzo; el gobernador bonaerense, Daniel Scioli; el jefe comunal de Quilmes, Francisco Guti\u00e9rrez, as\u00ed como otras autoridades e invitados especiales.<\/p>\n<p>Se inform\u00f3 que esta obra de modernizaci\u00f3n est\u00e1 financiada por el Banco Interamericano de Desarrollo con un presupuesto de 500 millones de d\u00f3lares y los trabajos que se vienen ejecutando comprenden el montado de ca\u00f1er\u00edas, cables de media y alta tensi\u00f3n y electrificaci\u00f3n de los mismos.<\/p>\n<p>Se a\u00f1adi\u00f3 que ser\u00e1n incorporados a la l\u00ednea Roca 300 coches el\u00e9ctricos 0km, as\u00ed como la ejecuci\u00f3n de trabajos de modernizaci\u00f3n de estaciones y la construcci\u00f3n de viaductos y pasos bajo a nivel que mejorar\u00e1n la seguridad vial y permitir\u00e1n que los trenes circulen con mayor velocidad y seguridad y que esa l\u00ednea vuelva a ser la columna vertebral que articule la movilidad de toda la zona sur del gran Buenos Aires.<\/p>\n","protected":false},"excerpt":{"rendered":"<p>La Presidenta encabezar\u00e1 ma\u00f1ana la inauguraci\u00f3n del primer tramo de electrificaci\u00f3n del ramal ferroviario de la l\u00ednea Roca, obra que estaba paralizada hace 42 a\u00f1os.<\/p>\n","protected":false},"author":8,"featured_media":0,"comment_status":"open","ping_status":"open","sticky":false,"template":"","format":"standard","meta":{"_jetpack_newsletter_access":"","_jetpack_dont_email_post_to_subs":false,"_jetpack_newsletter_tier_id":0,"_jetpack_memberships_contains_paywalled_content":false,"_jetpack_memberships_contains_paid_content":false,"footnotes":""},"categories":[51],"tags":[],"class_list":["post-76026","post","type-post","status-publish","format-standard","hentry","category-politica"],"jetpack_shortlink":"https:\/\/wp.me\/p2JWE0-jMe","jetpack-related-posts":[{"id":83719,"url":"http:\/\/www.24baires.com\/?p=83719","url_meta":{"origin":76026,"position":0},"title":"Inauguraron l\u00ednea electrificada del ramal Quilmes &#8211; Berazategui","author":"AF","date":"13\/06\/2016","format":false,"excerpt":"El presidente Mauricio Macri y la gobernadora bonaerense, Mar\u00eda Eugenia Vidal, inauguraron este lunes la electrificaci\u00f3n del ramal Quilmes-Berazategui de la l\u00ednea ferroviaria Roca, que beneficiar\u00e1 a unos 150 mil pasajeros diarios, seg\u00fan se inform\u00f3 oficialmente. Macri y Vidal encabezaron el acto realizado en la Estaci\u00f3n Berazategui, junto al ministro\u2026","rel":"","context":"En \u00abLocales\u00bb","block_context":{"text":"Locales","link":"http:\/\/www.24baires.com\/?cat=38"},"img":{"alt_text":"trenes","src":"https:\/\/i0.wp.com\/www.24baires.com\/wp-content\/uploads\/2015\/04\/trenes.jpg?resize=350%2C200","width":350,"height":200,"srcset":"https:\/\/i0.wp.com\/www.24baires.com\/wp-content\/uploads\/2015\/04\/trenes.jpg?resize=350%2C200 1x, https:\/\/i0.wp.com\/www.24baires.com\/wp-content\/uploads\/2015\/04\/trenes.jpg?resize=525%2C300 1.5x"},"classes":[]},{"id":106686,"url":"http:\/\/www.24baires.com\/?p=106686","url_meta":{"origin":76026,"position":1},"title":"Dos j\u00f3venes graves tras recibir una descarga el\u00e9ctrica en el tren Roca","author":"GB","date":"05\/02\/2019","format":false,"excerpt":"Dos personas que viajaban en el techo del tren Roca recibieron una fuerte descarga el\u00e9ctrica y debieron ser atendidos de urgencia. Por el hecho, el servicio a Mar del Plata se encuentra interrumpido y en los ramales La Plata y Bosques v\u00eda Quilmes presenta demoras por falta de energ\u00eda. Al\u2026","rel":"","context":"En \u00abSociedad\u00bb","block_context":{"text":"Sociedad","link":"http:\/\/www.24baires.com\/?cat=1"},"img":{"alt_text":"","src":"https:\/\/i0.wp.com\/www.24baires.com\/wp-content\/uploads\/2019\/02\/electrocutados.jpg?resize=350%2C200","width":350,"height":200,"srcset":"https:\/\/i0.wp.com\/www.24baires.com\/wp-content\/uploads\/2019\/02\/electrocutados.jpg?resize=350%2C200 1x, https:\/\/i0.wp.com\/www.24baires.com\/wp-content\/uploads\/2019\/02\/electrocutados.jpg?resize=525%2C300 1.5x"},"classes":[]},{"id":111240,"url":"http:\/\/www.24baires.com\/?p=111240","url_meta":{"origin":76026,"position":2},"title":"Mayra Mendoza: \u00abVidal es realmente peor que Macri\u00bb","author":"GB","date":"18\/07\/2019","format":false,"excerpt":"La precandidata a intendenta de Quilmes por Todos afirm\u00f3 que Juntos por el Cambio no puede mostrar \"una sola buena gesti\u00f3n\" y por eso \"ataca\" a la oposici\u00f3n. \"Necesitamos a Alberto y Cristina en Naci\u00f3n y a Axel y Ver\u00f3nica en Provincia para tener un modelo de desarrollo en Quilmes\",\u2026","rel":"","context":"En \u00abProvincia\u00bb","block_context":{"text":"Provincia","link":"http:\/\/www.24baires.com\/?cat=40"},"img":{"alt_text":"","src":"","width":0,"height":0},"classes":[]},{"id":100601,"url":"http:\/\/www.24baires.com\/?p=100601","url_meta":{"origin":76026,"position":3},"title":"Tras los despidos en Ferrobaires se reaviva el reclamo por el tren en el interior","author":"AF","date":"19\/02\/2018","format":false,"excerpt":"El reclamo por el tren volvi\u00f3 a encenderse en el interior bonaerense en los \u00faltimos d\u00edas cuando falta menos de un mes para que se efectivice la disoluci\u00f3n de Ferrobaires, y en medio de la llegada de telegramas de despido, jubilaciones anticipadas y ofrecimientos de retiros acordados que no conforman\u2026","rel":"","context":"En \u00abSociedad\u00bb","block_context":{"text":"Sociedad","link":"http:\/\/www.24baires.com\/?cat=1"},"img":{"alt_text":"","src":"https:\/\/i0.wp.com\/www.24baires.com\/wp-content\/uploads\/2017\/06\/ferovaires-tren.jpg?resize=350%2C200","width":350,"height":200,"srcset":"https:\/\/i0.wp.com\/www.24baires.com\/wp-content\/uploads\/2017\/06\/ferovaires-tren.jpg?resize=350%2C200 1x, https:\/\/i0.wp.com\/www.24baires.com\/wp-content\/uploads\/2017\/06\/ferovaires-tren.jpg?resize=525%2C300 1.5x"},"classes":[]},{"id":28439,"url":"http:\/\/www.24baires.com\/?p=28439","url_meta":{"origin":76026,"position":4},"title":"Electrificar\u00e1n el ramal Constituci\u00f3n-La Plata de la l\u00ednea Roca","author":"AF","date":"17\/07\/2013","format":false,"excerpt":"Las obras de electrificaci\u00f3n del ramal Constituci\u00f3n-La Plata del Ferrocarril Roca, proyectadas por la Presidenta de la Naci\u00f3n, Cristina Fern\u00e1ndez de Kirchner, comenzar\u00e1n a concretarse el a\u00f1o pr\u00f3ximo, y beneficiar\u00e1n al circuito que abarca, entre otras localidades, desde Pereyra hasta Berazategui Centro. Adem\u00e1s, se prev\u00e9 la elevaci\u00f3n de los andenes\u2026","rel":"","context":"En \u00abLocales\u00bb","block_context":{"text":"Locales","link":"http:\/\/www.24baires.com\/?cat=38"},"img":{"alt_text":"","src":"","width":0,"height":0},"classes":[]},{"id":102303,"url":"http:\/\/www.24baires.com\/?p=102303","url_meta":{"origin":76026,"position":5},"title":"Realizaron un \u00abcabildo abierto\u00bb en Quilmes contra los tarifazos","author":"GB","date":"23\/05\/2018","format":false,"excerpt":"Organizaciones pol\u00edticas, sociales y gremiales marcharon por las calles del distrito para rechazar los aumentos en las tarifas de servicios p\u00fablicos. Mientras la oposici\u00f3n intenta declarar a nivel nacional y provincial la Emergencia Tarifaira, organizaciones sociales, pol\u00edticas y sindicales realizaron ayer en Quilmes un \"cabildo abierto\" contra los aumentos en\u2026","rel":"","context":"En \u00abMunicipios\u00bb","block_context":{"text":"Municipios","link":"http:\/\/www.24baires.com\/?cat=44"},"img":{"alt_text":"","src":"https:\/\/i0.wp.com\/www.24baires.com\/wp-content\/uploads\/2018\/05\/cabildo-abierto.jpg?resize=350%2C200","width":350,"height":200,"srcset":"https:\/\/i0.wp.com\/www.24baires.com\/wp-content\/uploads\/2018\/05\/cabildo-abierto.jpg?resize=350%2C200 1x, https:\/\/i0.wp.com\/www.24baires.com\/wp-content\/uploads\/2018\/05\/cabildo-abierto.jpg?resize=525%2C300 1.5x"},"classes":[]}],"jetpack_sharing_enabled":true,"jetpack_likes_enabled":true,"jetpack_featured_media_url":"","_links":{"self":[{"href":"http:\/\/www.24baires.com\/index.php?rest_route=\/wp\/v2\/posts\/76026","targetHints":{"allow":["GET"]}}],"collection":[{"href":"http:\/\/www.24baires.com\/index.php?rest_route=\/wp\/v2\/posts"}],"about":[{"href":"http:\/\/www.24baires.com\/index.php?rest_route=\/wp\/v2\/types\/post"}],"author":[{"embeddable":true,"href":"http:\/\/www.24baires.com\/index.php?rest_route=\/wp\/v2\/users\/8"}],"replies":[{"embeddable":true,"href":"http:\/\/www.24baires.com\/index.php?rest_route=%2Fwp%2Fv2%2Fcomments&post=76026"}],"version-history":[{"count":1,"href":"http:\/\/www.24baires.com\/index.php?rest_route=\/wp\/v2\/posts\/76026\/revisions"}],"predecessor-version":[{"id":76027,"href":"http:\/\/www.24baires.com\/index.php?rest_route=\/wp\/v2\/posts\/76026\/revisions\/76027"}],"wp:attachment":[{"href":"http:\/\/www.24baires.com\/index.php?rest_route=%2Fwp%2Fv2%2Fmedia&parent=76026"}],"wp:term":[{"taxonomy":"category","embeddable":true,"href":"http:\/\/www.24baires.com\/index.php?rest_route=%2Fwp%2Fv2%2Fcategories&post=76026"},{"taxonomy":"post_tag","embeddable":true,"href":"http:\/\/www.24baires.com\/index.php?rest_route=%2Fwp%2Fv2%2Ftags&post=76026"}],"curies":[{"name":"wp","href":"https:\/\/api.w.org\/{rel}","templated":true}]}}