{"id":76017,"date":"2015-12-04T19:00:19","date_gmt":"2015-12-04T22:00:19","guid":{"rendered":"http:\/\/www.24baires.com\/?p=76017"},"modified":"2015-12-05T11:21:29","modified_gmt":"2015-12-05T14:21:29","slug":"inicio-la-sesion-preparatoria-para-tomar-juramento-a-diputados","status":"publish","type":"post","link":"http:\/\/www.24baires.com\/?p=76017","title":{"rendered":"Inici\u00f3 la sesi\u00f3n preparatoria para tomar juramento a diputados"},"content":{"rendered":"<p><img data-recalc-dims=\"1\" loading=\"lazy\" decoding=\"async\" src=\"https:\/\/i0.wp.com\/www.24baires.com\/wp-content\/uploads\/2012\/11\/diputados5.jpg?resize=560%2C340\" alt=\"diputados5\" width=\"560\" height=\"340\" class=\"aligncenter size-full wp-image-5445\" srcset=\"https:\/\/i0.wp.com\/www.24baires.com\/wp-content\/uploads\/2012\/11\/diputados5.jpg?w=560 560w, https:\/\/i0.wp.com\/www.24baires.com\/wp-content\/uploads\/2012\/11\/diputados5.jpg?resize=300%2C182 300w\" sizes=\"auto, (max-width: 560px) 100vw, 560px\" \/>La C\u00e1mara de Diputados inici\u00f3 a las 18.25 la sesi\u00f3n donde jurar\u00e1n los 130 legisladores electos en los comicios del 25 de octubre y elegir\u00e1 al macrista bonaerense Emilio Monz\u00f3 como presidente de ese cuerpo.<!--more--><\/p>\n<p>Al comenzar la sesi\u00f3n, con 207 diputados presentes, se eligi\u00f3 a la diputada Elia Lagoria, por ser la legisladora de mayor edad como marca la tradici\u00f3n, para conducir la sesi\u00f3n y tomar juramento a los legisladores electos hasta que elijan las nuevas autoridades que conducir\u00e1n la c\u00e1mara desde el 10 de diciembre.<\/p>\n","protected":false},"excerpt":{"rendered":"<p>La C\u00e1mara de Diputados inici\u00f3 a las 18.25 la sesi\u00f3n donde jurar\u00e1n los 130 legisladores electos en los comicios del 25 de octubre y elegir\u00e1 al macrista bonaerense Emilio Monz\u00f3 como presidente de ese cuerpo.<\/p>\n","protected":false},"author":8,"featured_media":0,"comment_status":"open","ping_status":"open","sticky":false,"template":"","format":"standard","meta":{"_jetpack_newsletter_access":"","_jetpack_dont_email_post_to_subs":false,"_jetpack_newsletter_tier_id":0,"_jetpack_memberships_contains_paywalled_content":false,"_jetpack_memberships_contains_paid_content":false,"footnotes":""},"categories":[51],"tags":[],"class_list":["post-76017","post","type-post","status-publish","format-standard","hentry","category-politica"],"jetpack_shortlink":"https:\/\/wp.me\/p2JWE0-jM5","jetpack-related-posts":[{"id":113318,"url":"http:\/\/www.24baires.com\/?p=113318","url_meta":{"origin":76017,"position":0},"title":"Alberto y Cristina asumen el mando del pa\u00eds con un festival en Plaza de Mayo","author":"GB","date":"10\/12\/2019","format":false,"excerpt":"Ambos prestar\u00e1n juramento en la Asamblea Legislativa en la que el presidente saliente entregar\u00e1 el poder. Este jueves 10 de diciembre quedar\u00e1 en la historia tras el regreso del peronismo al poder luego de cuatro a\u00f1os de gobierno de Mauricio Macri. El presidente electo, Alberto Fern\u00e1ndez, asumir\u00e1 junto a la\u2026","rel":"","context":"En \u00abPol\u00edtica\u00bb","block_context":{"text":"Pol\u00edtica","link":"http:\/\/www.24baires.com\/?cat=51"},"img":{"alt_text":"","src":"https:\/\/i0.wp.com\/www.24baires.com\/wp-content\/uploads\/2019\/11\/cfk-alberto.jpg?resize=350%2C200","width":350,"height":200,"srcset":"https:\/\/i0.wp.com\/www.24baires.com\/wp-content\/uploads\/2019\/11\/cfk-alberto.jpg?resize=350%2C200 1x, https:\/\/i0.wp.com\/www.24baires.com\/wp-content\/uploads\/2019\/11\/cfk-alberto.jpg?resize=525%2C300 1.5x"},"classes":[]},{"id":119635,"url":"http:\/\/www.24baires.com\/?p=119635","url_meta":{"origin":76017,"position":1},"title":"La Corte orden\u00f3 que se le tome juramento a los diputados designados para Magistratura","author":"AF","date":"15\/12\/2022","format":false,"excerpt":"Los diputados a los que se orden\u00f3 tomar juramento son Rodolfo Tailhade y Vanesa Siley, del Frente de Todos; Alvaro Gonz\u00e1lez, del PRO, y Roxana Reyes, de la UCR. La Corte Suprema de Justicia de la Naci\u00f3n orden\u00f3 hoy que se tome juramento a los cuatro diputados nacionales designados para\u2026","rel":"","context":"En \u00abJUDICIALES\u00bb","block_context":{"text":"JUDICIALES","link":"http:\/\/www.24baires.com\/?cat=68"},"img":{"alt_text":"","src":"https:\/\/i0.wp.com\/www.24baires.com\/wp-content\/uploads\/2022\/12\/xxx.jpeg?resize=350%2C200","width":350,"height":200,"srcset":"https:\/\/i0.wp.com\/www.24baires.com\/wp-content\/uploads\/2022\/12\/xxx.jpeg?resize=350%2C200 1x, https:\/\/i0.wp.com\/www.24baires.com\/wp-content\/uploads\/2022\/12\/xxx.jpeg?resize=525%2C300 1.5x, https:\/\/i0.wp.com\/www.24baires.com\/wp-content\/uploads\/2022\/12\/xxx.jpeg?resize=700%2C400 2x"},"classes":[]},{"id":36198,"url":"http:\/\/www.24baires.com\/?p=36198","url_meta":{"origin":76017,"position":2},"title":"Juran diputados electos y reeligen a Dom\u00ednguez como titular del cuerpo","author":"AF","date":"04\/12\/2013","format":false,"excerpt":"La sesi\u00f3n preparatoria en la que se tomar\u00e1 juramento a los 127 legisladores electos en octubre se inici\u00f3 pasadas las 10.30. Se renovar\u00e1n las autoridades del cuerpo y ser\u00e1 reelecto como presidente Juli\u00e1n Dom\u00ednguez. El resultado de los comicios del 27 de octubre permiti\u00f3 al Frente para la Victoria consolidar\u2026","rel":"","context":"En \u00abPol\u00edtica\u00bb","block_context":{"text":"Pol\u00edtica","link":"http:\/\/www.24baires.com\/?cat=51"},"img":{"alt_text":"diputados","src":"https:\/\/i0.wp.com\/www.24baires.com\/wp-content\/uploads\/2013\/12\/diputados-300x199.jpg?resize=350%2C200","width":350,"height":200},"classes":[]},{"id":113264,"url":"http:\/\/www.24baires.com\/?p=113264","url_meta":{"origin":76017,"position":3},"title":"Juraron los 35 diputados de la provincia que ingresan al Congreso","author":"GB","date":"05\/12\/2019","format":false,"excerpt":"Los legisladores que representar\u00e1n a los bonaerenses asumieron formalmente en sus bancas y se reagruparon en bloques Los 130 diputados que resultaron electos en todo el pa\u00eds tomaron juramento y los 35 que corresponden a la provincia de Buenos Aires hicieron dedicatorias especiales a la hora de asumir su banca.\u2026","rel":"","context":"En \u00abProvincia\u00bb","block_context":{"text":"Provincia","link":"http:\/\/www.24baires.com\/?cat=40"},"img":{"alt_text":"","src":"https:\/\/i0.wp.com\/www.24baires.com\/wp-content\/uploads\/2019\/12\/diputados-asumiento.jpg?resize=350%2C200","width":350,"height":200,"srcset":"https:\/\/i0.wp.com\/www.24baires.com\/wp-content\/uploads\/2019\/12\/diputados-asumiento.jpg?resize=350%2C200 1x, https:\/\/i0.wp.com\/www.24baires.com\/wp-content\/uploads\/2019\/12\/diputados-asumiento.jpg?resize=525%2C300 1.5x"},"classes":[]},{"id":120726,"url":"http:\/\/www.24baires.com\/?p=120726","url_meta":{"origin":76017,"position":4},"title":"Cristina se despidi\u00f3 de los trabajadores del Senado","author":"AF","date":"05\/12\/2023","format":false,"excerpt":"El encuentro de la Vicepresidenta con trabajadores del Senado de la Naci\u00f3n se realiz\u00f3 este martes en el edificio anexo de la C\u00e1mara alta. Este jueves Cristina Kirchner tomar\u00e1 juramento a los senadores electos y el pr\u00f3ximo domingo abrir\u00e1 la Asamblea Legislativa para la asunci\u00f3n del nuevo gobierno. La vicepresidenta\u2026","rel":"","context":"En \u00abPol\u00edtica\u00bb","block_context":{"text":"Pol\u00edtica","link":"http:\/\/www.24baires.com\/?cat=51"},"img":{"alt_text":"","src":"https:\/\/i0.wp.com\/www.24baires.com\/wp-content\/uploads\/2023\/12\/cfk.jpg?resize=350%2C200","width":350,"height":200,"srcset":"https:\/\/i0.wp.com\/www.24baires.com\/wp-content\/uploads\/2023\/12\/cfk.jpg?resize=350%2C200 1x, https:\/\/i0.wp.com\/www.24baires.com\/wp-content\/uploads\/2023\/12\/cfk.jpg?resize=525%2C300 1.5x, https:\/\/i0.wp.com\/www.24baires.com\/wp-content\/uploads\/2023\/12\/cfk.jpg?resize=700%2C400 2x, https:\/\/i0.wp.com\/www.24baires.com\/wp-content\/uploads\/2023\/12\/cfk.jpg?resize=1050%2C600 3x"},"classes":[]},{"id":114997,"url":"http:\/\/www.24baires.com\/?p=114997","url_meta":{"origin":76017,"position":5},"title":"Senadores y Diputados nacionales sesionar\u00e1n virtualmente por primera","author":"GB","date":"13\/05\/2020","format":false,"excerpt":"La C\u00e1mara Alta, presidida por Cristina Fern\u00e1ndez de Kirchner, debatir\u00e1 desde las 14 y la Baja, conducida por Sergio Massa, lo har\u00e1 a las 18. Tanto la C\u00e1mara de Senadores como la de Diputados nacionales llevar\u00e1n a cabo sus primeras sesiones a distancia a trav\u00e9s de una plataforma digital. De\u2026","rel":"","context":"En \u00abPol\u00edtica\u00bb","block_context":{"text":"Pol\u00edtica","link":"http:\/\/www.24baires.com\/?cat=51"},"img":{"alt_text":"","src":"https:\/\/i0.wp.com\/www.24baires.com\/wp-content\/uploads\/2020\/05\/diputados-virtual.jpg?resize=350%2C200","width":350,"height":200,"srcset":"https:\/\/i0.wp.com\/www.24baires.com\/wp-content\/uploads\/2020\/05\/diputados-virtual.jpg?resize=350%2C200 1x, https:\/\/i0.wp.com\/www.24baires.com\/wp-content\/uploads\/2020\/05\/diputados-virtual.jpg?resize=525%2C300 1.5x"},"classes":[]}],"jetpack_sharing_enabled":true,"jetpack_likes_enabled":true,"jetpack_featured_media_url":"","_links":{"self":[{"href":"http:\/\/www.24baires.com\/index.php?rest_route=\/wp\/v2\/posts\/76017","targetHints":{"allow":["GET"]}}],"collection":[{"href":"http:\/\/www.24baires.com\/index.php?rest_route=\/wp\/v2\/posts"}],"about":[{"href":"http:\/\/www.24baires.com\/index.php?rest_route=\/wp\/v2\/types\/post"}],"author":[{"embeddable":true,"href":"http:\/\/www.24baires.com\/index.php?rest_route=\/wp\/v2\/users\/8"}],"replies":[{"embeddable":true,"href":"http:\/\/www.24baires.com\/index.php?rest_route=%2Fwp%2Fv2%2Fcomments&post=76017"}],"version-history":[{"count":1,"href":"http:\/\/www.24baires.com\/index.php?rest_route=\/wp\/v2\/posts\/76017\/revisions"}],"predecessor-version":[{"id":76018,"href":"http:\/\/www.24baires.com\/index.php?rest_route=\/wp\/v2\/posts\/76017\/revisions\/76018"}],"wp:attachment":[{"href":"http:\/\/www.24baires.com\/index.php?rest_route=%2Fwp%2Fv2%2Fmedia&parent=76017"}],"wp:term":[{"taxonomy":"category","embeddable":true,"href":"http:\/\/www.24baires.com\/index.php?rest_route=%2Fwp%2Fv2%2Fcategories&post=76017"},{"taxonomy":"post_tag","embeddable":true,"href":"http:\/\/www.24baires.com\/index.php?rest_route=%2Fwp%2Fv2%2Ftags&post=76017"}],"curies":[{"name":"wp","href":"https:\/\/api.w.org\/{rel}","templated":true}]}}