{"id":76011,"date":"2015-12-04T18:30:15","date_gmt":"2015-12-04T21:30:15","guid":{"rendered":"http:\/\/www.24baires.com\/?p=76011"},"modified":"2015-12-04T17:22:40","modified_gmt":"2015-12-04T20:22:40","slug":"zulemita-menem-la-politica-de-macri-es-la-mas-parecida-a-la-de-mi-padre","status":"publish","type":"post","link":"http:\/\/www.24baires.com\/?p=76011","title":{"rendered":"Zulemita Menem: \u00abLa pol\u00edtica de Macri es la m\u00e1s parecida a la de mi padre\u00bb"},"content":{"rendered":"<p><img data-recalc-dims=\"1\" loading=\"lazy\" decoding=\"async\" class=\"aligncenter size-full wp-image-52828\" src=\"https:\/\/i0.wp.com\/www.24baires.com\/wp-content\/uploads\/2014\/08\/zulemita-menem.jpg?resize=560%2C336\" alt=\"zulemita menem\" width=\"560\" height=\"336\" srcset=\"https:\/\/i0.wp.com\/www.24baires.com\/wp-content\/uploads\/2014\/08\/zulemita-menem.jpg?w=560 560w, https:\/\/i0.wp.com\/www.24baires.com\/wp-content\/uploads\/2014\/08\/zulemita-menem.jpg?resize=300%2C180 300w\" sizes=\"auto, (max-width: 560px) 100vw, 560px\" \/>Tanto la hija como la ex esposa de Carlos Sa\u00fal Menem, se manifestaron cercanas a las propuestas de Mauricio Macri y relataron, casi con orgullo, que muchos de los colaboradores y futuros ministros provienen del ri\u00f1\u00f3n menemista.<!--more--><\/p>\n<p>Zulema Yoma y su hija Zulemita reaparecieron en una extensa entrevista con Luis Novaresio en el programa Animales Sueltos donde compararon a Macri con el ex mandatario Carlos Sa\u00fal Menem.<\/p>\n<p>\u00abA Daniel (Scioli) lo quiero mucho pero la pol\u00edtica de Mauricio es la m\u00e1s parecida a la de mi padre y la gente que lo acompa\u00f1a es la segunda generaci\u00f3n de los que estuvieron con mi pap\u00e1: Burzaco, Santilli, mi primo Adri\u00e1n trabaja para el Pro, Triaca, Melconian, hay muchos que vinieron de Menem\u00bb, afirm\u00f3 Zulemita comentando porqu\u00e9 apoy\u00f3 a Mauricio Macri en las \u00faltimas elecciones.<\/p>\n<p>Adem\u00e1s, revel\u00f3 que su padre no vot\u00f3 en esta elecci\u00f3n: \u00abFue casi 11 a\u00f1os presidente y el que m\u00e1s estuvo en ejercicio. Mi hijo lo escucha mucho al abuelo y le pregunta cosas pero est\u00e1 bueno porque le interesa la pol\u00edtica\u00bb.<\/p>\n<p>A su vez, la ex mujer dijo que \u00abcomo Menem otro no va a haber, era un Maquiavelo de primera, jugaba como los dioses\u00bb y agreg\u00f3 que \u00abArgentina tiene ADN menemista\u00bb.<\/p>\n<p>Consultada por la tr\u00e1gica muerte de Carlos Menem Junior, Zulema asegur\u00f3 que desde el 10 de diciembre volver\u00e1 a acudir a la Comisi\u00f3n Interamericana de Derechos Humanos para intentar esclarecer el hecho, y dio una confesi\u00f3n que nunca antes hab\u00eda realizado: \u00abMenen me confes\u00f3 ante seis testigos que a Carlitos le dieron el tiro de gracia en la frente, yo cre\u00eda que en la nuca. Fue el tercer atentado de este pa\u00eds y fue por geopol\u00edtica\u00bb.<\/p>\n<p>&nbsp;<\/p>\n<p>&nbsp;<\/p>\n<p>&nbsp;<\/p>\n<p>&nbsp;<\/p>\n<p>&nbsp;<\/p>\n<p>&nbsp;<\/p>\n<p>&nbsp;<\/p>\n<p>&nbsp;<\/p>\n<p>&nbsp;<\/p>\n<p>&nbsp;<\/p>\n<p>&nbsp;<\/p>\n<p>&nbsp;<\/p>\n<p>&nbsp;<\/p>\n<p>&nbsp;<\/p>\n<p>&nbsp;<\/p>\n<p>&nbsp;<\/p>\n<p>&nbsp;<\/p>\n","protected":false},"excerpt":{"rendered":"<p>Tanto la hija como la ex esposa de Carlos Sa\u00fal Menem, se manifestaron cercanas a las propuestas de Mauricio Macri y relataron, casi con orgullo, que muchos de los colaboradores y futuros ministros provienen del ri\u00f1\u00f3n menemista.<\/p>\n","protected":false},"author":8,"featured_media":0,"comment_status":"open","ping_status":"open","sticky":false,"template":"","format":"standard","meta":{"_jetpack_newsletter_access":"","_jetpack_dont_email_post_to_subs":false,"_jetpack_newsletter_tier_id":0,"_jetpack_memberships_contains_paywalled_content":false,"_jetpack_memberships_contains_paid_content":false,"footnotes":""},"categories":[51],"tags":[],"class_list":["post-76011","post","type-post","status-publish","format-standard","hentry","category-politica"],"jetpack_shortlink":"https:\/\/wp.me\/p2JWE0-jLZ","jetpack-related-posts":[{"id":52827,"url":"http:\/\/www.24baires.com\/?p=52827","url_meta":{"origin":76011,"position":0},"title":"Zulemita: \u00abPap\u00e1 fue testigo del casamiento de Massa\u00bb","author":"AF","date":"31\/08\/2014","format":false,"excerpt":"La hija del ex presidente, Carlos Menem, afirm\u00f3 que su padre fue testigo del casamiento del diputado Sergio Massa con su esposa Malena Galmarini. Zulemita Menem destac\u00f3, en el marco del programa de Mirtha Legrand, que su padre es muy amigo de \"Pato\" Galmarini, padre de Malena, y que el\u2026","rel":"","context":"En \u00abPol\u00edtica\u00bb","block_context":{"text":"Pol\u00edtica","link":"http:\/\/www.24baires.com\/?cat=51"},"img":{"alt_text":"","src":"https:\/\/i0.wp.com\/www.24baires.com\/wp-content\/uploads\/2014\/08\/zulemita-menem.jpg?resize=350%2C200","width":350,"height":200,"srcset":"https:\/\/i0.wp.com\/www.24baires.com\/wp-content\/uploads\/2014\/08\/zulemita-menem.jpg?resize=350%2C200 1x, https:\/\/i0.wp.com\/www.24baires.com\/wp-content\/uploads\/2014\/08\/zulemita-menem.jpg?resize=525%2C300 1.5x"},"classes":[]},{"id":66930,"url":"http:\/\/www.24baires.com\/?p=66930","url_meta":{"origin":76011,"position":1},"title":"Esc\u00e1ndalo entre los Menem: Zulemita dijo que \u00abCarlos le rob\u00f3 y le peg\u00f3 a una amiga\u00bb","author":"GB","date":"02\/06\/2015","format":false,"excerpt":"La hija del ex presidente dio detalles del hecho, tras la detenci\u00f3n de su hermano, Carlos Nair, por portaci\u00f3n de un arma de guerra. \"Le rompi\u00f3 la nariz y las costillas\", denunci\u00f3. Los detenidos fueron trasladados a la fiscal\u00eda. \"\u00c9l no se deja ayudar\", admiti\u00f3 la hermana de Carlos Nair\u2026","rel":"","context":"En \u00abPoliciales\u00bb","block_context":{"text":"Policiales","link":"http:\/\/www.24baires.com\/?cat=49"},"img":{"alt_text":"hermanos menem","src":"https:\/\/i0.wp.com\/www.24baires.com\/wp-content\/uploads\/2015\/06\/hermanos-menem-274x300.jpg?resize=350%2C200","width":350,"height":200},"classes":[]},{"id":62503,"url":"http:\/\/www.24baires.com\/?p=62503","url_meta":{"origin":76011,"position":2},"title":"Se inici\u00f3 el juicio por el pago de sobresueldos contra Menem y Cavallo","author":"GB","date":"02\/03\/2015","format":false,"excerpt":"El debate se inici\u00f3 poco antes de las 11 ante el Tribunal Oral Federal 4 con la presencia en la sala de Zulemita Menem y otros familiares de los procesados. En cambio, no se presentaron ni Camili\u00f3n y Mar\u00eda Julia Alsogaray. El juicio oral por el pago de sobresueldos a\u2026","rel":"","context":"En \u00abJUDICIALES\u00bb","block_context":{"text":"JUDICIALES","link":"http:\/\/www.24baires.com\/?cat=68"},"img":{"alt_text":"menem y cavallo","src":"https:\/\/i0.wp.com\/www.24baires.com\/wp-content\/uploads\/2014\/09\/menem-y-cavallo.jpg?resize=350%2C200","width":350,"height":200,"srcset":"https:\/\/i0.wp.com\/www.24baires.com\/wp-content\/uploads\/2014\/09\/menem-y-cavallo.jpg?resize=350%2C200 1x, https:\/\/i0.wp.com\/www.24baires.com\/wp-content\/uploads\/2014\/09\/menem-y-cavallo.jpg?resize=525%2C300 1.5x"},"classes":[]},{"id":82680,"url":"http:\/\/www.24baires.com\/?p=82680","url_meta":{"origin":76011,"position":3},"title":"Menem declar\u00f3 por la muerte de su hijo y dijo que \u00abescuch\u00f3 que lo mat\u00f3 el Hezbollah\u00bb","author":"GB","date":"13\/05\/2016","format":false,"excerpt":"El ex presidente se neg\u00f3 a responder las preguntas del abogado de Zulema Yoma y se limit\u00f3 a decir que el entonces Canciller, Guido Di Tella, le hab\u00eda asegurado que servicios de Inteligencia extranjeros hab\u00edan apuntado contra Hezbol\u00e1 por la muerte de Carlos Junior. El ex presidente Carlos Menem se\u2026","rel":"","context":"En \u00abPol\u00edtica\u00bb","block_context":{"text":"Pol\u00edtica","link":"http:\/\/www.24baires.com\/?cat=51"},"img":{"alt_text":"","src":"https:\/\/i0.wp.com\/www.24baires.com\/wp-content\/uploads\/2016\/05\/menem-c.jpg?resize=350%2C200","width":350,"height":200,"srcset":"https:\/\/i0.wp.com\/www.24baires.com\/wp-content\/uploads\/2016\/05\/menem-c.jpg?resize=350%2C200 1x, https:\/\/i0.wp.com\/www.24baires.com\/wp-content\/uploads\/2016\/05\/menem-c.jpg?resize=525%2C300 1.5x"},"classes":[]},{"id":103332,"url":"http:\/\/www.24baires.com\/?p=103332","url_meta":{"origin":76011,"position":4},"title":"Sarlo: \u00abEl pa\u00eds que dejar\u00e1 Macri va a ser peor que el que dej\u00f3 Menem\u00bb","author":"AF","date":"13\/07\/2018","format":false,"excerpt":"La escritora y ensayista asegur\u00f3 que se puede trazar un claro paralelismo entre los gobiernos de Macri y Menem y advirti\u00f3 que la desigualdad se acent\u00faa cada vez m\u00e1s. Beatriz Sarlo, una de las intelectuales m\u00e1s l\u00facidas de la Argentina fue una fuerte detractora del gobierno de Cristina Kirchner. Cada\u2026","rel":"","context":"En \u00abPol\u00edtica\u00bb","block_context":{"text":"Pol\u00edtica","link":"http:\/\/www.24baires.com\/?cat=51"},"img":{"alt_text":"","src":"https:\/\/i0.wp.com\/www.24baires.com\/wp-content\/uploads\/2018\/07\/sarlo.jpg?resize=350%2C200","width":350,"height":200,"srcset":"https:\/\/i0.wp.com\/www.24baires.com\/wp-content\/uploads\/2018\/07\/sarlo.jpg?resize=350%2C200 1x, https:\/\/i0.wp.com\/www.24baires.com\/wp-content\/uploads\/2018\/07\/sarlo.jpg?resize=525%2C300 1.5x"},"classes":[]},{"id":121981,"url":"http:\/\/www.24baires.com\/?p=121981","url_meta":{"origin":76011,"position":5},"title":"Desde Mar del Plata, Mart\u00edn Menem postul\u00f3 a Karina Milei como candidata","author":"GB","date":"14\/01\/2025","format":false,"excerpt":"El Presidente de la C\u00e1mara habl\u00f3 de una eventual candidatura de Karina Milei en las pr\u00f3ximas elecciones y evalu\u00f3 una posible convergencia con el PRO de Mauricio Macri. En la reaparici\u00f3n de los libertarios en la l\u00ednea pol\u00edtica, el presidente de la C\u00e1mara de Diputados, Mart\u00edn Menem, sorprendi\u00f3 al postular\u2026","rel":"","context":"En \u00abPol\u00edtica\u00bb","block_context":{"text":"Pol\u00edtica","link":"http:\/\/www.24baires.com\/?cat=51"},"img":{"alt_text":"","src":"https:\/\/i0.wp.com\/www.24baires.com\/wp-content\/uploads\/2025\/01\/menem-lla.webp?resize=350%2C200","width":350,"height":200,"srcset":"https:\/\/i0.wp.com\/www.24baires.com\/wp-content\/uploads\/2025\/01\/menem-lla.webp?resize=350%2C200 1x, https:\/\/i0.wp.com\/www.24baires.com\/wp-content\/uploads\/2025\/01\/menem-lla.webp?resize=525%2C300 1.5x, https:\/\/i0.wp.com\/www.24baires.com\/wp-content\/uploads\/2025\/01\/menem-lla.webp?resize=700%2C400 2x"},"classes":[]}],"jetpack_sharing_enabled":true,"jetpack_likes_enabled":true,"jetpack_featured_media_url":"","_links":{"self":[{"href":"http:\/\/www.24baires.com\/index.php?rest_route=\/wp\/v2\/posts\/76011","targetHints":{"allow":["GET"]}}],"collection":[{"href":"http:\/\/www.24baires.com\/index.php?rest_route=\/wp\/v2\/posts"}],"about":[{"href":"http:\/\/www.24baires.com\/index.php?rest_route=\/wp\/v2\/types\/post"}],"author":[{"embeddable":true,"href":"http:\/\/www.24baires.com\/index.php?rest_route=\/wp\/v2\/users\/8"}],"replies":[{"embeddable":true,"href":"http:\/\/www.24baires.com\/index.php?rest_route=%2Fwp%2Fv2%2Fcomments&post=76011"}],"version-history":[{"count":1,"href":"http:\/\/www.24baires.com\/index.php?rest_route=\/wp\/v2\/posts\/76011\/revisions"}],"predecessor-version":[{"id":76012,"href":"http:\/\/www.24baires.com\/index.php?rest_route=\/wp\/v2\/posts\/76011\/revisions\/76012"}],"wp:attachment":[{"href":"http:\/\/www.24baires.com\/index.php?rest_route=%2Fwp%2Fv2%2Fmedia&parent=76011"}],"wp:term":[{"taxonomy":"category","embeddable":true,"href":"http:\/\/www.24baires.com\/index.php?rest_route=%2Fwp%2Fv2%2Fcategories&post=76011"},{"taxonomy":"post_tag","embeddable":true,"href":"http:\/\/www.24baires.com\/index.php?rest_route=%2Fwp%2Fv2%2Ftags&post=76011"}],"curies":[{"name":"wp","href":"https:\/\/api.w.org\/{rel}","templated":true}]}}