{"id":75970,"date":"2015-12-03T21:00:04","date_gmt":"2015-12-04T00:00:04","guid":{"rendered":"http:\/\/www.24baires.com\/?p=75970"},"modified":"2015-12-03T20:20:39","modified_gmt":"2015-12-03T23:20:39","slug":"moyano-dijo-que-las-paritarias-deberian-superar-el-28","status":"publish","type":"post","link":"http:\/\/www.24baires.com\/?p=75970","title":{"rendered":"Moyano dijo que las paritarias \u00abdeber\u00edan superar el 28%\u00bb"},"content":{"rendered":"<p><img data-recalc-dims=\"1\" loading=\"lazy\" decoding=\"async\" src=\"https:\/\/i0.wp.com\/www.24baires.com\/wp-content\/uploads\/2013\/09\/Moyano.jpg?resize=260%2C186\" alt=\"Moyano\" width=\"260\" height=\"186\" class=\"alignleft size-full wp-image-31972\" \/>El l\u00edder de la CGT Azopardo lo manifest\u00f3 luego de reunirse con el presidente electo, Mauricio Macri. \u00abNuestra prioridad es cuidar el poder adquisitivo\u00bb, subray\u00f3.<!--more--><\/p>\n<p>El l\u00edder de Camioneros y secretario general la central Azopardo se reuni\u00f3 este jueves con el presidente electo en la sede del Ejecutivo porte\u00f1o. Del encuentro del que tambi\u00e9n particip\u00f3 el designado ministro de Transporte, Guillermo Dietrich, no dio demasiadas precisiones aunque adelant\u00f3 que, a su parecer, los acuerdos paritarios que se cierren el pr\u00f3ximo a\u00f1o deber\u00edan superar el 28 por ciento.<\/p>\n<p>Aumento de precios. Al ser consultado por el aumento de precios de los \u00faltimos d\u00edas, Moyano prefiri\u00f3 cargar culpas el gobierno saliente y adelant\u00f3 que el observatorio de precios de la CGT marca una inflaci\u00f3n del 28% para el a\u00f1o que termina.<\/p>\n<p>\u00abSeg\u00fan los estudios que tenemos nosotros hay una inflaci\u00f3n del 28%, esto es una devaluaci\u00f3n que se est\u00e1 haciendo y que est\u00e1 haciendo el gobierno que se va\u00bb, dispar\u00f3 Moyano y adelant\u00f3 que \u00ablas pr\u00f3ximas paritarias seguro van a ser superiores al 28%\u00bb.<\/p>\n<p>Advirti\u00f3, en ese sentido: \u00abNuestra actitud va a ser la de siempre, pelear para mantener el poder adquisitivo del trabajo\u00bb.<\/p>\n<p>Unificaci\u00f3n de las centrales. Moyano asegur\u00f3, por \u00faltimo, que las distintas centrales gremiales en las que se dividi\u00f3 la CGT en los \u00faltimos a\u00f1os est\u00e1n desandando el camino hacia la reunificaci\u00f3n. \u00abYa hay un principio de acuerdo de iniciar la tarea para la unidad\u00bb, confi\u00f3 el l\u00edder camionero a los medios.<\/p>\n","protected":false},"excerpt":{"rendered":"<p>El l\u00edder de la CGT Azopardo lo manifest\u00f3 luego de reunirse con el presidente electo, Mauricio Macri. \u00abNuestra prioridad es cuidar el poder adquisitivo\u00bb, subray\u00f3.<\/p>\n","protected":false},"author":8,"featured_media":0,"comment_status":"open","ping_status":"open","sticky":false,"template":"","format":"standard","meta":{"_jetpack_newsletter_access":"","_jetpack_dont_email_post_to_subs":false,"_jetpack_newsletter_tier_id":0,"_jetpack_memberships_contains_paywalled_content":false,"_jetpack_memberships_contains_paid_content":false,"footnotes":""},"categories":[51],"tags":[],"class_list":["post-75970","post","type-post","status-publish","format-standard","hentry","category-politica"],"jetpack_shortlink":"https:\/\/wp.me\/p2JWE0-jLk","jetpack-related-posts":[{"id":78432,"url":"http:\/\/www.24baires.com\/?p=78432","url_meta":{"origin":75970,"position":0},"title":"Moyano: si le ponen techo a las paritarias \u00abque lo digan y empezamos a hablar en otro idioma\u00bb","author":"AF","date":"02\/02\/2016","format":false,"excerpt":"\"Si quieren limitar las paritarias, que lo digan y entonces empezamos a hablar en otro idioma\", dijo el jefe de la CGT de Azopardo. Es en respuesta a las declaraciones del ministro de Trabajo, Jorge Triaca, quien asegur\u00f3 que la discusi\u00f3n de salarios deb\u00eda tener un \"margen de discusi\u00f3n del\u2026","rel":"","context":"En \u00abSociedad\u00bb","block_context":{"text":"Sociedad","link":"http:\/\/www.24baires.com\/?cat=1"},"img":{"alt_text":"moyano4","src":"https:\/\/i0.wp.com\/www.24baires.com\/wp-content\/uploads\/2012\/11\/moyano4.jpg?resize=350%2C200","width":350,"height":200,"srcset":"https:\/\/i0.wp.com\/www.24baires.com\/wp-content\/uploads\/2012\/11\/moyano4.jpg?resize=350%2C200 1x, https:\/\/i0.wp.com\/www.24baires.com\/wp-content\/uploads\/2012\/11\/moyano4.jpg?resize=525%2C300 1.5x"},"classes":[]},{"id":102600,"url":"http:\/\/www.24baires.com\/?p=102600","url_meta":{"origin":75970,"position":1},"title":"La CGT \u00abpaus\u00f3\u00bb la realizaci\u00f3n del pr\u00f3ximo paro","author":"AF","date":"07\/06\/2018","format":false,"excerpt":"El Consejo Directivo de la CGT decidi\u00f3 entrar en \"un comp\u00e1s de espera\" y pas\u00f3 a un cuarto intermedio hasta el martes pr\u00f3ximo a la espera de la respuesta al petitorio de cinco puntos que entreg\u00f3 hoy al mediod\u00eda en la Casa Rosada, que cuenta entre ellos la suspensi\u00f3n de\u2026","rel":"","context":"En \u00abSociedad\u00bb","block_context":{"text":"Sociedad","link":"http:\/\/www.24baires.com\/?cat=1"},"img":{"alt_text":"","src":"https:\/\/i0.wp.com\/www.24baires.com\/wp-content\/uploads\/2018\/04\/cgt.jpg?resize=350%2C200","width":350,"height":200,"srcset":"https:\/\/i0.wp.com\/www.24baires.com\/wp-content\/uploads\/2018\/04\/cgt.jpg?resize=350%2C200 1x, https:\/\/i0.wp.com\/www.24baires.com\/wp-content\/uploads\/2018\/04\/cgt.jpg?resize=525%2C300 1.5x"},"classes":[]},{"id":112844,"url":"http:\/\/www.24baires.com\/?p=112844","url_meta":{"origin":75970,"position":2},"title":"CGT: \u00abNo vamos a exigirle a Alberto bono navide\u00f1o ni de fin de a\u00f1o\u00bb","author":"AF","date":"04\/11\/2019","format":false,"excerpt":"Faltando casi un mes para el traspaso de mando, el secretario general de UPCN, Andr\u00e9s Rodr\u00edguez, habl\u00f3 de la invitaci\u00f3n que le hicieron para este viernes al presidente electo. El titular de la Uni\u00f3n de Personal Civil de la Naci\u00f3n (UPCN), Andr\u00e9s Rodr\u00edguez, habl\u00f3 del plenario de la CGT que\u2026","rel":"","context":"En \u00abSociedad\u00bb","block_context":{"text":"Sociedad","link":"http:\/\/www.24baires.com\/?cat=1"},"img":{"alt_text":"","src":"https:\/\/i0.wp.com\/www.24baires.com\/wp-content\/uploads\/2019\/04\/cgt.jpg?resize=350%2C200","width":350,"height":200,"srcset":"https:\/\/i0.wp.com\/www.24baires.com\/wp-content\/uploads\/2019\/04\/cgt.jpg?resize=350%2C200 1x, https:\/\/i0.wp.com\/www.24baires.com\/wp-content\/uploads\/2019\/04\/cgt.jpg?resize=525%2C300 1.5x"},"classes":[]},{"id":76063,"url":"http:\/\/www.24baires.com\/?p=76063","url_meta":{"origin":75970,"position":3},"title":"Moyano advirti\u00f3 a Macri: \u00abNo dejaremos que se pierda el poder adquisitivo\u00bb","author":"GB","date":"06\/12\/2015","format":false,"excerpt":"El jefe de la CGT, Hugo Moyano, advirti\u00f3 este s\u00e1bado de cara a las paritarias del a\u00f1o pr\u00f3ximo que \"el movimiento obrero no est\u00e1 dispuesto a que el trabajador pierda poder adquisitivo del salario\", porque alert\u00f3 que en ese caso el pa\u00eds \"cambiar\u00e1 para mal\" en lugar de hacerlo \"para\u2026","rel":"","context":"En \u00abPol\u00edtica\u00bb","block_context":{"text":"Pol\u00edtica","link":"http:\/\/www.24baires.com\/?cat=51"},"img":{"alt_text":"moyano","src":"https:\/\/i0.wp.com\/www.24baires.com\/wp-content\/uploads\/2012\/11\/moyano.jpg?resize=350%2C200","width":350,"height":200,"srcset":"https:\/\/i0.wp.com\/www.24baires.com\/wp-content\/uploads\/2012\/11\/moyano.jpg?resize=350%2C200 1x, https:\/\/i0.wp.com\/www.24baires.com\/wp-content\/uploads\/2012\/11\/moyano.jpg?resize=525%2C300 1.5x"},"classes":[]},{"id":73881,"url":"http:\/\/www.24baires.com\/?p=73881","url_meta":{"origin":75970,"position":4},"title":"Moyano y Cal\u00f3 firman documento para la reunificaci\u00f3n de la CGT","author":"AF","date":"21\/10\/2015","format":false,"excerpt":"Referentes gremiales de la CGT Azopardo de Hugo Moyano y de la CGT oficialista de Antonio Cal\u00f3 se reunir\u00e1n este mi\u00e9rcoles en un hotel del centro porte\u00f1o donde difundir\u00e1n un documento en pos de la reunificaci\u00f3n de la central obrera, a cuatro d\u00edas de las elecciones presidenciales. El texto que\u2026","rel":"","context":"En \u00abSociedad\u00bb","block_context":{"text":"Sociedad","link":"http:\/\/www.24baires.com\/?cat=1"},"img":{"alt_text":"","src":"https:\/\/i0.wp.com\/www.24baires.com\/wp-content\/uploads\/2015\/10\/cal%C3%B3-moyano.jpg?resize=350%2C200","width":350,"height":200,"srcset":"https:\/\/i0.wp.com\/www.24baires.com\/wp-content\/uploads\/2015\/10\/cal%C3%B3-moyano.jpg?resize=350%2C200 1x, https:\/\/i0.wp.com\/www.24baires.com\/wp-content\/uploads\/2015\/10\/cal%C3%B3-moyano.jpg?resize=525%2C300 1.5x"},"classes":[]},{"id":79247,"url":"http:\/\/www.24baires.com\/?p=79247","url_meta":{"origin":75970,"position":5},"title":"Moyano: \u00abSi Macri hubiese dicho lo que iba a hacer, no lo votaba nadie\u00bb","author":"AF","date":"23\/02\/2016","format":false,"excerpt":"El l\u00edder de la CGT Azopardo respondi\u00f3 as\u00ed a la consulta sobre la modificaci\u00f3n del Impuesto a las Ganancias, que ahora pagar\u00e1n unos 200 mil trabajadores y 100 mil jubilados m\u00e1s. \"No est\u00e1 cumpliendo con lo que prometi\u00f3\", dispar\u00f3. El secretario general de la CGT Azopardo, Hugo Moyano, critic\u00f3 hoy\u2026","rel":"","context":"En \u00abPol\u00edtica\u00bb","block_context":{"text":"Pol\u00edtica","link":"http:\/\/www.24baires.com\/?cat=51"},"img":{"alt_text":"","src":"https:\/\/i0.wp.com\/www.24baires.com\/wp-content\/uploads\/2016\/02\/macri-moyano.jpg?resize=350%2C200","width":350,"height":200,"srcset":"https:\/\/i0.wp.com\/www.24baires.com\/wp-content\/uploads\/2016\/02\/macri-moyano.jpg?resize=350%2C200 1x, https:\/\/i0.wp.com\/www.24baires.com\/wp-content\/uploads\/2016\/02\/macri-moyano.jpg?resize=525%2C300 1.5x"},"classes":[]}],"jetpack_sharing_enabled":true,"jetpack_likes_enabled":true,"jetpack_featured_media_url":"","_links":{"self":[{"href":"http:\/\/www.24baires.com\/index.php?rest_route=\/wp\/v2\/posts\/75970","targetHints":{"allow":["GET"]}}],"collection":[{"href":"http:\/\/www.24baires.com\/index.php?rest_route=\/wp\/v2\/posts"}],"about":[{"href":"http:\/\/www.24baires.com\/index.php?rest_route=\/wp\/v2\/types\/post"}],"author":[{"embeddable":true,"href":"http:\/\/www.24baires.com\/index.php?rest_route=\/wp\/v2\/users\/8"}],"replies":[{"embeddable":true,"href":"http:\/\/www.24baires.com\/index.php?rest_route=%2Fwp%2Fv2%2Fcomments&post=75970"}],"version-history":[{"count":1,"href":"http:\/\/www.24baires.com\/index.php?rest_route=\/wp\/v2\/posts\/75970\/revisions"}],"predecessor-version":[{"id":75971,"href":"http:\/\/www.24baires.com\/index.php?rest_route=\/wp\/v2\/posts\/75970\/revisions\/75971"}],"wp:attachment":[{"href":"http:\/\/www.24baires.com\/index.php?rest_route=%2Fwp%2Fv2%2Fmedia&parent=75970"}],"wp:term":[{"taxonomy":"category","embeddable":true,"href":"http:\/\/www.24baires.com\/index.php?rest_route=%2Fwp%2Fv2%2Fcategories&post=75970"},{"taxonomy":"post_tag","embeddable":true,"href":"http:\/\/www.24baires.com\/index.php?rest_route=%2Fwp%2Fv2%2Ftags&post=75970"}],"curies":[{"name":"wp","href":"https:\/\/api.w.org\/{rel}","templated":true}]}}