{"id":75967,"date":"2015-12-03T20:18:24","date_gmt":"2015-12-03T23:18:24","guid":{"rendered":"http:\/\/www.24baires.com\/?p=75967"},"modified":"2015-12-04T11:08:24","modified_gmt":"2015-12-04T14:08:24","slug":"bossio-y-basavilbaso-avanzaron-con-la-transicion","status":"publish","type":"post","link":"http:\/\/www.24baires.com\/?p=75967","title":{"rendered":"Bossio y Basavilbaso avanzaron con la transici\u00f3n"},"content":{"rendered":"<p><img data-recalc-dims=\"1\" loading=\"lazy\" decoding=\"async\" class=\"aligncenter size-full wp-image-63381\" src=\"https:\/\/i0.wp.com\/www.24baires.com\/wp-content\/uploads\/2015\/03\/bossio3.jpg?resize=560%2C306\" alt=\"bossio3\" width=\"560\" height=\"306\" srcset=\"https:\/\/i0.wp.com\/www.24baires.com\/wp-content\/uploads\/2015\/03\/bossio3.jpg?w=560 560w, https:\/\/i0.wp.com\/www.24baires.com\/wp-content\/uploads\/2015\/03\/bossio3.jpg?resize=300%2C164 300w\" sizes=\"auto, (max-width: 560px) 100vw, 560px\" \/>El Director Ejecutivo de la ANSES recibi\u00f3 hoy a su sucesor en el cargo, con quien comparti\u00f3 informaci\u00f3n sobre los distintos programas de inclusi\u00f3n social que desarrolla el organismo.<!--more--><\/p>\n<p>Durante el encuentro que se realiz\u00f3 en la sede central de la ANSES \u00abBossio puso a disposici\u00f3n de Basavilbaso informaci\u00f3n sobre los programas de inclusi\u00f3n social que desarrolla el organismo, como PROCREAR, PROGRESAR, Asignaci\u00f3n Universal por Hijo, por Embarazo, Asignaciones Familiares, Conectar Igualdad, ARGENTA, entre otros, adem\u00e1s de interiorizar al pr\u00f3ximo titular sobre la nueva etapa de inclusi\u00f3n jubilatoria\u00bb, seg\u00fan se inform\u00f3 trav\u00e9s de un comunicado oficial.<\/p>\n<p>\u00abCuidar lo conseguido\u00bb. Bossio destac\u00f3 que \u201choy m\u00e1s que nunca es importante cuidar las pol\u00edticas de Estado que benefician a nuestros jubilados, y realizar un esfuerzo para consolidar los logros de la Seguridad Social. En ese sentido, estar\u00e9 siempre dispuesto a colaborar\u201d.<\/p>\n<p>Adem\u00e1s agreg\u00f3 que \u201ces necesario seguir trabajando desde el lugar que le toque a cada uno para que cada vez haya m\u00e1s inclusi\u00f3n y para que las pol\u00edticas que son altamente valoradas por la ciudadan\u00eda puedan seguir cumpliendo su rol social, como es el caso de las jubilaciones, las asignaciones familiares, progresar y PROCREAR\u201d.<\/p>\n<p>Basavilbaso, que asumir\u00e1 el 10 de diciembre, se mostr\u00f3 conforme con los resultados de la reuni\u00f3n y con la predisposici\u00f3n del equipo saliente, seg\u00fan se inform\u00f3.<\/p>\n","protected":false},"excerpt":{"rendered":"<p>El Director Ejecutivo de la ANSES recibi\u00f3 hoy a su sucesor en el cargo, con quien comparti\u00f3 informaci\u00f3n sobre los distintos programas de inclusi\u00f3n social que desarrolla el organismo.<\/p>\n","protected":false},"author":8,"featured_media":0,"comment_status":"open","ping_status":"open","sticky":false,"template":"","format":"standard","meta":{"_jetpack_newsletter_access":"","_jetpack_dont_email_post_to_subs":false,"_jetpack_newsletter_tier_id":0,"_jetpack_memberships_contains_paywalled_content":false,"_jetpack_memberships_contains_paid_content":false,"footnotes":""},"categories":[51],"tags":[],"class_list":["post-75967","post","type-post","status-publish","format-standard","hentry","category-politica"],"jetpack_shortlink":"https:\/\/wp.me\/p2JWE0-jLh","jetpack-related-posts":[{"id":39389,"url":"http:\/\/www.24baires.com\/?p=39389","url_meta":{"origin":75967,"position":0},"title":"\u00abNo permitiremos que se trunque el sue\u00f1o de la vivienda propia\u00bb, remarc\u00f3 Bossio","author":"GB","date":"28\/01\/2014","format":false,"excerpt":"El director ejecutivo de la Anses, Diego Bossio denunci\u00f3 la existencia de ataques especulativos en los precios de la construcci\u00f3n contra las familias que, a trav\u00e9s del Programa de Cr\u00e9dito Argentino (Procrear), est\u00e1n construyendo su primera casa. Indic\u00f3 que \u201ces necesario que el empresariado argentino y, sobre todo, los corralones\u2026","rel":"","context":"En \u00abPol\u00edtica\u00bb","block_context":{"text":"Pol\u00edtica","link":"http:\/\/www.24baires.com\/?cat=51"},"img":{"alt_text":"","src":"","width":0,"height":0},"classes":[]},{"id":43425,"url":"http:\/\/www.24baires.com\/?p=43425","url_meta":{"origin":75967,"position":1},"title":"Lincoln ya tiene su sede principal de ANSES","author":"Grupo Sierra","date":"07\/04\/2014","format":false,"excerpt":"El director Ejecutivo de la ANSES, Diego Bossio, visit\u00f3 Lincoln para presentar el nuevo espacio del organismo nacional. En ese marco, el funcionario asegur\u00f3 que \"existe un antes y un despu\u00e9s (de la aplicaci\u00f3n del plan) Conectar Igualdad en las aulas de nuestro pa\u00eds\". El director Ejecutivo de la ANSES,\u2026","rel":"","context":"En \u00abLocales\u00bb","block_context":{"text":"Locales","link":"http:\/\/www.24baires.com\/?cat=38"},"img":{"alt_text":"bossio procrear","src":"https:\/\/i0.wp.com\/www.24baires.com\/wp-content\/uploads\/2013\/11\/bossio-procrear-300x199.jpg?resize=350%2C200","width":350,"height":200},"classes":[]},{"id":61514,"url":"http:\/\/www.24baires.com\/?p=61514","url_meta":{"origin":75967,"position":2},"title":"Bossio no habla de elecciones pero ya recorre la Provincia","author":"Grupo Sierra","date":"09\/02\/2015","format":false,"excerpt":"El titular de la ANSES entreg\u00f3 jubilaciones por moratoria, firm\u00f3 convenios PRO.CRE.AR para la generaci\u00f3n de suelo urbano y otorg\u00f3 certificados de cr\u00e9dito hipotecario a familias en Lobos y Navarro, acompa\u00f1ado por Sobrero y Maggiotti. \u201cHace poco m\u00e1s de un d\u00e9cada, los argentinos est\u00e1bamos ante un pa\u00eds derrumbado, donde las\u2026","rel":"","context":"En \u00abProvincia\u00bb","block_context":{"text":"Provincia","link":"http:\/\/www.24baires.com\/?cat=40"},"img":{"alt_text":"bossio hurlingham","src":"https:\/\/i0.wp.com\/www.24baires.com\/wp-content\/uploads\/2014\/11\/bossio-hurlingham.jpg?resize=350%2C200","width":350,"height":200,"srcset":"https:\/\/i0.wp.com\/www.24baires.com\/wp-content\/uploads\/2014\/11\/bossio-hurlingham.jpg?resize=350%2C200 1x, https:\/\/i0.wp.com\/www.24baires.com\/wp-content\/uploads\/2014\/11\/bossio-hurlingham.jpg?resize=525%2C300 1.5x"},"classes":[]},{"id":57512,"url":"http:\/\/www.24baires.com\/?p=57512","url_meta":{"origin":75967,"position":3},"title":"Bossio recorri\u00f3 obras de desarrollo urban\u00edstico de Procrear en Tandil","author":"GB","date":"21\/11\/2014","format":false,"excerpt":"El titular de la Anses, Diego Bossio recorri\u00f3 el desarrollo urban\u00edstico de Procrear, firm\u00f3 un convenio para implementar una plataforma online para estudiantes Progresar y entreg\u00f3 290 nuevas jubilaciones por la moratoria previsional. El organismo inform\u00f3 que Bossio recorri\u00f3 el predio donde se est\u00e1 construyendo 628 viviendas -296 departamentos de\u2026","rel":"","context":"En \u00abMunicipios\u00bb","block_context":{"text":"Municipios","link":"http:\/\/www.24baires.com\/?cat=44"},"img":{"alt_text":"bossio","src":"https:\/\/i0.wp.com\/www.24baires.com\/wp-content\/uploads\/2012\/11\/bossio-300x225.jpg?resize=350%2C200","width":350,"height":200},"classes":[]},{"id":30268,"url":"http:\/\/www.24baires.com\/?p=30268","url_meta":{"origin":75967,"position":4},"title":"Insaurralde: \u00abEl sue\u00f1o de la casa propia hoy es una realidad porque el Estado est\u00e1 presente\u00bb","author":"AF","date":"16\/08\/2013","format":false,"excerpt":"El candidato a diputado nacional por el Frente para la Victoria, Mart\u00edn Insaurralde, destac\u00f3 el plan Procrear luego de reunirse con el director ejecutivo de la Anses, Diego Bossio. El candidato a diputado nacional por el Frente para la Victoria (FPV) e intendente de Lomas de Zamora, Mart\u00edn Insaurralde, asegur\u00f3\u2026","rel":"","context":"En \u00abPol\u00edtica\u00bb","block_context":{"text":"Pol\u00edtica","link":"http:\/\/www.24baires.com\/?cat=51"},"img":{"alt_text":"Insaurralde2","src":"https:\/\/i0.wp.com\/www.24baires.com\/wp-content\/uploads\/2013\/08\/Insaurralde2-300x199.jpg?resize=350%2C200","width":350,"height":200},"classes":[]},{"id":21512,"url":"http:\/\/www.24baires.com\/?p=21512","url_meta":{"origin":75967,"position":5},"title":"Argentina es el tercer pa\u00eds del mundo en invertir en tecnolog\u00eda educativa","author":"AF","date":"20\/04\/2013","format":false,"excerpt":"La Argentina es el tercer pa\u00eds -detr\u00e1s de Estados Unidos y China- que m\u00e1s invierte en tecnolog\u00eda educativa, fundamentalmente a trav\u00e9s del programa Conectar Igualdad, seg\u00fan informaron desde la Anses. Lo asegur\u00f3 su director, Diego Bossio, en un acto de entrega de unas 1400 netbooks en el partido de Moreno.\u2026","rel":"","context":"En \u00abTecnolog\u00eda\u00bb","block_context":{"text":"Tecnolog\u00eda","link":"http:\/\/www.24baires.com\/?cat=46"},"img":{"alt_text":"pc conectar igualdad","src":"https:\/\/i0.wp.com\/www.24baires.com\/wp-content\/uploads\/2013\/04\/pc-conectar-igualdad-300x190.jpg?resize=350%2C200","width":350,"height":200},"classes":[]}],"jetpack_sharing_enabled":true,"jetpack_likes_enabled":true,"jetpack_featured_media_url":"","_links":{"self":[{"href":"http:\/\/www.24baires.com\/index.php?rest_route=\/wp\/v2\/posts\/75967","targetHints":{"allow":["GET"]}}],"collection":[{"href":"http:\/\/www.24baires.com\/index.php?rest_route=\/wp\/v2\/posts"}],"about":[{"href":"http:\/\/www.24baires.com\/index.php?rest_route=\/wp\/v2\/types\/post"}],"author":[{"embeddable":true,"href":"http:\/\/www.24baires.com\/index.php?rest_route=\/wp\/v2\/users\/8"}],"replies":[{"embeddable":true,"href":"http:\/\/www.24baires.com\/index.php?rest_route=%2Fwp%2Fv2%2Fcomments&post=75967"}],"version-history":[{"count":2,"href":"http:\/\/www.24baires.com\/index.php?rest_route=\/wp\/v2\/posts\/75967\/revisions"}],"predecessor-version":[{"id":75980,"href":"http:\/\/www.24baires.com\/index.php?rest_route=\/wp\/v2\/posts\/75967\/revisions\/75980"}],"wp:attachment":[{"href":"http:\/\/www.24baires.com\/index.php?rest_route=%2Fwp%2Fv2%2Fmedia&parent=75967"}],"wp:term":[{"taxonomy":"category","embeddable":true,"href":"http:\/\/www.24baires.com\/index.php?rest_route=%2Fwp%2Fv2%2Fcategories&post=75967"},{"taxonomy":"post_tag","embeddable":true,"href":"http:\/\/www.24baires.com\/index.php?rest_route=%2Fwp%2Fv2%2Ftags&post=75967"}],"curies":[{"name":"wp","href":"https:\/\/api.w.org\/{rel}","templated":true}]}}