{"id":75964,"date":"2015-12-03T19:46:17","date_gmt":"2015-12-03T22:46:17","guid":{"rendered":"http:\/\/www.24baires.com\/?p=75964"},"modified":"2015-12-03T19:46:17","modified_gmt":"2015-12-03T22:46:17","slug":"buscan-quitar-la-patria-potestad-a-padres-femicidas","status":"publish","type":"post","link":"http:\/\/www.24baires.com\/?p=75964","title":{"rendered":"Buscan quitar la patria potestad a padres femicidas"},"content":{"rendered":"<p>La diputada Nacional del GEN, Virginia Linares, afirm\u00f3 que el proyecto de ley apunta a los derechos de \u201clas v\u00edctimas colaterales que son los hijos y las hijas\u201d.<!--more--><\/p>\n<p>La diputada Nacional del GEN, Virginia Linares, se refiri\u00f3 al proyecto de ley y remarc\u00f3 que el objetivo es \u201cla quita o la suspensi\u00f3n de la patria potestad a los padres que son femicidas. Hemos puesto como eje de trabajo a las v\u00edctimas colaterales que son los hijos y las hijas que se han quedado sin su madre, con el agravante de que el asesino es su padre, y despu\u00e9s de que el padre cumple su condena tienen que restituirse de alguna manera\u201d.<\/p>\n<p>Asimismo, la legisladora puntualiz\u00f3 que se toman en cuenta \u201clos derechos que tienen los ni\u00f1os a ser o\u00eddos, a poder estar acompa\u00f1ados con un abogado, para que su decisi\u00f3n sea una decisi\u00f3n que no est\u00e9 influenciada, sino que sea propia\u201d.<\/p>\n","protected":false},"excerpt":{"rendered":"<p>La diputada Nacional del GEN, Virginia Linares, afirm\u00f3 que el proyecto de ley apunta a los derechos de \u201clas v\u00edctimas colaterales que son los hijos y las hijas\u201d.<\/p>\n","protected":false},"author":8,"featured_media":0,"comment_status":"open","ping_status":"open","sticky":false,"template":"","format":"standard","meta":{"_jetpack_newsletter_access":"","_jetpack_dont_email_post_to_subs":false,"_jetpack_newsletter_tier_id":0,"_jetpack_memberships_contains_paywalled_content":false,"_jetpack_memberships_contains_paid_content":false,"footnotes":""},"categories":[51],"tags":[],"class_list":["post-75964","post","type-post","status-publish","format-standard","hentry","category-politica"],"jetpack_shortlink":"https:\/\/wp.me\/p2JWE0-jLe","jetpack-related-posts":[{"id":94111,"url":"http:\/\/www.24baires.com\/?p=94111","url_meta":{"origin":75964,"position":0},"title":"Diputados busca aprobar ley que restringe la patria potestad a femicidas","author":"AF","date":"26\/04\/2017","format":false,"excerpt":"El proyecto, que busca la privaci\u00f3n autom\u00e1tica de la responsabilidad parental a los femicidas, ya ten\u00eda la media sanci\u00f3n del Senado. La C\u00e1mara de Diputados se re\u00fane este mi\u00e9rcoles en sesi\u00f3n especial con la intenci\u00f3n de aprobar un proyecto de ley de privaci\u00f3n de la responsabilidad parental para femicidas. Adem\u00e1s,\u2026","rel":"","context":"En \u00abSociedad\u00bb","block_context":{"text":"Sociedad","link":"http:\/\/www.24baires.com\/?cat=1"},"img":{"alt_text":"","src":"https:\/\/i0.wp.com\/www.24baires.com\/wp-content\/uploads\/2016\/06\/ni-una-menos2.jpg?resize=350%2C200","width":350,"height":200,"srcset":"https:\/\/i0.wp.com\/www.24baires.com\/wp-content\/uploads\/2016\/06\/ni-una-menos2.jpg?resize=350%2C200 1x, https:\/\/i0.wp.com\/www.24baires.com\/wp-content\/uploads\/2016\/06\/ni-una-menos2.jpg?resize=525%2C300 1.5x"},"classes":[]},{"id":41656,"url":"http:\/\/www.24baires.com\/?p=41656","url_meta":{"origin":75964,"position":1},"title":"Cifras alarmantes: cada 30 horas asesinan a una mujer en Argentina","author":"Grupo Sierra","date":"06\/03\/2014","format":false,"excerpt":"Un informe de La Casa del Encuentro revel\u00f3 que en 2013 se produjeron 295 femicidios, la mayor\u00eda de ellos cometidos por parejas o ex parejas de las mujeres en las casas de las v\u00edctimas, un crimen que dej\u00f3 hu\u00e9rfanos a 405 ni\u00f1as y ni\u00f1os. Cada 30 horas una mujer es\u2026","rel":"","context":"En \u00abSociedad\u00bb","block_context":{"text":"Sociedad","link":"http:\/\/www.24baires.com\/?cat=1"},"img":{"alt_text":"","src":"","width":0,"height":0},"classes":[]},{"id":59972,"url":"http:\/\/www.24baires.com\/?p=59972","url_meta":{"origin":75964,"position":2},"title":"Por casos de femicidio, ocho ni\u00f1os quedan hu\u00e9rfanos por semana en el pa\u00eds","author":"GB","date":"12\/01\/2015","format":false,"excerpt":"As\u00ed lo establecer un informe elaborado por la organizaci\u00f3n La Casa del Encuentro. Agrega que los hu\u00e9rfanos, en muchos casos, no solo pierden a su madre, sino que se ven obligados a mantener contacto con el asesino. Los casos de asesinatos de mujeres o femicidios dejan a ocho hijos hu\u00e9rfanos,\u2026","rel":"","context":"En \u00abSociedad\u00bb","block_context":{"text":"Sociedad","link":"http:\/\/www.24baires.com\/?cat=1"},"img":{"alt_text":"","src":"","width":0,"height":0},"classes":[]},{"id":94985,"url":"http:\/\/www.24baires.com\/?p=94985","url_meta":{"origin":75964,"position":3},"title":"\u00abPerd\u00f3n, los quiero\u00bb, dijo Ferr\u00e9 a sus hijos","author":"GB","date":"05\/06\/2017","format":false,"excerpt":"El femicida aprovech\u00f3 el tiempo del que dispone en los alegatos para intentar conmover al jurado civil que ma\u00f1ana dar\u00e1 su veredicto. En 2015 Farr\u00e9 mat\u00f3 a su esposa, Claudia Schaefer, de 44 a\u00f1os, de 74 pu\u00f1aladas. Fernando Farr\u00e9, quien en 2015 mat\u00f3 de 74 pu\u00f1aladas a su mujer Claudia\u2026","rel":"","context":"En \u00abPoliciales\u00bb","block_context":{"text":"Policiales","link":"http:\/\/www.24baires.com\/?cat=49"},"img":{"alt_text":"","src":"https:\/\/i0.wp.com\/www.24baires.com\/wp-content\/uploads\/2015\/08\/farre.jpg?resize=350%2C200","width":350,"height":200,"srcset":"https:\/\/i0.wp.com\/www.24baires.com\/wp-content\/uploads\/2015\/08\/farre.jpg?resize=350%2C200 1x, https:\/\/i0.wp.com\/www.24baires.com\/wp-content\/uploads\/2015\/08\/farre.jpg?resize=525%2C300 1.5x"},"classes":[]},{"id":75625,"url":"http:\/\/www.24baires.com\/?p=75625","url_meta":{"origin":75964,"position":4},"title":"Se realiz\u00f3 la segunda marcha de \u201cNi Una Menos\u201d","author":"GB","date":"25\/11\/2015","format":false,"excerpt":"Las calles del pa\u00eds volvieron a colmarse de personas manifest\u00e1ndose contra la violencia de g\u00e9nero. La marcha fue en reclamo a los poderes estatales nacionales, provinciales y comunales de pol\u00edticas p\u00fablicas preventivas, de asistencia a las v\u00edctimas y de la \u201cp\u00e9rdida autom\u00e1tica de responsabilidad parental del femicida condenado\". La organizaci\u00f3n\u2026","rel":"","context":"En \u00abSociedad\u00bb","block_context":{"text":"Sociedad","link":"http:\/\/www.24baires.com\/?cat=1"},"img":{"alt_text":"","src":"https:\/\/i0.wp.com\/www.24baires.com\/wp-content\/uploads\/2015\/11\/ni-una-menos.jpg?resize=350%2C200","width":350,"height":200,"srcset":"https:\/\/i0.wp.com\/www.24baires.com\/wp-content\/uploads\/2015\/11\/ni-una-menos.jpg?resize=350%2C200 1x, https:\/\/i0.wp.com\/www.24baires.com\/wp-content\/uploads\/2015\/11\/ni-una-menos.jpg?resize=525%2C300 1.5x"},"classes":[]},{"id":46409,"url":"http:\/\/www.24baires.com\/?p=46409","url_meta":{"origin":75964,"position":5},"title":"Analizan prohibir las cirug\u00edas est\u00e9ticas para menores de 18 a\u00f1os","author":"Grupo Sierra","date":"20\/05\/2014","format":false,"excerpt":"La impulsora de la iniciativa asever\u00f3: \"Buscamos proteger a los adolescentes de estas presiones que llevan a la no aceptaci\u00f3n del propio cuerpo\". Se trata en la comisi\u00f3n de Familia, Ni\u00f1ez y Adolescencia de la C\u00e1mara de Diputados. Se emiti\u00f3 hoy dictamen sobre el proyecto que proh\u00edbe las cirug\u00edas est\u00e9ticas\u2026","rel":"","context":"En \u00abSociedad\u00bb","block_context":{"text":"Sociedad","link":"http:\/\/www.24baires.com\/?cat=1"},"img":{"alt_text":"cirug\u00eda","src":"https:\/\/i0.wp.com\/www.24baires.com\/wp-content\/uploads\/2014\/03\/cirug%C3%ADa-300x202.jpg?resize=350%2C200","width":350,"height":200},"classes":[]}],"jetpack_sharing_enabled":true,"jetpack_likes_enabled":true,"jetpack_featured_media_url":"","_links":{"self":[{"href":"http:\/\/www.24baires.com\/index.php?rest_route=\/wp\/v2\/posts\/75964","targetHints":{"allow":["GET"]}}],"collection":[{"href":"http:\/\/www.24baires.com\/index.php?rest_route=\/wp\/v2\/posts"}],"about":[{"href":"http:\/\/www.24baires.com\/index.php?rest_route=\/wp\/v2\/types\/post"}],"author":[{"embeddable":true,"href":"http:\/\/www.24baires.com\/index.php?rest_route=\/wp\/v2\/users\/8"}],"replies":[{"embeddable":true,"href":"http:\/\/www.24baires.com\/index.php?rest_route=%2Fwp%2Fv2%2Fcomments&post=75964"}],"version-history":[{"count":1,"href":"http:\/\/www.24baires.com\/index.php?rest_route=\/wp\/v2\/posts\/75964\/revisions"}],"predecessor-version":[{"id":75965,"href":"http:\/\/www.24baires.com\/index.php?rest_route=\/wp\/v2\/posts\/75964\/revisions\/75965"}],"wp:attachment":[{"href":"http:\/\/www.24baires.com\/index.php?rest_route=%2Fwp%2Fv2%2Fmedia&parent=75964"}],"wp:term":[{"taxonomy":"category","embeddable":true,"href":"http:\/\/www.24baires.com\/index.php?rest_route=%2Fwp%2Fv2%2Fcategories&post=75964"},{"taxonomy":"post_tag","embeddable":true,"href":"http:\/\/www.24baires.com\/index.php?rest_route=%2Fwp%2Fv2%2Ftags&post=75964"}],"curies":[{"name":"wp","href":"https:\/\/api.w.org\/{rel}","templated":true}]}}