{"id":75957,"date":"2015-12-03T18:41:43","date_gmt":"2015-12-03T21:41:43","guid":{"rendered":"http:\/\/www.24baires.com\/?p=75957"},"modified":"2015-12-03T18:41:43","modified_gmt":"2015-12-03T21:41:43","slug":"tras-la-renuncia-de-de-narvaez-asume-rucci-en-su-lugar","status":"publish","type":"post","link":"http:\/\/www.24baires.com\/?p=75957","title":{"rendered":"Tras la renuncia de De N\u00e1rvaez, asume Rucci en su lugar"},"content":{"rendered":"<p><img data-recalc-dims=\"1\" loading=\"lazy\" decoding=\"async\" class=\"aligncenter size-full wp-image-75958\" src=\"https:\/\/i0.wp.com\/www.24baires.com\/wp-content\/uploads\/2015\/12\/claudia-rucci.jpg?resize=560%2C384\" alt=\"claudia rucci\" width=\"560\" height=\"384\" srcset=\"https:\/\/i0.wp.com\/www.24baires.com\/wp-content\/uploads\/2015\/12\/claudia-rucci.jpg?w=560 560w, https:\/\/i0.wp.com\/www.24baires.com\/wp-content\/uploads\/2015\/12\/claudia-rucci.jpg?resize=300%2C206 300w\" sizes=\"auto, (max-width: 560px) 100vw, 560px\" \/>La dirigente peronista Claudia Rucci confirm\u00f3 que asumir\u00e1 en su banca de diputada nacional hasta 2017 en lugar de Francisco de Narv\u00e1ez, quien renunci\u00f3 este jueves por \u00abmotivos estrictamente personales\u00bb.<!--more--><\/p>\n<p>\u00abS\u00ed, voy a asumir\u00bb, dijo Rucci a NA en una conversaci\u00f3n telef\u00f3nica y afirm\u00f3 que hac\u00eda apenas unos minutos que se hab\u00eda enterado de la noticia de la dimisi\u00f3n de De Narv\u00e1ez, que fue elegido diputado nacional en 2013 y a quien le segu\u00eda en la lista de candidatos por la provincia de Buenos Aires del espacio Uni\u00f3n Celeste y Blanco.<\/p>\n<p>Nota Relacionada: De Narv\u00e1ez renunci\u00f3 a la C\u00e1mara de Diputados: ten\u00eda mandato hasta 2017<br \/>\nConsultada sobre si se sumar\u00e1 al bloque de diputados nacionales de Uni\u00f3n por C\u00f3rdoba, que tendr\u00e1 cinco bancas a partir del jueves 10, la dirigente senal\u00f3: \u00abTodav\u00eda no hablamos nada de eso. Lo voy a hablar con (el gobernador de C\u00f3rdoba, Jos\u00e9 Manuel) De la Sota\u00bb.<\/p>\n<p>Rucci se desempe\u00f1aba como directora de la Loter\u00eda de C\u00f3rdoba, cargo al que ya hab\u00eda renunciado con anterioridad a la noticia de la dimisi\u00f3n de De Narv\u00e1ez.<\/p>\n<p>&nbsp;<\/p>\n<p>&nbsp;<\/p>\n<p>&nbsp;<\/p>\n<p>&nbsp;<\/p>\n<p>&nbsp;<\/p>\n<p>&nbsp;<\/p>\n<p>&nbsp;<\/p>\n<p>&nbsp;<\/p>\n<p>&nbsp;<\/p>\n<p>&nbsp;<\/p>\n<p>&nbsp;<\/p>\n<p>&nbsp;<\/p>\n","protected":false},"excerpt":{"rendered":"<p>La dirigente peronista Claudia Rucci confirm\u00f3 que asumir\u00e1 en su banca de diputada nacional hasta 2017 en lugar de Francisco de Narv\u00e1ez, quien renunci\u00f3 este jueves por \u00abmotivos estrictamente personales\u00bb.<\/p>\n","protected":false},"author":8,"featured_media":0,"comment_status":"open","ping_status":"open","sticky":false,"template":"","format":"standard","meta":{"_jetpack_newsletter_access":"","_jetpack_dont_email_post_to_subs":false,"_jetpack_newsletter_tier_id":0,"_jetpack_memberships_contains_paywalled_content":false,"_jetpack_memberships_contains_paid_content":false,"footnotes":""},"categories":[51],"tags":[],"class_list":["post-75957","post","type-post","status-publish","format-standard","hentry","category-politica"],"jetpack_shortlink":"https:\/\/wp.me\/p2JWE0-jL7","jetpack-related-posts":[{"id":22389,"url":"http:\/\/www.24baires.com\/?p=22389","url_meta":{"origin":75957,"position":0},"title":"El peronismo disidente se lanz\u00f3 en C\u00f3rdoba con un acto y un \u00abdocumento fundacional\u00bb","author":"Grupo Sierra","date":"01\/05\/2013","format":false,"excerpt":"C\u00d3RDOBA.- Dirigentes peronistas disidentes, encabezados por el gobernador Jos\u00e9 Manuel de la Sota y el titular de la CGT Azopardo, Hugo Moyano, concretaron un acto hoy en C\u00f3rdoba por el D\u00eda del Trabajador, ocasi\u00f3n en la que rindieron homenaje al ex secretario general de la central sindical, Jos\u00e9 Ignacio Rucci,\u2026","rel":"","context":"En \u00abPol\u00edtica\u00bb","block_context":{"text":"Pol\u00edtica","link":"http:\/\/www.24baires.com\/?cat=51"},"img":{"alt_text":"","src":"","width":0,"height":0},"classes":[]},{"id":26684,"url":"http:\/\/www.24baires.com\/?p=26684","url_meta":{"origin":75957,"position":1},"title":"De Narv\u00e1ez sin el apoyo sciolista tuvo que buscar reparo en Moyano y De la Sota","author":"Grupo Sierra","date":"23\/06\/2013","format":false,"excerpt":"El hombre que le gan\u00f3 a N\u00e9stor Kirchner en 2009 parece parece hoy apenas un reflejo opaco de aquella imagen. Sin Macri y sin Sol\u00e1, que lo acompa\u00f1aron entonces, y sin la presencia de la sciolista 'La Juan Domingo' en sus listas, el empresario trab\u00f3 alianza con la CGT disidente\u2026","rel":"","context":"En \u00abPol\u00edtica\u00bb","block_context":{"text":"Pol\u00edtica","link":"http:\/\/www.24baires.com\/?cat=51"},"img":{"alt_text":"lavagna moyano x de narv\u00e1ez","src":"https:\/\/i0.wp.com\/www.24baires.com\/wp-content\/uploads\/2013\/05\/lavagna-moyano-x-de-narv%C3%A1ez.jpg?resize=350%2C200","width":350,"height":200,"srcset":"https:\/\/i0.wp.com\/www.24baires.com\/wp-content\/uploads\/2013\/05\/lavagna-moyano-x-de-narv%C3%A1ez.jpg?resize=350%2C200 1x, https:\/\/i0.wp.com\/www.24baires.com\/wp-content\/uploads\/2013\/05\/lavagna-moyano-x-de-narv%C3%A1ez.jpg?resize=525%2C300 1.5x"},"classes":[]},{"id":26669,"url":"http:\/\/www.24baires.com\/?p=26669","url_meta":{"origin":75957,"position":2},"title":"As\u00ed qued\u00f3 el mapa electoral para las primarias en la Provincia de Buenos Aires","author":"Grupo Sierra","date":"23\/06\/2013","format":false,"excerpt":"Las fuerzas pol\u00edticas y alianzas electorales terminaron de dise\u00f1ar anoche las candidaturas de las 35 bancas que se deben renovar en la C\u00e1mara de Diputados de la Naci\u00f3n. Insaurralde, Massa, De Narv\u00e1ez y Stolbizer son los principales competidores por la provincia de Buenos Aires para las internas del 11 de\u2026","rel":"","context":"En \u00abPol\u00edtica\u00bb","block_context":{"text":"Pol\u00edtica","link":"http:\/\/www.24baires.com\/?cat=51"},"img":{"alt_text":"","src":"https:\/\/i0.wp.com\/www.24baires.com\/wp-content\/uploads\/2013\/06\/paso-candidatos.jpg?resize=350%2C200","width":350,"height":200,"srcset":"https:\/\/i0.wp.com\/www.24baires.com\/wp-content\/uploads\/2013\/06\/paso-candidatos.jpg?resize=350%2C200 1x, https:\/\/i0.wp.com\/www.24baires.com\/wp-content\/uploads\/2013\/06\/paso-candidatos.jpg?resize=525%2C300 1.5x"},"classes":[]},{"id":22088,"url":"http:\/\/www.24baires.com\/?p=22088","url_meta":{"origin":75957,"position":3},"title":"Sol\u00e1 lanz\u00f3 su candidatura y se arm\u00f3 un partido propio","author":"Grupo Sierra","date":"28\/04\/2013","format":false,"excerpt":"Ir\u00e1 por la reelecci\u00f3n como diputado en las pr\u00f3ximas elecciones. Reivindic\u00f3 su condici\u00f3n \u201cno kirchnerista\u201d y critic\u00f3 a De Narv\u00e1ez. Comparaciones con Venezuela. Tambi\u00e9n habl\u00f3, sin nombrarlo, de su ex aliado Franciso de Narv\u00e1ez, al parafrasear su slogan: \u201cNo es ella o vos, somos todos\u201d. \u00a0 \u00a0 Una de las\u2026","rel":"","context":"En \u00abPol\u00edtica\u00bb","block_context":{"text":"Pol\u00edtica","link":"http:\/\/www.24baires.com\/?cat=51"},"img":{"alt_text":"sola_felipe_acto","src":"https:\/\/i0.wp.com\/www.24baires.com\/wp-content\/uploads\/2013\/04\/sola_felipe_acto.jpg?resize=350%2C200","width":350,"height":200},"classes":[]},{"id":88234,"url":"http:\/\/www.24baires.com\/?p=88234","url_meta":{"origin":75957,"position":4},"title":"Claudia Rucci: \u00abCon el asesinato de mi padre, Montoneros fue funcional al proceso del &#8217;76\u00bb","author":"AF","date":"03\/10\/2016","format":false,"excerpt":"La diputada nacional Claudia Rucci (UNA-Buenos Aires) reclam\u00f3 que el asesinato de su padre, el sindicalista Jos\u00e9 Ignacio Rucci, muerto en 1973 presuntamente por la organizaci\u00f3n Montoneros, sea declarado un delito de \u201clesa humanidad\u201d y por lo tanto imprescriptible, y asegur\u00f3 que ese atentado \u201cabri\u00f3 la puerta y fue funcional\u2026","rel":"","context":"En \u00abPol\u00edtica\u00bb","block_context":{"text":"Pol\u00edtica","link":"http:\/\/www.24baires.com\/?cat=51"},"img":{"alt_text":"","src":"https:\/\/i0.wp.com\/www.24baires.com\/wp-content\/uploads\/2016\/10\/rucci1.jpg?resize=350%2C200","width":350,"height":200,"srcset":"https:\/\/i0.wp.com\/www.24baires.com\/wp-content\/uploads\/2016\/10\/rucci1.jpg?resize=350%2C200 1x, https:\/\/i0.wp.com\/www.24baires.com\/wp-content\/uploads\/2016\/10\/rucci1.jpg?resize=525%2C300 1.5x"},"classes":[]},{"id":361,"url":"http:\/\/www.24baires.com\/?p=361","url_meta":{"origin":75957,"position":5},"title":"\u201cLa Juan Domingo\u201d marcha y apoya a Claudia Rucci en el pedido de esclarecimiento del asesinato de su padre","author":"Grupo Sierra","date":"24\/09\/2012","format":false,"excerpt":"La Agrupaci\u00f3n sciolista \u201cLa Juan Domingo\u201d apoy\u00f3 el pedido de la diputada nacional Claudia Rucci para reclamar la reapertura de la causa por la muerte de su padre Jos\u00e9 Ignacio Rucci y este martes marchar\u00e1 a los Tribunales de Comodoro Py. \u00a0El mes pasado el Juez Federal Ariel Lijo decidi\u00f3\u2026","rel":"","context":"En \u00abPol\u00edtica\u00bb","block_context":{"text":"Pol\u00edtica","link":"http:\/\/www.24baires.com\/?cat=51"},"img":{"alt_text":"","src":"https:\/\/i0.wp.com\/www.24baires.com\/wp-content\/uploads\/2012\/09\/rucci-claudia-300x268.jpg?resize=350%2C200","width":350,"height":200},"classes":[]}],"jetpack_sharing_enabled":true,"jetpack_likes_enabled":true,"jetpack_featured_media_url":"","_links":{"self":[{"href":"http:\/\/www.24baires.com\/index.php?rest_route=\/wp\/v2\/posts\/75957","targetHints":{"allow":["GET"]}}],"collection":[{"href":"http:\/\/www.24baires.com\/index.php?rest_route=\/wp\/v2\/posts"}],"about":[{"href":"http:\/\/www.24baires.com\/index.php?rest_route=\/wp\/v2\/types\/post"}],"author":[{"embeddable":true,"href":"http:\/\/www.24baires.com\/index.php?rest_route=\/wp\/v2\/users\/8"}],"replies":[{"embeddable":true,"href":"http:\/\/www.24baires.com\/index.php?rest_route=%2Fwp%2Fv2%2Fcomments&post=75957"}],"version-history":[{"count":1,"href":"http:\/\/www.24baires.com\/index.php?rest_route=\/wp\/v2\/posts\/75957\/revisions"}],"predecessor-version":[{"id":75959,"href":"http:\/\/www.24baires.com\/index.php?rest_route=\/wp\/v2\/posts\/75957\/revisions\/75959"}],"wp:attachment":[{"href":"http:\/\/www.24baires.com\/index.php?rest_route=%2Fwp%2Fv2%2Fmedia&parent=75957"}],"wp:term":[{"taxonomy":"category","embeddable":true,"href":"http:\/\/www.24baires.com\/index.php?rest_route=%2Fwp%2Fv2%2Fcategories&post=75957"},{"taxonomy":"post_tag","embeddable":true,"href":"http:\/\/www.24baires.com\/index.php?rest_route=%2Fwp%2Fv2%2Ftags&post=75957"}],"curies":[{"name":"wp","href":"https:\/\/api.w.org\/{rel}","templated":true}]}}