{"id":75954,"date":"2015-12-03T18:00:40","date_gmt":"2015-12-03T21:00:40","guid":{"rendered":"http:\/\/www.24baires.com\/?p=75954"},"modified":"2015-12-03T17:56:30","modified_gmt":"2015-12-03T20:56:30","slug":"juraron-los-24-senadores-electos-en-una-sesion-especial","status":"publish","type":"post","link":"http:\/\/www.24baires.com\/?p=75954","title":{"rendered":"Juraron los 24 senadores electos en una sesi\u00f3n especial"},"content":{"rendered":"<p>Los 24 senadores nacionales que fueron electos en los comicios de octubre en 8 provincias juraron hoy en una sesi\u00f3n especial, en la que tambi\u00e9n se eligi\u00f3 a las nuevas autoridades del cuerpo.<!--more--><\/p>\n<p>Entre los datos salientes de la jornada se destacaron los reconocimientos de todos los bloques al vicepresidente Boudou, quien deja su cargo el 10 de diciembre, y las palabras de reconocimiento mutuos que se dedicaron en nombre de sus respectivos bloques, el jefe de los senadores kirchneristas, Miguel Pichetto; y la vicepresidenta electa Gabriela Michetti, tras las negociaciones que mantuvieron a la hora de definir a las nuevas autoridades de la C\u00e1mara.<\/p>\n<p>En el inicio de la ceremonia, se aceptaron las renuncias de los senadores del Frente para la Victoria por Santa Cruz, Pablo Gonz\u00e1lez (electo vicegobernador); y de la senadora por Tierra del Fuego (FPV), Rosana Bertone (electa gobernadora de ese distrito).<\/p>\n<p>Acto seguido, se tom\u00f3 juramento a quienes reemplazar\u00e1n a los senadores que renunciaron: Federico Pinedo (PRO-CABA), en lugar del electo vicejefe de gobierno porte\u00f1o Diego Santilli.<\/p>\n<p>El ex diputado nacional del PRO, Pinedo ser\u00e1 no s\u00f3lo presidente provisional del Senado, un puesto clave en la sucesi\u00f3n presidencial, sino tambi\u00e9n presidente del bloque PRO, que conformar\u00e1 a su vez un interbloque con la UCR, espacio que ser\u00e1 presidido por el chaque\u00f1o radical Angel Rozas.<\/p>\n<p>Tambi\u00e9n juraron el senador electo por Tierra del Fuego (FPV) Jos\u00e9 Ojeda; la senadora por Santa Cruz (FPV) Virginia Mar\u00eda Garc\u00eda; la senadora por Jujuy (UCR), Silvia Giacoppo, quien reemplaza a Gerardo Morales electo gobernador.<\/p>\n<p>Boudou tom\u00f3 luego juramento a los senadores por Catamarca: In\u00e9s Blas y Dalmacio Mera, por el FPV; y el radical Oscar Castillo; a los cordobeses Carlos Caserio (PJ disidente), Heriberto Mart\u00ednez y Laura Rodr\u00edguez Machado (Cambiemos) y a los correntinos Ana Almir\u00f3n, quien jur\u00f3 por N\u00e9stor y Cristina (Fern\u00e1ndez de) Kirchner; al representante de Encuentro por Corrientes, Pedro Braillard Poccard, y a Carlos Esp\u00ednola por FPV.<\/p>\n<p>Siguieron los chubutenses Nancy Gonz\u00e1lez y Juan Mario Pais, por el FpV y el peronista disidente Alfredo Luenzo; los pampeanos Daniel Lovera y Norma Durango (peronismo no kirchnerista) y Juan Carlos Marino, radical; y los radicales mendocinos Julio Cobos y Pamela Verasay, junto con Anabel Fern\u00e1ndez Sagasti, del FpV, quien jur\u00f3 \u00abpor el pueblo de Mendoza y por la memoria de N\u00e9stor Kirchner\u00bb.<\/p>\n<p>Por Santa Fe, juraron los kirchneristas Mar\u00eda de los Angeles Sacnum, quien jur\u00f3 por \u00abPer\u00f3n, Evita, N\u00e9stor Kirchner y por la vida de los compa\u00f1eros que dejaron todo en pos de la liberaci\u00f3n nacional\u00bb; y Omar Perotti.<\/p>\n<p>Luego jur\u00f3 el peronista disidente Carlos Reutemann, y los senadores por Tucum\u00e1n, Jos\u00e9 Alperovich y Beatriz Mirkin (FpV), quien jur\u00f3 por su provincia, la Patria, las amas de casa y su honor; y la radical Silvia El\u00edas de P\u00e9rez.<\/p>\n<p>En el tramo final de la sesi\u00f3n hubo un reconocimiento y palabras de despedida de parte de todos los bloques para el vicepresidente Amado Boudou, quien concluye su mandato el 10 de diciembre.<\/p>\n<p>Pichetto resalt\u00f3 \u00absu tarea como presidente del Senado, la relaci\u00f3n personal y buena que han construido con todos los integrantes de la C\u00e1mara, el trato igualitario\u00bb y despidi\u00f3 tambi\u00e9n a Juan Zabaleta, el actual secretario administrativo, electo intendente de Hurlingham por el kirchnerismo.<\/p>\n<p>\u00abA ambos -dijo Pichetto en alusi\u00f3n a Boudou y a Zabaleta, los despedimos y les decimos que siempre estar\u00e1n las puertas abiertas para recibirlos cuando ustedes lo quieran\u00bb.<\/p>\n<p>A las palabras de Pichetto se sumaron los representantes del resto de los bloques, incluso el del radicalismo y el peronismo disidente pese a que han pedido innumerables veces que Boudou dejara su puesto por las denuncias judiciales en su contra y esta vez le dedicaron palabras elogiosas.<\/p>\n<p>Entre los invitados especiales a la ceremonia, adem\u00e1s de familiares de los legisladores, estuvieron los gobernadores de Salta, Juan Manuel Urtubey; de Tierra del Fuego, la reci\u00e9n renunciada Rosana Bertone; el mandatario electo por Cambiemos de Mendoza, Alfredo Cornejo; de Tucum\u00e1n, Jos\u00e9 Manzur, y el presidente de la C\u00e1mara de Diputados, Juli\u00e1n Dom\u00ednguez.<\/p>\n","protected":false},"excerpt":{"rendered":"<p>Los 24 senadores nacionales que fueron electos en los comicios de octubre en 8 provincias juraron hoy en una sesi\u00f3n especial, en la que tambi\u00e9n se eligi\u00f3 a las nuevas autoridades del cuerpo.<\/p>\n","protected":false},"author":8,"featured_media":0,"comment_status":"open","ping_status":"open","sticky":false,"template":"","format":"standard","meta":{"_jetpack_newsletter_access":"","_jetpack_dont_email_post_to_subs":false,"_jetpack_newsletter_tier_id":0,"_jetpack_memberships_contains_paywalled_content":false,"_jetpack_memberships_contains_paid_content":false,"footnotes":""},"categories":[51],"tags":[],"class_list":["post-75954","post","type-post","status-publish","format-standard","hentry","category-politica"],"jetpack_shortlink":"https:\/\/wp.me\/p2JWE0-jL4","jetpack-related-posts":[{"id":120726,"url":"http:\/\/www.24baires.com\/?p=120726","url_meta":{"origin":75954,"position":0},"title":"Cristina se despidi\u00f3 de los trabajadores del Senado","author":"AF","date":"05\/12\/2023","format":false,"excerpt":"El encuentro de la Vicepresidenta con trabajadores del Senado de la Naci\u00f3n se realiz\u00f3 este martes en el edificio anexo de la C\u00e1mara alta. Este jueves Cristina Kirchner tomar\u00e1 juramento a los senadores electos y el pr\u00f3ximo domingo abrir\u00e1 la Asamblea Legislativa para la asunci\u00f3n del nuevo gobierno. La vicepresidenta\u2026","rel":"","context":"En \u00abPol\u00edtica\u00bb","block_context":{"text":"Pol\u00edtica","link":"http:\/\/www.24baires.com\/?cat=51"},"img":{"alt_text":"","src":"https:\/\/i0.wp.com\/www.24baires.com\/wp-content\/uploads\/2023\/12\/cfk.jpg?resize=350%2C200","width":350,"height":200,"srcset":"https:\/\/i0.wp.com\/www.24baires.com\/wp-content\/uploads\/2023\/12\/cfk.jpg?resize=350%2C200 1x, https:\/\/i0.wp.com\/www.24baires.com\/wp-content\/uploads\/2023\/12\/cfk.jpg?resize=525%2C300 1.5x, https:\/\/i0.wp.com\/www.24baires.com\/wp-content\/uploads\/2023\/12\/cfk.jpg?resize=700%2C400 2x, https:\/\/i0.wp.com\/www.24baires.com\/wp-content\/uploads\/2023\/12\/cfk.jpg?resize=1050%2C600 3x"},"classes":[]},{"id":113309,"url":"http:\/\/www.24baires.com\/?p=113309","url_meta":{"origin":75954,"position":1},"title":"Confirmado: Teresa Garc\u00eda ser\u00e1 ministra de Gobierno de Kicillof","author":"GB","date":"09\/12\/2019","format":false,"excerpt":"A horas de que el gobernador electo, Axel Kicillof presente la conformaci\u00f3n de su Gabinete, se conoci\u00f3 que la espada legislativa del economista ocupar\u00e1 un lugar clave. De cara a la asunci\u00f3n formal, trascendi\u00f3 que la presidenta del bloque de senadores provinciales de Unidad Ciudadana, Teresa Garc\u00eda, ser\u00e1 la ministra\u2026","rel":"","context":"En \u00abPol\u00edtica\u00bb","block_context":{"text":"Pol\u00edtica","link":"http:\/\/www.24baires.com\/?cat=51"},"img":{"alt_text":"","src":"","width":0,"height":0},"classes":[]},{"id":99226,"url":"http:\/\/www.24baires.com\/?p=99226","url_meta":{"origin":75954,"position":2},"title":"Juraron los legisladores bonaerenses","author":"GB","date":"06\/12\/2017","format":false,"excerpt":"Los nuevos diputados y senadores provinciales asumieron formalmente sus cargos. Tambi\u00e9n se eligieron las autoridades de las C\u00e1maras. Los diputados y senadores bonaerenses electos en los comicios legislativos del 22 de octubre juraron ayer en un acto en la Legislatura provincial, en la ciudad de La Plata. En el Senado\u2026","rel":"","context":"En \u00abProvincia\u00bb","block_context":{"text":"Provincia","link":"http:\/\/www.24baires.com\/?cat=40"},"img":{"alt_text":"","src":"https:\/\/i0.wp.com\/www.24baires.com\/wp-content\/uploads\/2017\/12\/diputados-bonaerenses.jpg?resize=350%2C200","width":350,"height":200,"srcset":"https:\/\/i0.wp.com\/www.24baires.com\/wp-content\/uploads\/2017\/12\/diputados-bonaerenses.jpg?resize=350%2C200 1x, https:\/\/i0.wp.com\/www.24baires.com\/wp-content\/uploads\/2017\/12\/diputados-bonaerenses.jpg?resize=525%2C300 1.5x"},"classes":[]},{"id":111351,"url":"http:\/\/www.24baires.com\/?p=111351","url_meta":{"origin":75954,"position":3},"title":"U\u00f1ac y Gioja recibieron a Cristina en San Juan","author":"AF","date":"26\/07\/2019","format":false,"excerpt":"El gobernador electo y el presidente del Partido Justicialista se mostraron con la precandidata a vicepresidenta por el Frente de Todos. Tambi\u00e9n estaba la senadora Anabel Fern\u00e1ndez Sagasti, candidata a gobernadora de Mendoza. Minutos antes de la presentaci\u00f3n en el microestadio \"Aldo Cantoni\", la precandidata a vicepresidenta por el Frente\u2026","rel":"","context":"En \u00abPol\u00edtica\u00bb","block_context":{"text":"Pol\u00edtica","link":"http:\/\/www.24baires.com\/?cat=51"},"img":{"alt_text":"","src":"https:\/\/i0.wp.com\/www.24baires.com\/wp-content\/uploads\/2019\/07\/cristina-san-juan.jpg?resize=350%2C200","width":350,"height":200,"srcset":"https:\/\/i0.wp.com\/www.24baires.com\/wp-content\/uploads\/2019\/07\/cristina-san-juan.jpg?resize=350%2C200 1x, https:\/\/i0.wp.com\/www.24baires.com\/wp-content\/uploads\/2019\/07\/cristina-san-juan.jpg?resize=525%2C300 1.5x"},"classes":[]},{"id":99059,"url":"http:\/\/www.24baires.com\/?p=99059","url_meta":{"origin":75954,"position":4},"title":"Jur\u00f3 Cristina Kirchner como senadora","author":"GB","date":"29\/11\/2017","format":false,"excerpt":"La ex Presidenta ingres\u00f3 a la C\u00e1mara Alta por el bloque de Unidad Ciudadana. Cristina Kirchner jur\u00f3 como senadora en la C\u00e1mara Alta: las im\u00e1genes del momento donde la ex Presidenta realiza la jura. \"S\u00ed, juro\", as\u00ed de sencilla y solemne fue la frase de la jura de la candidata\u2026","rel":"","context":"En \u00abPol\u00edtica\u00bb","block_context":{"text":"Pol\u00edtica","link":"http:\/\/www.24baires.com\/?cat=51"},"img":{"alt_text":"","src":"https:\/\/i0.wp.com\/www.24baires.com\/wp-content\/uploads\/2017\/11\/jura-cristina.jpg?resize=350%2C200","width":350,"height":200,"srcset":"https:\/\/i0.wp.com\/www.24baires.com\/wp-content\/uploads\/2017\/11\/jura-cristina.jpg?resize=350%2C200 1x, https:\/\/i0.wp.com\/www.24baires.com\/wp-content\/uploads\/2017\/11\/jura-cristina.jpg?resize=525%2C300 1.5x"},"classes":[]},{"id":122265,"url":"http:\/\/www.24baires.com\/?p=122265","url_meta":{"origin":75954,"position":5},"title":"El Senado rechaz\u00f3 Ficha Limpia","author":"GB","date":"08\/05\/2025","format":false,"excerpt":"El proyecto impulsado por La Libertad Avanza no alcanz\u00f3 los votos necesarios tras un debate marcado por tensiones y acusaciones cruzadas. Tras una jornada cargada de tensi\u00f3n pol\u00edtica y m\u00e1s de 40 discursos, el Senado de la Naci\u00f3n no logr\u00f3 aprobar el proyecto de ley de Ficha Limpia, que buscaba\u2026","rel":"","context":"En \u00abPol\u00edtica\u00bb","block_context":{"text":"Pol\u00edtica","link":"http:\/\/www.24baires.com\/?cat=51"},"img":{"alt_text":"","src":"https:\/\/i0.wp.com\/www.24baires.com\/wp-content\/uploads\/2024\/06\/senado-sesion-ley-basesjpg.webp?resize=350%2C200","width":350,"height":200,"srcset":"https:\/\/i0.wp.com\/www.24baires.com\/wp-content\/uploads\/2024\/06\/senado-sesion-ley-basesjpg.webp?resize=350%2C200 1x, https:\/\/i0.wp.com\/www.24baires.com\/wp-content\/uploads\/2024\/06\/senado-sesion-ley-basesjpg.webp?resize=525%2C300 1.5x, https:\/\/i0.wp.com\/www.24baires.com\/wp-content\/uploads\/2024\/06\/senado-sesion-ley-basesjpg.webp?resize=700%2C400 2x"},"classes":[]}],"jetpack_sharing_enabled":true,"jetpack_likes_enabled":true,"jetpack_featured_media_url":"","_links":{"self":[{"href":"http:\/\/www.24baires.com\/index.php?rest_route=\/wp\/v2\/posts\/75954","targetHints":{"allow":["GET"]}}],"collection":[{"href":"http:\/\/www.24baires.com\/index.php?rest_route=\/wp\/v2\/posts"}],"about":[{"href":"http:\/\/www.24baires.com\/index.php?rest_route=\/wp\/v2\/types\/post"}],"author":[{"embeddable":true,"href":"http:\/\/www.24baires.com\/index.php?rest_route=\/wp\/v2\/users\/8"}],"replies":[{"embeddable":true,"href":"http:\/\/www.24baires.com\/index.php?rest_route=%2Fwp%2Fv2%2Fcomments&post=75954"}],"version-history":[{"count":1,"href":"http:\/\/www.24baires.com\/index.php?rest_route=\/wp\/v2\/posts\/75954\/revisions"}],"predecessor-version":[{"id":75955,"href":"http:\/\/www.24baires.com\/index.php?rest_route=\/wp\/v2\/posts\/75954\/revisions\/75955"}],"wp:attachment":[{"href":"http:\/\/www.24baires.com\/index.php?rest_route=%2Fwp%2Fv2%2Fmedia&parent=75954"}],"wp:term":[{"taxonomy":"category","embeddable":true,"href":"http:\/\/www.24baires.com\/index.php?rest_route=%2Fwp%2Fv2%2Fcategories&post=75954"},{"taxonomy":"post_tag","embeddable":true,"href":"http:\/\/www.24baires.com\/index.php?rest_route=%2Fwp%2Fv2%2Ftags&post=75954"}],"curies":[{"name":"wp","href":"https:\/\/api.w.org\/{rel}","templated":true}]}}